{"id":147348,"date":"2020-05-29T00:00:45","date_gmt":"2020-05-28T22:00:45","guid":{"rendered":"https:\/\/online.smago.de\/ws2\/?p=147348"},"modified":"2020-05-28T21:58:25","modified_gmt":"2020-05-28T19:58:25","slug":"smago-informiert-was-rettet-die-musik","status":"publish","type":"post","link":"https:\/\/smago.de\/ws2\/smago-informiert\/smago-informiert-was-rettet-die-musik\/","title":{"rendered":"smago! INFORMIERT <br>Was rettet die Musik?"},"content":{"rendered":"<p>MDR KULTUR diskutiert Zukunftschancen von Konzert, Festival und Co.!<br \/>\n<!--more--><\/p>\n<p>&nbsp;<\/p>\n<p>&nbsp;<\/p>\n<p style=\"text-align: justify;\">Dresdner Musikfestspiele, Rudolstadt-Festival, Reeperbahn Festival oder Moritzburg Festival: Egal ob bei Klassik, Club- oder Weltmusik, die gro\u00dfen deutschen Musikevents bangen um ihre Zukunft. Bei MDR KULTUR suchen jetzt namhafte Festival- und Konzertveranstalter in der Corona-Krise gemeinsam L\u00f6sungen, um den Musikbetrieb\u00a0 zu retten. Die 2. Digitale Zukunftswerkstatt ist am 2. Juni, ab 18.00 Uhr, bei mdrkultur.de im Livestream zu sehen.<\/p>\n<div class=\"paragraph \" style=\"text-align: justify;\">\n<p class=\"text\">Kreative Wege aus der Corona-Krise und neue Perspektiven f\u00fcr die Kulturbranche aufzeigen, das will die am 18. Mai gestartete digitale Zukunftswerkstatt von MDR KULTUR. Das neue, regelm\u00e4\u00dfige Web-Format, das Macherinnen und Macher interdisziplin\u00e4r vernetzt, bringt nach dem Auftakt mit Theater-Vertretern, diesmal hochrangige Expertinnen und Experten aus der Musikwirtschaft zusammen.<\/p>\n<\/div>\n<div class=\"paragraph \" style=\"text-align: justify;\">\n<p class=\"text\"><strong>Alexander Schulz<\/strong>, Gesch\u00e4ftsf\u00fchrer <strong>Reeperbahn Festival<\/strong>, w\u00fcnscht sich, dass die Musik \u201ekulturpolitisch einen anderen Stellenwert bekommt. Ernste Musik, wie die Klassik hat das schon, aber die Popul\u00e4rmusik noch lange nicht.\u201c F\u00fcr die Musikmanagerin <strong>Simone Dake<\/strong>, Direktorin <strong>Rudolstadt-Festival<\/strong>, \u201ehebt sich das Rudolstadt-Festival durch die weltweit kulturelle Bandbreite innerhalb der Festivallandschaft in Deutschland ab.\u00a0Dies bringt schon immer eine inhaltliche und organisatorische Auseinandersetzung mit dem Weltgeschehen mit sich. Nun kommt sicher ein weiterer Aspekt hinzu.\u201c <strong>Jan Vogler<\/strong>, Intendant der <strong>Dresdner Musikfestspiele<\/strong> und K\u00fcnstlerischer Leiter des <strong>Moritzburg Festivals<\/strong>, hat nach der Corona-bedingten Absage der Dresdner Musikfestspiele ein 24-st\u00fcndiges Online-Konzert durchgef\u00fchrt. \u201eWir haben so Publikum und K\u00fcnstler noch n\u00e4her zusammengebracht und schnell gelernt, wie man ein Online-Festival zusammensetzt. Das k\u00f6nnte f\u00fcr die Zukunft sehr wertvoll sein.\u201c<\/p>\n<\/div>\n<div class=\"paragraph \" style=\"text-align: justify;\">\n<p class=\"text\">Die MDR KULTUR-Zukunftsgespr\u00e4che werden live im Video-Stream auf mdrkultur.de sowie in den Social-Media-Profilen von MDR KULTUR ausgestrahlt. Zuschauerinnen und Zuschauer haben dabei die M\u00f6glichkeit, \u00fcber Kommentarfunktionen Fragen zu stellen, die in die Live-Diskussion einflie\u00dfen. Das Gespr\u00e4ch wird zudem zeitnah im Kulturradio ausgestrahlt. Dar\u00fcber hinaus werden im Nachgang \u00a0alle Thesen, Meinungen und besprochenen Konzepte auf allen Plattformen von MDR KULTUR journalistisch ausgewertet und publiziert.<\/p>\n<\/div>\n<div class=\"paragraph \" style=\"text-align: justify;\">\n<p class=\"text\">In der digitalen Zukunftswerkstatt \u00a0zum Thema \u201eFestivals, Konzertveranstalter und Musikclubs\u201c diskutieren am<strong> 2. Juni<\/strong> <strong>von 18.00 Uhr bis 19.30 Uhr<\/strong>:<\/p>\n<p>&nbsp;<\/p>\n<\/div>\n<div class=\"paragraph \" style=\"text-align: justify;\">\n<ul>\n<li>Alexander Schulz, Leiter Reeperbahn Festival in Hamburg<\/li>\n<li>Matthias Winkler, Konzertveranstalter, Hallenbetreiber und Gesch\u00e4ftsf\u00fchrer der MAWI-Concert GmbH<\/li>\n<li>Jan Vogler, Musiker, Initiator des Moritzburg Festivals und Intendant der Dresdner Musikfestspiele<\/li>\n<li>Simone Dake, Musikmanagerin und Direktorin Rudolstadt-Festival<\/li>\n<\/ul>\n<p>&nbsp;<\/p>\n<\/div>\n<div class=\"paragraph \" style=\"text-align: justify;\">\n<p class=\"text\"><strong>Moderation:<\/strong> Reinhard B\u00e4renz<\/p>\n<\/div>\n<div class=\"paragraph \">\n<p>&nbsp;<\/p>\n<p>&nbsp;<\/p>\n<p style=\"text-align: justify;\">\n<p style=\"text-align: justify;\">Weitere MDR KULTUR-Zukunftswerkst\u00e4tten werden zeitnah folgen. Geplante Themen sind u.a. \u201eZukunft der Kinos und Filmwirtschaft\u201c, \u201eLiteratur ohne Lesung \u2013 B\u00fccher ohne Messe?\u201c und \u201eChor und Orchester \u2013 Gemeinsam musizieren mit Abstand?\u201c<\/p>\n<\/div>\n","protected":false},"excerpt":{"rendered":"<p>MDR KULTUR diskutiert Zukunftschancen von Konzert, Festival und Co.!<\/p>\n","protected":false},"author":2,"featured_media":51685,"comment_status":"open","ping_status":"closed","sticky":false,"template":"","format":"standard","meta":{"_FSMCFIC_featured_image_caption":"","_FSMCFIC_featured_image_nocaption":"","_FSMCFIC_featured_image_hide":""},"categories":[33],"tags":[60],"acf":[],"_links":{"self":[{"href":"https:\/\/smago.de\/ws2\/wp-json\/wp\/v2\/posts\/147348"}],"collection":[{"href":"https:\/\/smago.de\/ws2\/wp-json\/wp\/v2\/posts"}],"about":[{"href":"https:\/\/smago.de\/ws2\/wp-json\/wp\/v2\/types\/post"}],"author":[{"embeddable":true,"href":"https:\/\/smago.de\/ws2\/wp-json\/wp\/v2\/users\/2"}],"replies":[{"embeddable":true,"href":"https:\/\/smago.de\/ws2\/wp-json\/wp\/v2\/comments?post=147348"}],"version-history":[{"count":2,"href":"https:\/\/smago.de\/ws2\/wp-json\/wp\/v2\/posts\/147348\/revisions"}],"predecessor-version":[{"id":147350,"href":"https:\/\/smago.de\/ws2\/wp-json\/wp\/v2\/posts\/147348\/revisions\/147350"}],"wp:featuredmedia":[{"embeddable":true,"href":"https:\/\/smago.de\/ws2\/wp-json\/wp\/v2\/media\/51685"}],"wp:attachment":[{"href":"https:\/\/smago.de\/ws2\/wp-json\/wp\/v2\/media?parent=147348"}],"wp:term":[{"taxonomy":"category","embeddable":true,"href":"https:\/\/smago.de\/ws2\/wp-json\/wp\/v2\/categories?post=147348"},{"taxonomy":"post_tag","embeddable":true,"href":"https:\/\/smago.de\/ws2\/wp-json\/wp\/v2\/tags?post=147348"}],"curies":[{"name":"wp","href":"https:\/\/api.w.org\/{rel}","templated":true}]}}