{"id":147175,"date":"2020-05-25T00:00:01","date_gmt":"2020-05-24T22:00:01","guid":{"rendered":"https:\/\/online.smago.de\/ws2\/?p=147175"},"modified":"2020-05-24T09:57:08","modified_gmt":"2020-05-24T07:57:08","slug":"more-than-words","status":"publish","type":"post","link":"https:\/\/smago.de\/ws2\/country\/more-than-words\/","title":{"rendered":"&#8222;MORE THAN WORDS&#8220;  feat. FLORIAN SILBEREISEN und RAMON ROSELLY <br>Stefanie Hertel, Lanny Lanner und Johanna Mross im &#8222;Riverboat&#8220; Interview!"},"content":{"rendered":"<p style=\"text-align: justify;\">&#8222;Eine schrecklich nette Familie&#8220;, k\u00f6nnte man sagen &#8230;! Und: Auch Florian Silbereisen und Ramon Roselly schalteten sich bisweilen in das Gespr\u00e4ch mit ein &#8230;:<br \/>\n<!--more--><\/p>\n<p>&nbsp;<\/p>\n<p>&nbsp;<\/p>\n<p style=\"text-align: justify;\"><b class=\"\">Kim Fisher: Was ist die nervigste Geschichte zwischen Mama Stefanie und Dir?\u00a0<\/b><\/p>\n<div class=\"\">\n<div class=\"\" dir=\"auto\">\n<div class=\"\" dir=\"auto\">\n<div class=\"\" style=\"text-align: justify;\">\n<div class=\"\">\n<div class=\"\" dir=\"auto\">\n<div class=\"\" dir=\"auto\">\n<div class=\"\"><strong>Stefanie Hertel:<\/strong> Wenn ich sage \u201eWas hast denn du heute wieder f\u00fcr einen Fummel an?\u201c<\/div>\n<div class=\"\"><strong><br \/>\nJohana Mross:<\/strong> Das stimmt. Mit Jogginghose den ganzen Tag herum rennen ist nicht. Ich bin gerne auch mal ein Mensch, der mit Schlafanzug am Fr\u00fchst\u00fcckstisch sitzt.<\/div>\n<div class=\"\">Das geht gar nicht bei meiner Mama.<\/div>\n<div class=\"\"><strong><br \/>\nStefanie Hertel:<\/strong> Nein, das geht auch nicht, ehrlich. Wenn wir gemeinsam fr\u00fchst\u00fccken wollen und dann sitzt sie im Schlafanzug am Fr\u00fchst\u00fcckstisch: Nein, ehrlich. Das geht nicht.<\/div>\n<div class=\"\"><\/div>\n<div class=\"\">\n<p><b class=\"\">Kim Fisher: Der Lanny hat Dir, Johanna, das Gitarre spielen beigebracht, oder?<\/b><\/p>\n<p>&nbsp;<\/p>\n<\/div>\n<div class=\"\"><strong>Johanna Mross:<\/strong> Ich hatte vorher wirklich nie richtig die Liebe zur Musik f\u00fcr mich gefunden. Ich habe Musik geh\u00f6rt, ja, aber nie gesungen oder nur mal Klavier gespielt. Dann aber hat der Lanny mir eine Gitarre geschenkt und ich habe mich einfach damit begleitet. Sp\u00e4ter hat Lanny mir das Spielen richtig beigebracht. Ich war zwar manchmal auf Tour dabei, aber eigentlich war ich Zuhause und habe mit Oma ein ganz normales Kinderleben gef\u00fchrt. Wir haben die Volksmusik-Shows angesehen und ich habe sie geliebt. Aber ich hatte nie so wirklich Lust auf die B\u00fchne. Ich wollte lieber Tier\u00e4rztin werden, oder Modedesigner oder irgend so etwas. Und dann kam die Gitarre und ich dachte: Macht doch eigentlich ganz sch\u00f6n Spa\u00df.<\/div>\n<div class=\"\"><\/div>\n<div class=\"\"><strong>Stefanie Hertel:<\/strong> Die Johanna wollte ja auch heraus gehalten werden aus dem ganzen Business, das haben wir ja auch \u00fcber Jahre erfolgreich hinweg praktiziert. Und dann kam aber der Moment, wo sie selbst gesagt hat, dass sie gern mal mit auf die B\u00fchne m\u00f6chte &#8211; oder auf den roten Teppich. Aber das kam so sp\u00e4t, ich h\u00e4tte das vor f\u00fcnf Jahren noch nicht gedacht, ehrlich.<\/div>\n<div class=\"\"><\/div>\n<div class=\"\">\n<p><b class=\"\">Kim Fisher: Johanna, Du hast ja auch gleich richtig zugeschlagen. Einer Deiner ersten Auftritte war in Paris?<\/b><\/p>\n<p>&nbsp;<\/p>\n<\/div>\n<div class=\"\"><strong>Johanna:<\/strong> Das war tats\u00e4chlich der zweite Auftritt in Paris, ja. Der erste war in Luxemburg, ein kleiner Club, ungef\u00e4hr 1.000 Leute. Mir ist m\u00e4chtig die D\u00fcse gegangen, aber es war super. Lanny war Support-Act auf der Tour von Bonnie Tyler und hat uns mitgenommen. Ich war sehr aufgeregt. Der Lanny und ich, wir haben uns angesehen und ich sagte: Ja, ich rock das Ding! Aber: Ich hatte die Gitarre nicht verkabelt. Ich spiele und singe los und der Techniker war ganz nerv\u00f6s, suchte und guckte und zeigte mir dann: Einst\u00f6pseln! Ich habe das dann ganz locker gemacht, als wenn ich das schon 3.000 Mal gemacht habe.<\/div>\n<div class=\"\"><\/div>\n<div class=\"\">\n<p><strong>Stefanie Hertel:<\/strong> Und dabei einfach weiter gesungen \u2026 ganz l\u00e4ssig \u2026<\/p>\n<\/div>\n<div class=\"\"><strong>Lanny Lanner:<\/strong> Sie hat keine Silbe Text ausgelassen und jeden Schlag auf der Gitarre gespielt.<\/div>\n<div class=\"\"><\/div>\n<div class=\"\"><strong>Johanna Mross:<\/strong> Ich habe mich dann tausendmal bei allen Menschen entschuldigt, die damit Stress hatten, weil ich meine Gitarre nicht eingesteckt hatte.<\/div>\n<div class=\"\"><\/div>\n<div class=\"\"><b class=\"\">Kim Fisher:Wie sieht es denn bei Dir mit Lampenfieber aus?\u00a0<\/b><\/div>\n<div class=\"\"><strong>Johanna Mross:<\/strong> Es geht. Sehr aufgeregt war ich 2017 bei der \u201eGoldenen Henne\u201c, als ich das erste Mal \u00fcber den roten Teppich gelaufen bin und in der \u00d6ffentlichkeit war. Das war schon sehr \u2026 also ganz sch\u00f6n huiiiii, muss ich sagen. Und dann das zweite Mal im Olympia in Paris beim Auftritt. Seitdem ist es weg.<\/div>\n<div class=\"\"><\/div>\n<div class=\"\"><strong>Florian Silbereisen:<\/strong> Ich habe das bis heute extrem, das Lampenfieber. Bl\u00f6derweise. Jeder ist da anders gepolt, aber bei mir ist es schon echt verr\u00fcckt. Wenn ich wieder live auf die B\u00fchne raus muss, bin ich schon echt nerv\u00f6s.<\/div>\n<div class=\"\"><\/div>\n<div class=\"\"><strong>Ramon Roselly:<\/strong> Es sagen viele, man hat es mir bei DSDS nicht angemerkt. Aber ich war so nerv\u00f6s jedes Mal.<\/div>\n<div class=\"\"><\/div>\n<div class=\"\"><b class=\"\">Kim Fisher: Stefanie, die Lieder von Rainhard Fendrich haben Dich und Lanny zusammen gef\u00fchrt, oder?\u00a0<\/b><\/div>\n<div class=\"\"><strong>Stefanie Hertel:<\/strong> Wir wurden engagiert f\u00fcr eine Fernsehsendung und ich habe ihn als Gitarristen empfohlen bekommen. Wir sa\u00dfen dann also beim \u00dcben gemeinsam in einem Raum. Der Auftritt versp\u00e4tete sich dann und Lanny fing an, herum zu klimpern. Er stimmte dann Rainhard Fendrich an und Florian, du kannst das best\u00e4tigen: Ich bin ein riesengro\u00dfer Rainhard Fendrich-Fan.<\/div>\n<div class=\"\"><\/div>\n<div class=\"\"><strong>Florian Silbereisen:<\/strong> Oh ja, das verbindet uns extrem.<\/div>\n<div class=\"\"><\/div>\n<div class=\"\"><strong>Stefanie Hertel:<\/strong> Wir sa\u00dfen n\u00e4chtelang zusammen und haben Lieder von Rainhard Fendrich gesungen. Als wir Teenies waren.<\/div>\n<div class=\"\"><\/div>\n<div class=\"\"><strong>Florian Silbereisen:<\/strong> Ja, das stimmt, gerne gesungen und geh\u00f6rt.<\/div>\n<div class=\"\"><\/div>\n<div class=\"\"><strong>Stefanie Hertel:<\/strong> Los, stimm doch mal eins an, \u201eMacho, Macho\u201c?<\/div>\n<div class=\"\"><\/div>\n<div class=\"\"><strong>Florian Silbereisen:<\/strong> Ja, los, komm.<\/div>\n<div class=\"\"><\/div>\n<div class=\"\"><b class=\"\"><br \/>\n<span style=\"color: #ff0000;\">Sehen Sie <a style=\"color: #ff0000;\" href=\"https:\/\/www.facebook.com\/MDRriverboat\/videos\/689843644921244\/\">HIER<\/a> den Video-Link!<\/span><\/b><\/div>\n<\/div>\n<\/div>\n<\/div>\n<\/div>\n<\/div>\n<\/div>\n<\/div>\n<div class=\"\">\n<div class=\"\" dir=\"auto\">\n<div class=\"\" dir=\"auto\">\n<div class=\"\" style=\"text-align: justify;\"><\/div>\n<div class=\"\" style=\"text-align: justify;\"><strong>Johanna, stimmt die Geschichte, dass du ab und zu mit deinem Cousin Stefanie (Hertel) und Stefan (Mross) gespielt hast?<\/strong><\/div>\n<div class=\"\" style=\"text-align: justify;\"><strong><br \/>\nJohanna Mross:<\/strong> Ja, es gibt tats\u00e4chlich eine Episode: Auf einer Hochzeit hatte ich ein wei\u00dfes Kleid an, mein Cousin einen Anzug und dann haben wir Walzer getanzt. Und haben Hochzeit gefeiert.<\/div>\n<div class=\"\" style=\"text-align: justify;\"><\/div>\n<div class=\"\" style=\"text-align: justify;\"><strong>Florian Silbereisen:<\/strong> Wir waren so viele Tourneen gemeinsam unterwegs. Wir waren immer die J\u00fcngsten in diesem Schlagerzirkus. Unglaublich tolle Zeiten, die wir nie vergessen werden.<\/div>\n<div class=\"\" style=\"text-align: justify;\"><\/div>\n<div class=\"\" style=\"text-align: justify;\">\n<p><b class=\"\">Kim Fisher: Habt ihr auch mal Mist gebaut?<\/b><\/p>\n<p><strong>Florian Silbereisen:<\/strong> Mist? Nein.<\/p>\n<\/div>\n<div class=\"\" style=\"text-align: justify;\"><strong>Stefanie Hertel:<\/strong> Also Florian war sowieso immer ein ganz Braver.<\/div>\n<div><\/div>\n<div class=\"\" style=\"text-align: justify;\"><strong>Florian Silbereisen:<\/strong> Ja genau, wir waren immer brav und anst\u00e4ndig und immer fr\u00fch im Bett. Im wahrsten Sinne des Wortes\u2026 <em>(alle lachen)<\/em> Es war doch f\u00fcr uns auch ein gro\u00dfer Spielplatz.<\/div>\n<div><\/div>\n<div class=\"\" style=\"text-align: justify;\"><strong>Stefanie Hertel:<\/strong> Wir haben uns kennen gelernt in einem riesengro\u00dfen Festzelt. Dort habe ich gespielt und dort hat der Veranstalter gesagt: Da ist so ein kleiner Junge, der spielt mit seiner Steirischen vor dir. Und dann kam Florian und hat tats\u00e4chlich das Zelt gerockt. Die Leute sind ausgerastet und ich habe mir gedacht: Was ist das denn da f\u00fcr ein toller Bub. Ich war ja selbst erst 12 oder 13 Jahre alt.<\/div>\n<div class=\"\" style=\"text-align: justify;\"><b class=\"\"><br \/>\nKim Fisher: Ich h\u00e4tte mich sofort in ihn verliebt\u2026<\/b><\/div>\n<div class=\"\" style=\"text-align: justify;\">\n<p><strong>Florian Silbereisen:<\/strong> Ich wei\u00df nicht, ob ich da zum Verlieben geeignet war <em>(lacht).<\/em><\/p>\n<\/div>\n<div class=\"\" style=\"text-align: justify;\"><strong>Stefanie Hertel:<\/strong> Verliebt? Nee. Aber wir haben uns immer sehr, sehr gemocht.<\/div>\n<div class=\"\" style=\"text-align: justify;\"><strong><br \/>\nFlorian Silbereisen:<\/strong> Na, die M\u00e4dels damals haben sich doch immer in die \u00e4lteren Jungs verliebt, ich war ja damals der Kleine <em>(lacht).<\/em><\/div>\n<\/div>\n<\/div>\n<\/div>\n","protected":false},"excerpt":{"rendered":"<p>&#8222;Eine schrecklich nette Familie&#8220;, k\u00f6nnte man sagen &#8230;! Und: Auch Florian Silbereisen und Ramon Roselly schalteten sich bisweilen in das<\/p>\n","protected":false},"author":2,"featured_media":144865,"comment_status":"open","ping_status":"closed","sticky":false,"template":"","format":"standard","meta":{"_FSMCFIC_featured_image_caption":"","_FSMCFIC_featured_image_nocaption":"","_FSMCFIC_featured_image_hide":""},"categories":[4,29,39],"tags":[144,1557,988,1255,1465,91],"acf":[],"_links":{"self":[{"href":"https:\/\/smago.de\/ws2\/wp-json\/wp\/v2\/posts\/147175"}],"collection":[{"href":"https:\/\/smago.de\/ws2\/wp-json\/wp\/v2\/posts"}],"about":[{"href":"https:\/\/smago.de\/ws2\/wp-json\/wp\/v2\/types\/post"}],"author":[{"embeddable":true,"href":"https:\/\/smago.de\/ws2\/wp-json\/wp\/v2\/users\/2"}],"replies":[{"embeddable":true,"href":"https:\/\/smago.de\/ws2\/wp-json\/wp\/v2\/comments?post=147175"}],"version-history":[{"count":5,"href":"https:\/\/smago.de\/ws2\/wp-json\/wp\/v2\/posts\/147175\/revisions"}],"predecessor-version":[{"id":147203,"href":"https:\/\/smago.de\/ws2\/wp-json\/wp\/v2\/posts\/147175\/revisions\/147203"}],"wp:featuredmedia":[{"embeddable":true,"href":"https:\/\/smago.de\/ws2\/wp-json\/wp\/v2\/media\/144865"}],"wp:attachment":[{"href":"https:\/\/smago.de\/ws2\/wp-json\/wp\/v2\/media?parent=147175"}],"wp:term":[{"taxonomy":"category","embeddable":true,"href":"https:\/\/smago.de\/ws2\/wp-json\/wp\/v2\/categories?post=147175"},{"taxonomy":"post_tag","embeddable":true,"href":"https:\/\/smago.de\/ws2\/wp-json\/wp\/v2\/tags?post=147175"}],"curies":[{"name":"wp","href":"https:\/\/api.w.org\/{rel}","templated":true}]}}