{"id":146676,"date":"2020-05-14T10:44:34","date_gmt":"2020-05-14T08:44:34","guid":{"rendered":"https:\/\/online.smago.de\/ws2\/?p=146676"},"modified":"2020-05-14T10:44:34","modified_gmt":"2020-05-14T08:44:34","slug":"achim-petry-mutig-mutig-achim-petry-liest-den-schlager-und-promi-portalen-die-leviten","status":"publish","type":"post","link":"https:\/\/smago.de\/ws2\/uncategorized\/achim-petry-mutig-mutig-achim-petry-liest-den-schlager-und-promi-portalen-die-leviten\/","title":{"rendered":"ACHIM PETRY <br>Mutig, mutig: Achim Petry liest den &#8222;Schlager- und Promi-Portalen&#8220; die Leviten!"},"content":{"rendered":"<p><strong><em>smago!<\/em> <\/strong>tangieren seine Aussagen zum Gl\u00fcck nur ganz am Rande &#8230;!<br \/>\n<!--more--><\/p>\n<p>&nbsp;<\/p>\n<p>&nbsp;<\/p>\n<p style=\"text-align: justify;\"><em>Liebe Schlager- und Promi-Portale,<\/em><\/p>\n<p><em>ich hab da mal ne Frage:<br \/>\n<\/em><br \/>\n<em>Wollt ihr der Kulturbranche eigentlich einen auswischen?<\/em><br \/>\n<em><br \/>\nWas haben wir euch getan?<\/em><br \/>\n<em><br \/>\nVor allem schadet ihr nicht nur den Musikern und S\u00e4ngern, die ihr mal wahrheitsgem\u00e4\u00df Portr\u00e4tiert, oder wie ganz oft auch nicht! Das w\u00e4re aber ein anderes Thema und hab ich ja schon \u00f6fter behandelt (angebliche Demenz meines Vaters und die angebliche Misshandlung durch meinen Vater).<\/em><br \/>\n<em><br \/>\nWenn dem nicht so ist, dann muss ich wirklich sagen, dass ihr selten bescheuert agiert!<\/em><br \/>\n<em><br \/>\nWORUM GEHT ES GENAU:<\/em><br \/>\n<em><br \/>\nIn einer Zeit, in der eine ganze Branche um das nackte \u00dcberleben k\u00e4mpft (Musiker, Veranstalter, Caterer, Security, Fahrservice, Agenturen, Techniker, Messebauer, und, und, und&#8230; die Liste ist einfach zu lang, den an unserer Branche h\u00e4ngt wirklich ein riesen Schwanz dran, den man durch Gastro, Hotel, Taxi, und, und, und&#8230; erweitern k\u00f6nnte), da wir, die eben Erw\u00e4hnten, uns von Monat zu Monat hangeln, und definitiv auf Hilfszahlungen vom Staat angewiesen sind, denn selbst wenn man mit einem optimistischen Auge die Situation \u00fcberblickt, werden wir noch MINDESTENS weitere 2-3 Monate KOMPLETTEN VERDIENSTAUSFALL haben, und ihr habt nichts besseres zu tun, als einen Beitrag rauszuhauen, in dem ein Pietro Lombardi sagt: In einem guten Monat verdiene ich eine Millionen Euro???<br \/>\n<\/em><br \/>\n<em>Die Intelligenz die hinter dieser Aussage steht, will ich mal gar nicht hinterfragen, da mir nicht bekannt ist ob diese Aussage nicht schon vor der Krise get\u00e4tigt wurde oder mittendrin (es sei ihm geg\u00f6nnt und ist mir auch eigentlich recht egal, wobei ich sagen muss, dass ich beide F\u00e4lle nicht so wirklich, sagen wir mal, &#8222;durchdacht&#8220; f\u00e4nde&#8230; Bin halt anders erzogen&#8230;).<br \/>\n<\/em><br \/>\n<em>Ihr torpediert also gerade die Versuche staatliche Hilfen zu erweitern, denn ich kenne kaum jemanden, der \u00fcber ein halbes Jahr, oder gar l\u00e4nger, ohne Einkommen auskommt!<br \/>\n<\/em><br \/>\n<em>Und dann wird sich auch noch unter einem Post gewundert, der den offenen Brief eines Mitglieds der Gruppe Voxxclub thematisiert und genau diesen Inhalt hat, dass die Menschen sich eher kritisch zur Forderung der Branche auf Hilfen \u00e4u\u00dfern?<br \/>\n<\/em><br \/>\n<em>Also ich wundere mich nicht!<br \/>\n<\/em><br \/>\n<em>Denn ihr untergrabt alle Bem\u00fchungen, auch der \u00d6ffentlichkeit klar zu machen, dass hier ein Zweig der Wirtschaft den Bach runtergeht, der auf Rangliste zwei!!! steht!<\/em><br \/>\n<em><br \/>\nMal ganz ab von dem kulturellen Verlust!<\/em><br \/>\n<em><br \/>\nH\u00e4tte man denn nicht warten k\u00f6nnen mit dem Beitrag von Pietro Lombardi? Oder wenigstens NACHDENKEN k\u00f6nnen!!!<\/em><br \/>\n<em><br \/>\nDenn so wird in der Gesellschaft ein Bild geschaffen, dass jeglicher Realit\u00e4t entbehrt! Es wird fast schon ein Feindbild aufgebaut, dass dazu f\u00fchren wird, das Vert\u00e4ndniss f\u00fcr den &#8222;Hilferuf&#8220; auf Null zu senken!<\/em><br \/>\n<em><br \/>\nDie Realit\u00e4t ist n\u00e4mlich eine ganz andere: Es gibt Musiker, Techniker, Security, Caterer, etc, die (oh Wunder) KEINE MILLIONEN verdienen! Die Realit\u00e4t ist sogar Dimensionen davon entfernt! Und selbst bei S\u00e4ngern und Veranstaltern ist das (Ohhh&#8230; Wunder)<br \/>\nauch nicht der Regelfall!!!<\/em><br \/>\n<em><br \/>\nAuch wenn es f\u00fcr eure Portale oft besser ist eine bunte Scheinwelt zu malen, m\u00f6chte ich gerne die Selbige ein wenig demontieren! Es gibt unz\u00e4hlige K\u00fcnstler, die von Monat zu Monat leben und keine R\u00fccklagen bilden k\u00f6nnen (selbst wenn sie wollen, und schon gar nicht f\u00fcr ein halbes Jahr oder l\u00e4nger)!<\/em><br \/>\n<em><br \/>\nDie Ergebnisse eurer &#8222;ach so tollen&#8220; Arbeit spiegelt sich bereits in den Kommentarspalten unter den Posts (wie in denen, wo der offene Brief des Voxxclub S\u00e4ngers thematisiert wird, und auch anderen) wieder!<br \/>\n<\/em><br \/>\n<em>Danke f\u00fcr diesen B\u00e4rendienst, den ihr einer ganzen Branche leistet, denn die Akzeptanz f\u00fcr Hilfen in der Kulturbranche beginnt bei den Menschen die Kultur konsumieren! WIR HABEN AU\u00dfER DIESEN MENSCHEN N\u00c4MLICH KEINE LOBBY!!!<br \/>\n<\/em><br \/>\n<em>Und ihr sch\u00e4digt, durch jeden \u00e4hnlichen Artikel, die Branche! Nicht nur dass&#8230; letztlich sch\u00e4digt ihr euch auch selbst! Doch denke ich, dass euch das zu abstrakt ist!<br \/>\n<\/em><br \/>\n<em>In diesem Sinne&#8230;<\/em><br \/>\n<em><br \/>\nN\u00e4chstes mal w\u00e4re es super, wenn ihr das Ding zwischen euren Ohren einschaltet, bevor ihr sowas postet&#8230;<br \/>\n<\/em><br \/>\n<em>Ihr seid n\u00e4mlich keine Investigativ-Journalisten, die ein politisches Thema raushauen m\u00fcssen, das gesellschaftliche Tragweite hat&#8230;<\/em><br \/>\n<em><br \/>\nIhr seid Unterhaltung!<\/em><br \/>\n<em><br \/>\nDa kann man auch zweimal \u00fcberlegen, ob man den Artikel, den man gerade verfasst hat, erst mal bringt, wenn es sinnvoll (oder auch nicht) ist!<\/em><br \/>\n<em><br \/>\nJeder sollte in Krisenzeiten sein Hirn benutzen&#8230;<\/em><br \/>\n<em><br \/>\nIhr seid da echt nicht ausgenommen!<\/em><br \/>\n<em><br \/>\nMacht es gut&#8230;<\/em><br \/>\n<em><br \/>\nBis zum n\u00e4chsten gek\u00fcrzten Interview!<\/em><br \/>\n<em><\/p>\n<p>Euer Achim Petry<\/em><br \/>\n<em><\/p>\n<p>PS: Liebe Leser,<\/em><br \/>\n<em><br \/>\nIhr d\u00fcrft gerne die Portale verlinken, wo ihr solche oder \u00e4hnliche Post seht!<\/em><br \/>\n<em><br \/>\nIch hab einfach keinen Bock mehr darauf!<\/em><\/p>\n","protected":false},"excerpt":{"rendered":"<p>smago! tangieren seine Aussagen zum Gl\u00fcck nur ganz am Rande &#8230;!<\/p>\n","protected":false},"author":2,"featured_media":138514,"comment_status":"open","ping_status":"closed","sticky":false,"template":"","format":"standard","meta":{"_FSMCFIC_featured_image_caption":"","_FSMCFIC_featured_image_nocaption":"","_FSMCFIC_featured_image_hide":""},"categories":[1],"tags":[1258],"acf":[],"_links":{"self":[{"href":"https:\/\/smago.de\/ws2\/wp-json\/wp\/v2\/posts\/146676"}],"collection":[{"href":"https:\/\/smago.de\/ws2\/wp-json\/wp\/v2\/posts"}],"about":[{"href":"https:\/\/smago.de\/ws2\/wp-json\/wp\/v2\/types\/post"}],"author":[{"embeddable":true,"href":"https:\/\/smago.de\/ws2\/wp-json\/wp\/v2\/users\/2"}],"replies":[{"embeddable":true,"href":"https:\/\/smago.de\/ws2\/wp-json\/wp\/v2\/comments?post=146676"}],"version-history":[{"count":1,"href":"https:\/\/smago.de\/ws2\/wp-json\/wp\/v2\/posts\/146676\/revisions"}],"predecessor-version":[{"id":146677,"href":"https:\/\/smago.de\/ws2\/wp-json\/wp\/v2\/posts\/146676\/revisions\/146677"}],"wp:featuredmedia":[{"embeddable":true,"href":"https:\/\/smago.de\/ws2\/wp-json\/wp\/v2\/media\/138514"}],"wp:attachment":[{"href":"https:\/\/smago.de\/ws2\/wp-json\/wp\/v2\/media?parent=146676"}],"wp:term":[{"taxonomy":"category","embeddable":true,"href":"https:\/\/smago.de\/ws2\/wp-json\/wp\/v2\/categories?post=146676"},{"taxonomy":"post_tag","embeddable":true,"href":"https:\/\/smago.de\/ws2\/wp-json\/wp\/v2\/tags?post=146676"}],"curies":[{"name":"wp","href":"https:\/\/api.w.org\/{rel}","templated":true}]}}