{"id":146668,"date":"2020-05-14T09:52:58","date_gmt":"2020-05-14T07:52:58","guid":{"rendered":"https:\/\/online.smago.de\/ws2\/?p=146668"},"modified":"2020-05-14T09:52:58","modified_gmt":"2020-05-14T07:52:58","slug":"smago-informiert-ndr-wdr-umfrage-viele-gesundheitsaemter-erfuellen-nicht-die-vorgaben-bei-der-kontaktnachverfolgung","status":"publish","type":"post","link":"https:\/\/smago.de\/ws2\/smago-informiert\/smago-informiert-ndr-wdr-umfrage-viele-gesundheitsaemter-erfuellen-nicht-die-vorgaben-bei-der-kontaktnachverfolgung\/","title":{"rendered":"smago! INFORMIERT <br>NDR\/WDR-Umfrage: Viele Gesundheits\u00e4mter erf\u00fcllen nicht die Vorgaben bei der Kontaktnachverfolgung!"},"content":{"rendered":"<p><em>smago!<\/em> meint: Bananenrepublik !!!<br \/>\n<!--more--><\/p>\n<p>&nbsp;<\/p>\n<p style=\"text-align: justify;\">\n<p style=\"text-align: justify;\">Viele deutsche Gesundheits\u00e4mter haben nicht gen\u00fcgend Mitarbeiterinnen und Mitarbeiter, um die Kontaktpersonen von Corona-Infizierten nachzuverfolgen. Das ergab eine Umfrage unter allen Gesundheits\u00e4mtern in Deutschland durch NDR und WDR in dieser Woche.<\/p>\n<p style=\"text-align: justify;\">Von den mehr als 380 Gesundheits\u00e4mtern haben 178 schriftlich geantwortet und die Zahl der Personen genannt, die vor Ort f\u00fcr die Kontaktverfolgung zur Verf\u00fcgung stehen. Demnach stehen in 119 Stadt- und Landkreisen (67 Prozent) aktuell nicht so viel Mitarbeiterinnen und Mitarbeiter zur Verf\u00fcgung, wie es der Beschluss von Bund und L\u00e4ndern vom 25. M\u00e4rz vorsieht.<\/p>\n<p style=\"text-align: justify;\">Der Bund und die L\u00e4nder hatten sich darauf verst\u00e4ndigt, dass jeder Landkreis pro 20.000 Einwohner ein aus f\u00fcnf Mitarbeitern bestehendes Team bilden muss, um Kontaktpersonen der Kategorie 1 nachzuverfolgen. Zu dieser Kategorie geh\u00f6ren Personen, die mindestens 15 Minuten lang direkten Gesichtskontakt zu einem Corona-Infizierten hatten. Diese Menschen sollen von Mitarbeitern des \u00f6rtlichen Gesundheitsamtes kontaktiert und in h\u00e4usliche Quarant\u00e4ne geschickt werden.<\/p>\n<p style=\"text-align: justify;\">Ebenfalls gefragt wurden die Gesundheits\u00e4mter, ob sie alle Kontaktpersonen der Kategorie 1 auf das Corona-Virus testen. Dies ist nur in 21 Landkreisen (12 Prozent) der Fall. Elf dieser Landkreise, in denen alle engen Kontaktpersonen von Infizierten getestet werden, liegen in Baden-W\u00fcrttemberg. Dort hat die Landesregierung die Finanzierung dieser Testungen \u00fcbernommen, da die Krankenkassen den Test nur bei Personen bezahlen, die auch Krankheitssymptome zeigen.<\/p>\n<p style=\"text-align: justify;\">Insgesamt hatten nur 25 Gesundheits\u00e4mter (14 Prozent) geantwortet, dass sie derzeit \u00fcberlastet seien und deshalb ihren Aufgaben nicht vollst\u00e4ndig nachkommen k\u00f6nnen. Am h\u00e4ufigsten gaben dabei Gesundheits\u00e4mter in Th\u00fcringen an, \u00fcberlastet zu sein, obwohl Th\u00fcringen zu den Bundesl\u00e4ndern mit der geringsten Zahl von Corona-Infizierten z\u00e4hlt.<\/p>\n<p style=\"text-align: justify;\">Von den Gesundheits\u00e4mtern in Bayern hat kein einziges die Fragen beantwortet. Dort hatte die Landesregierung schon bei einer fr\u00fcheren Umfrage von NDR und WDR die Gesundheits\u00e4mter aufgefordert, nicht auf Presseanfragen zu antworten. \u201eDa diese Umfragen nicht mit uns abgestimmt sind, bitten wir Sie, von einer Beantwortung Abstand zu nehmen\u201c, hei\u00dft es in einem Schreiben aus dem bayerischen Gesundheitsministerium an die Gesundheits\u00e4mter, das NDR und WDR vorliegt. Auch das Ministerium selbst hat auf die aktuelle Anfrage \u00fcber die Ausstattung der Gesundheits\u00e4mter nicht geantwortet.<\/p>\n<p style=\"text-align: justify;\">F\u00fcr Gesundheitsminister Jens Spahn kommen die Ergebnisse der Umfrage \u00fcberraschend, auch wenn ihm das Problem der Ausstattung der \u00c4mter bewusst sei. Das Ergebnis sei Resultat dessen, dass die \u00c4mter \u00fcber Jahre hinweg vernachl\u00e4ssig wurden, wie sein Sprecher auf Anfrage mitteilte. Das Ministerium mache sich jetzt aber auch daf\u00fcr stark, dass alle Kontaktpersonen der Kategorie 1 getestet werden sollen. \u201eDas ist unsere erkl\u00e4rte Strategie\u201c, erkl\u00e4rt der Ministeriumssprecher. Auch Lars Schaade, Vizepr\u00e4sident des Robert-Koch-Instituts, antwortete auf die Anfrage, ob alle engen Kontaktpersonen von Corona-Infizierten getestet werden sollen: \u201eJa, das ist sinnvoll.\u201c Ausreichende Kapazit\u00e4ten daf\u00fcr seien vorhanden. So wurden nach Angaben des RKI bundesweit zuletzt 317.000 Corona-Tests pro Woche in Deutschland durchgef\u00fchrt, die Kapazit\u00e4t liege inzwischen aber bei mehr als einer Million Tests pro Woche.<\/p>\n<p style=\"text-align: justify;\">\n<p>&nbsp;<\/p>\n<p style=\"text-align: justify;\">\u00dcber die Ergebnisse der Umfrage unter den Gesundheits\u00e4mtern berichtet der NDR am 14. Mai bei NDR Info im H\u00f6rfunk und im Fernsehen, au\u00dferdem in der tagesschau und auf <a href=\"http:\/\/tagesschau.de\/\">tagesschau.de<\/a> sowie auf <a href=\"http:\/\/ndr.de\/\">NDR.de<\/a> und in der NDR Info App.<\/p>\n","protected":false},"excerpt":{"rendered":"<p>smago! meint: Bananenrepublik !!!<\/p>\n","protected":false},"author":2,"featured_media":51685,"comment_status":"open","ping_status":"closed","sticky":false,"template":"","format":"standard","meta":{"_FSMCFIC_featured_image_caption":"","_FSMCFIC_featured_image_nocaption":"","_FSMCFIC_featured_image_hide":""},"categories":[33],"tags":[60],"acf":[],"_links":{"self":[{"href":"https:\/\/smago.de\/ws2\/wp-json\/wp\/v2\/posts\/146668"}],"collection":[{"href":"https:\/\/smago.de\/ws2\/wp-json\/wp\/v2\/posts"}],"about":[{"href":"https:\/\/smago.de\/ws2\/wp-json\/wp\/v2\/types\/post"}],"author":[{"embeddable":true,"href":"https:\/\/smago.de\/ws2\/wp-json\/wp\/v2\/users\/2"}],"replies":[{"embeddable":true,"href":"https:\/\/smago.de\/ws2\/wp-json\/wp\/v2\/comments?post=146668"}],"version-history":[{"count":1,"href":"https:\/\/smago.de\/ws2\/wp-json\/wp\/v2\/posts\/146668\/revisions"}],"predecessor-version":[{"id":146669,"href":"https:\/\/smago.de\/ws2\/wp-json\/wp\/v2\/posts\/146668\/revisions\/146669"}],"wp:featuredmedia":[{"embeddable":true,"href":"https:\/\/smago.de\/ws2\/wp-json\/wp\/v2\/media\/51685"}],"wp:attachment":[{"href":"https:\/\/smago.de\/ws2\/wp-json\/wp\/v2\/media?parent=146668"}],"wp:term":[{"taxonomy":"category","embeddable":true,"href":"https:\/\/smago.de\/ws2\/wp-json\/wp\/v2\/categories?post=146668"},{"taxonomy":"post_tag","embeddable":true,"href":"https:\/\/smago.de\/ws2\/wp-json\/wp\/v2\/tags?post=146668"}],"curies":[{"name":"wp","href":"https:\/\/api.w.org\/{rel}","templated":true}]}}