{"id":146486,"date":"2020-05-12T00:00:45","date_gmt":"2020-05-11T22:00:45","guid":{"rendered":"https:\/\/online.smago.de\/ws2\/?p=146486"},"modified":"2020-05-11T23:57:40","modified_gmt":"2020-05-11T21:57:40","slug":"smago-gast-kolumne-was-sind-das-bloss-fuer-zeiten","status":"publish","type":"post","link":"https:\/\/smago.de\/ws2\/smago-informiert\/smago-gast-kolumne-was-sind-das-bloss-fuer-zeiten\/","title":{"rendered":"smago! GAST KOLUMNE <br>Was sind das blo\u00df f\u00fcr Zeiten &#8230;?"},"content":{"rendered":"<p>Ein Gast-Beitrag von <em>smago!<\/em> Leser Peter Traut!<br \/>\n<!--more--><\/p>\n<p>&nbsp;<\/p>\n<p style=\"text-align: justify;\">\n<div style=\"text-align: justify;\"><em>Seit gut sechs Wochen hat uns dieser Virus und die damit\u00a0drastischen Beschr\u00e4nkungen in seinem Griff.<\/em><\/div>\n<div style=\"text-align: justify;\"><\/div>\n<div style=\"text-align: justify;\">\n<div><em>Diese vergangenen Wochen bis heute waren Tag f\u00fcr Tag\u00a0be\u00e4ngstigend und irgendwie unwirklich.<\/em><\/div>\n<div><em>Die Meldungen, die sich zum Teil \u00fcberschlugen,\u00a0die unglaubliche Zahl Tag f\u00fcr Tag an Neuinfektionen und vor allem\u00a0die t\u00e4glich in gro\u00dfer Zahl steigende Todesf\u00e4lle.\u00a0Besonders in Italien und bei Ihnen in Spanien.<\/em><\/div>\n<div><\/div>\n<div><em>Ja, auch alle \u00f6ffentiche Veranstaltungen und Konzerte wurde abgesagt.<\/em><\/div>\n<div><\/div>\n<div><em>Die Schutzma\u00dfnahmen sind sicherlich richtig.\u00a0Aber man ist schon sehr sehr eingeschr\u00e4nkt.\u00a0<\/em><\/div>\n<div><\/div>\n<div><em>Die ersten Lockerungen gibt es seit letzter Woche, jedoch Maskenpflicht in \u00f6ffentlichen\u00a0Bereichen.<\/em><\/div>\n<div><\/div>\n<div><em>Gro\u00dfveranstaltungen, Events, Konzerte, zun\u00e4chst bis 31. August &#8211;\u00a0 alles abgesagt.<\/em><\/div>\n<div><\/div>\n<div><em>Und das hei\u00dft ja auch f\u00fcr den Unterhaltungsbereich, keine Konzerte, keine gro\u00dfen Fernseh-Shows, keine Events und keine Hallen- oder Arena-Veranstaltungen.<\/em><\/div>\n<div><\/div>\n<div><em>Ein Zenario, dass man zu Silvester nie f\u00fcr m\u00f6glich gehalten h\u00e4tte.<\/em><\/p>\n<\/div>\n<div><em>Alles ist so unreal, als ob man in einem Film w\u00e4re&#8230;<\/em><\/div>\n<div><\/div>\n<div><em>Lieber Herr Tichler,\u00a0 f\u00fcr Sie und ihr wunderbares Team auch eine Zeit,\u00a0wo das normale Leben, ein ganz normaler Alltag still zu stehen scheint.<\/em><\/div>\n<div><\/div>\n<div><em>Ich w\u00fcnsche Ihnen und es gesamten, so wunderbaren Team,\u00a0dass Sie diese Zeiten, diese Krise bestens \u00fcberstehen.<\/em><\/div>\n<div><\/div>\n<div><em>Das wir alle eines Tages wieder voll durchstarten k\u00f6nnen und dann\u00a0mehr und intensiver denn je gro\u00dfartige Schlagerfeste feiern k\u00f6nnen.<\/em><\/div>\n<div>\n<em>Und dann verstehen und bewusster erleben, wie gro\u00dfartig es ist, sich frei\u00a0bewegen zu k\u00f6nnen und mit Freunden wunderbare Schlagerabende verleben darf.<\/em><\/div>\n<\/div>\n<div style=\"text-align: justify;\"><\/div>\n<div style=\"text-align: justify;\"><\/div>\n<div>\n<div style=\"text-align: justify;\"><em>Alles Liebe\u00a0 &#8211;\u00a0 Alles Gute<\/em><\/div>\n<div style=\"text-align: justify;\"><\/div>\n<div style=\"text-align: justify;\"><em>Ihr<\/em><\/div>\n<div style=\"text-align: justify;\"><\/div>\n<div style=\"text-align: justify;\"><\/div>\n<div style=\"text-align: justify;\"><em>Peter Traut<\/em><\/div>\n<\/div>\n","protected":false},"excerpt":{"rendered":"<p>Ein Gast-Beitrag von smago! Leser Peter Traut!<\/p>\n","protected":false},"author":2,"featured_media":51685,"comment_status":"open","ping_status":"closed","sticky":false,"template":"","format":"standard","meta":{"_FSMCFIC_featured_image_caption":"","_FSMCFIC_featured_image_nocaption":"","_FSMCFIC_featured_image_hide":""},"categories":[33],"tags":[60],"acf":[],"_links":{"self":[{"href":"https:\/\/smago.de\/ws2\/wp-json\/wp\/v2\/posts\/146486"}],"collection":[{"href":"https:\/\/smago.de\/ws2\/wp-json\/wp\/v2\/posts"}],"about":[{"href":"https:\/\/smago.de\/ws2\/wp-json\/wp\/v2\/types\/post"}],"author":[{"embeddable":true,"href":"https:\/\/smago.de\/ws2\/wp-json\/wp\/v2\/users\/2"}],"replies":[{"embeddable":true,"href":"https:\/\/smago.de\/ws2\/wp-json\/wp\/v2\/comments?post=146486"}],"version-history":[{"count":1,"href":"https:\/\/smago.de\/ws2\/wp-json\/wp\/v2\/posts\/146486\/revisions"}],"predecessor-version":[{"id":146487,"href":"https:\/\/smago.de\/ws2\/wp-json\/wp\/v2\/posts\/146486\/revisions\/146487"}],"wp:featuredmedia":[{"embeddable":true,"href":"https:\/\/smago.de\/ws2\/wp-json\/wp\/v2\/media\/51685"}],"wp:attachment":[{"href":"https:\/\/smago.de\/ws2\/wp-json\/wp\/v2\/media?parent=146486"}],"wp:term":[{"taxonomy":"category","embeddable":true,"href":"https:\/\/smago.de\/ws2\/wp-json\/wp\/v2\/categories?post=146486"},{"taxonomy":"post_tag","embeddable":true,"href":"https:\/\/smago.de\/ws2\/wp-json\/wp\/v2\/tags?post=146486"}],"curies":[{"name":"wp","href":"https:\/\/api.w.org\/{rel}","templated":true}]}}