{"id":146232,"date":"2020-05-08T00:00:09","date_gmt":"2020-05-07T22:00:09","guid":{"rendered":"https:\/\/online.smago.de\/ws2\/?p=146232"},"modified":"2020-05-07T15:22:21","modified_gmt":"2020-05-07T13:22:21","slug":"guido-cantz-u-a-heute-08-05-2020-in-der-talk-show-koelner-treff-zu-gast","status":"publish","type":"post","link":"https:\/\/smago.de\/ws2\/comedy\/guido-cantz-u-a-heute-08-05-2020-in-der-talk-show-koelner-treff-zu-gast\/","title":{"rendered":"GUIDO CANTZ u.a. <br>Heute (08.05.2020) in der Talk-Show &#8222;K\u00f6lner Treff&#8220; zu Gast!"},"content":{"rendered":"<p style=\"text-align: justify;\">WDR Fernsehen, 22:00 Uhr &#8211; 23:30 Uhr (Wh.: 10.05., 09:20 Uhr &#8211; 10:50 Uhr)! Moderation: Bettina B\u00f6ttinger! (<strong>HINWEIS:<\/strong> Die Erstausstrahlung erfolgte am 05.05. \u00a0im Ersten \/ in der ARD!)<br \/>\n<!--more--><\/p>\n<p>&nbsp;<\/p>\n<p>&nbsp;<\/p>\n<p>&nbsp;<\/p>\n<p style=\"text-align: justify;\"><em>&#8222;Im K\u00f6lner Treff werden aktuell nur G\u00e4ste eingeladen, die eine kurze Anreise nach K\u00f6ln haben. <\/em><\/p>\n<p style=\"text-align: justify;\"><em>Au\u00dferdem halten wir alle Sicherheitsvorgaben und Abstandsregeln w\u00e4hren der Produktion aufs Strengste ein.&#8220;<\/em><\/p>\n<p>&nbsp;<\/p>\n<p>&nbsp;<\/p>\n<p>&nbsp;<\/p>\n<p>&nbsp;<\/p>\n<p style=\"text-align: justify;\"><strong>Bettina B\u00f6ttinger empf\u00e4ngt in dieser Woche folgende G\u00e4ste:<\/strong><\/p>\n<p>&nbsp;<\/p>\n<p>&nbsp;<\/p>\n<p>&nbsp;<\/p>\n<p>&nbsp;<\/p>\n<p><strong>Guido Cantz<\/strong><\/p>\n<p>&nbsp;<\/p>\n<p style=\"text-align: justify;\">Egal, ob als Moderator von &#8222;Verstehen Sie Spa\u00df?&#8220;, in der Karnevalsb\u00fctt oder als Comedian auf der B\u00fchne &#8211; der Blondschopf aus K\u00f6ln-Porz begeistert sein Publikum. &#8222;Lachen ist die beste Medizin&#8220; so das Motto des &#8222;Spa\u00dfmachers der Nation&#8220;. Nach der Krise will er mit seinem neuen Comedy-Programm auf Tour gehen, in dem er sich am\u00fcsant und urkomisch durch 70 Jahre deutsche Fernsehgeschichte zappt &#8211; vom ersten Testbild bis zum letzten Dschungelk\u00f6nig. Im K\u00f6lner Treff erz\u00e4hlt er uns, was Pan Tau, Daktari und die zauberhafte Jeannie mit ihm gemacht haben und wie sein Papa reagierte, als 1974 mitten im WM-Finale das Bild ausfiel.<\/p>\n<p>&nbsp;<\/p>\n<p>&nbsp;<\/p>\n<p>&nbsp;<\/p>\n<p><strong>Sahra Wagenknecht<\/strong><\/p>\n<p>&nbsp;<\/p>\n<p style=\"text-align: justify;\">Sahra Wagenknecht z\u00e4hlt zu den bekanntesten, aber auch umstrittensten Politikerinnen Deutschlands. Die Tochter eines iranischen Vaters und einer deutschen Mutter wuchs in der DDR auf, promovierte im Fach Volkswirtschaftslehre und engagierte sich fr\u00fch politisch. Ende 2019 schied sie jedoch als Fraktionsvorsitzende der &#8222;Linken&#8220; aus dem Amt. Im K\u00f6lner Treff wird sie erz\u00e4hlen, wie sie in die Zukunft blickt und welche Herausforderungen sie f\u00fcr unsere Gesellschaft als vorrangig einordnet.<\/p>\n<p>&nbsp;<\/p>\n<p>&nbsp;<\/p>\n<p>&nbsp;<\/p>\n<p><strong>Peter Wohlleben<\/strong><\/p>\n<p>&nbsp;<\/p>\n<p style=\"text-align: justify;\">Keiner kennt den Wald, den Sehnsuchtsort der Deutschen, so wie er: F\u00f6rster und Natursch\u00fctzer Peter Wohlleben. Er schreibt zahlreiche Bestseller und gr\u00fcndet Ende 2016 in der Eifel seine Waldakademie, mit der er sich international f\u00fcr den Schutz und Erhalt von W\u00e4ldern einsetzt. In Corona-Zeiten m\u00f6chten viele Menschen von ihm wissen, wie man sich m\u00f6glichst autark mit Lebensmitteln versorgen kann. Und er beobachtet, dass viel mehr Besucher als sonst in den Wald gehen. &#8222;Das ist ein Ventil. Man kann gedanklich einfach mal abschalten und kommt endlich aus diesem Alarmzustand raus. Toll, dass das in Deutschland geht!&#8220;<\/p>\n<p>&nbsp;<\/p>\n<p>&nbsp;<\/p>\n<p>&nbsp;<\/p>\n<p><strong>Valer Sabadus<\/strong><\/p>\n<p>&nbsp;<\/p>\n<p style=\"text-align: justify;\">Als Countertenor geh\u00f6rt er zu den wenigen Stars einer Kunstgattung, die sich in den letzten Jahrzehnten (wieder) etablieren konnte: Mit der R\u00fcckkehr der Barock-Opern wurde auch der Bedarf an S\u00e4ngern wieder gr\u00f6\u00dfer, die in der Lage sind, ehemals f\u00fcr Kastraten gesungene Partien singen zu k\u00f6nnen! Valer Sabadus, Spross einer rum\u00e4nischen Auswandererfamilie, ist einer von ihnen. Dabei hatte der Countertenor als Jugendlicher eigentlich den Wunsch, Meeresbiologe zu werden oder Dinosaurier zu erforschen! Doch seinem Talent, das er unter der Dusche entdeckte, konnte er wohl nicht entgehen. Heute wird Valer Sabadus von den europ\u00e4ischen Musikkritikern gefeiert und mit Auszeichnungen \u00fcberh\u00e4uft.<\/p>\n<p>&nbsp;<\/p>\n<p>&nbsp;<\/p>\n<p>&nbsp;<\/p>\n<p><strong>Ninia LaGrande<\/strong><\/p>\n<p>&nbsp;<\/p>\n<p style=\"text-align: justify;\">Sie moderiert, textet und erz\u00e4hlt als Poetry Slammerin Geschichten aus ihrem Leben und das macht sie so gro\u00dfartig, dass sich die nur 1.40 m gro\u00dfe Wortk\u00fcnstlerin zu Recht auf der B\u00fchne &#8222;LaGrande&#8220; nennt. Immer schon wollte Ninia LaGrande irgendwas mit &#8222;Worten, Schreiben und Medien&#8220; machen, also studierte sie Germanistik und Kunstgeschichte, eroberte quasi nebenbei die B\u00fchne. Immer \u00f6fter ist die Mutter eines dreij\u00e4hrigen Sohnes auch im TV zu sehen, daneben schreibt sie B\u00fccher, Kolumnen und produziert Podcasts.<\/p>\n<p>&nbsp;<\/p>\n<p>&nbsp;<\/p>\n<p>&nbsp;<\/p>\n<p><strong>Cordula Stratmann<\/strong><\/p>\n<p>&nbsp;<\/p>\n<p style=\"text-align: justify;\">Sie ist ein absolutes Multitalent. Als Kom\u00f6diantin im TV und auf der B\u00fchne \u00fcberzeugt Cordula Stratmann genauso wie als Moderatorin. Selbst Regie hat sie schon gef\u00fchrt. Millionen Zuschauer kennen die geb\u00fcrtige D\u00fcsseldorferin in ihrer Paraderolle der Annemie H\u00fclchrath im WDR-Format &#8222;Zimmer frei&#8220;. Dabei hat die K\u00fcnstlerin mal Sozialarbeit studiert und eine Ausbildung zur systemischen Familientherapeutin absolviert. Heute ist sie zunehmend wieder als Therapeutin in freier Praxis t\u00e4tig. Auch wenn es in diesem Arbeitsfeld nicht immer heiter zugeht &#8211; ihr Humor \u00f6ffnet weiterhin Herzen.<\/p>\n","protected":false},"excerpt":{"rendered":"<p>WDR Fernsehen, 22:00 Uhr &#8211; 23:30 Uhr (Wh.: 10.05., 09:20 Uhr &#8211; 10:50 Uhr)! Moderation: Bettina B\u00f6ttinger! (HINWEIS: Die Erstausstrahlung<\/p>\n","protected":false},"author":2,"featured_media":146233,"comment_status":"open","ping_status":"closed","sticky":false,"template":"","format":"standard","meta":{"_FSMCFIC_featured_image_caption":"","_FSMCFIC_featured_image_nocaption":"","_FSMCFIC_featured_image_hide":""},"categories":[3,128],"tags":[129],"acf":[],"_links":{"self":[{"href":"https:\/\/smago.de\/ws2\/wp-json\/wp\/v2\/posts\/146232"}],"collection":[{"href":"https:\/\/smago.de\/ws2\/wp-json\/wp\/v2\/posts"}],"about":[{"href":"https:\/\/smago.de\/ws2\/wp-json\/wp\/v2\/types\/post"}],"author":[{"embeddable":true,"href":"https:\/\/smago.de\/ws2\/wp-json\/wp\/v2\/users\/2"}],"replies":[{"embeddable":true,"href":"https:\/\/smago.de\/ws2\/wp-json\/wp\/v2\/comments?post=146232"}],"version-history":[{"count":2,"href":"https:\/\/smago.de\/ws2\/wp-json\/wp\/v2\/posts\/146232\/revisions"}],"predecessor-version":[{"id":146235,"href":"https:\/\/smago.de\/ws2\/wp-json\/wp\/v2\/posts\/146232\/revisions\/146235"}],"wp:featuredmedia":[{"embeddable":true,"href":"https:\/\/smago.de\/ws2\/wp-json\/wp\/v2\/media\/146233"}],"wp:attachment":[{"href":"https:\/\/smago.de\/ws2\/wp-json\/wp\/v2\/media?parent=146232"}],"wp:term":[{"taxonomy":"category","embeddable":true,"href":"https:\/\/smago.de\/ws2\/wp-json\/wp\/v2\/categories?post=146232"},{"taxonomy":"post_tag","embeddable":true,"href":"https:\/\/smago.de\/ws2\/wp-json\/wp\/v2\/tags?post=146232"}],"curies":[{"name":"wp","href":"https:\/\/api.w.org\/{rel}","templated":true}]}}