{"id":146206,"date":"2020-05-07T14:00:04","date_gmt":"2020-05-07T12:00:04","guid":{"rendered":"https:\/\/online.smago.de\/ws2\/?p=146206"},"modified":"2020-05-07T14:00:16","modified_gmt":"2020-05-07T12:00:16","slug":"ndr-talk-show-nach-studio-umbau-ndr-talk-show-geht-wieder-regulaer-auf-sendung","status":"publish","type":"post","link":"https:\/\/smago.de\/ws2\/smago-informiert\/ndr-talk-show-nach-studio-umbau-ndr-talk-show-geht-wieder-regulaer-auf-sendung\/","title":{"rendered":"&#8222;NDR TALK SHOW&#8220; <br>Nach Studio-Umbau: \u201eNDR Talk Show\u201c geht wieder regul\u00e4r auf Sendung!"},"content":{"rendered":"<p>Allerdings ohne Studiopublikum!<br \/>\n<!--more--><\/p>\n<p>&nbsp;<\/p>\n<p>&nbsp;<\/p>\n<p style=\"text-align: justify;\">Wie viele Fernsehproduktionen und -sendungen musste auch die \u201eNDR Talk Show\u201c zur Corona-Pr\u00e4vention in den vergangenen Wochen andere, digitale Formen f\u00fcr ihre Ausgaben finden. Am kommenden Freitag, 8. Mai, kehrt ein St\u00fcck Normalit\u00e4t zur\u00fcck: Die Moderatoren <strong>Bettina Tietjen <\/strong>und <strong>J\u00f6rg Pilawa <\/strong>begr\u00fc\u00dfen regul\u00e4re sechs G\u00e4ste in der Talkrunde, nat\u00fcrlich auf Abstand und ohne Publikum \u2013 das Studio wurde entsprechend umgebaut. Bettina Tietjen versetzt diese Aussicht nahezu in Festtagsstimmung: \u201eWas bis vor kurzem noch Normalit\u00e4t war, ist heute ein Geschenk. Ich f\u00fchle mich wie kurz vor Weihnachten. Noch vor zwei Monaten h\u00e4tte ich mir nicht vorstellen k\u00f6nnen, dass ich mich einmal so darauf freuen w\u00fcrde, einfach mit ein paar netten Menschen zusammenzusitzen und \u00fcber dies und das zu schnacken.\u201c<\/p>\n<p style=\"text-align: justify;\">Zu den G\u00e4sten am kommenden Freitag um 22.00 Uhr im NDR Fernsehen geh\u00f6ren der Spitzenkoch <strong>Johann Lafer<\/strong>, der Schauspieler und S\u00e4nger <strong>Tom Beck<\/strong>, die Schauspielerin <strong>Aglaia Szyszkowitz<\/strong>, der Autor <strong>Jeremias<\/strong> <strong>Thiel<\/strong> und die S\u00e4ngerin <strong>Lea<\/strong>, die mit 15 Jahren ihre ersten Songs als Videos ins Internet stellte und mittlerweile einen Nummer 1-Hit landete. Auch Comedian <strong>Thomas Hermanns <\/strong>trotzt der Krise ein L\u00e4cheln ab und erkl\u00e4rt \u201eAll you need is laugh\u201c zu seinem Motto. In der Sendung wird er von seiner ganz besonderen Danksagung an Alltagsheldinnen und -helden in dieser Zeit erz\u00e4hlen.<\/p>\n<p style=\"text-align: justify;\">\u201eIn diesem Sinne: Die NDR Talk Show-Pause ist vorbei, unser Corona-Studio ist sendebereit, J\u00f6rg und ich sind es auch\u201c, erkl\u00e4rt Bettina Tietjen. \u201eBereit f\u00fcr Freitagabend-Gespr\u00e4che, entspannt und fr\u00f6hlich, fast so, als w\u00e4re alles wie immer.\u201c<\/p>\n<p>&nbsp;<\/p>\n<p>&nbsp;<\/p>\n<p>Weitere Informationen zur Sendung unter <strong><a href=\"http:\/\/ndr.de\/talkshow\">NDR.de\/talkshow<\/a><\/strong>!<\/p>\n","protected":false},"excerpt":{"rendered":"<p>Allerdings ohne Studiopublikum!<\/p>\n","protected":false},"author":2,"featured_media":146207,"comment_status":"open","ping_status":"closed","sticky":false,"template":"","format":"standard","meta":{"_FSMCFIC_featured_image_caption":"","_FSMCFIC_featured_image_nocaption":"","_FSMCFIC_featured_image_hide":""},"categories":[33,128],"tags":[254],"acf":[],"_links":{"self":[{"href":"https:\/\/smago.de\/ws2\/wp-json\/wp\/v2\/posts\/146206"}],"collection":[{"href":"https:\/\/smago.de\/ws2\/wp-json\/wp\/v2\/posts"}],"about":[{"href":"https:\/\/smago.de\/ws2\/wp-json\/wp\/v2\/types\/post"}],"author":[{"embeddable":true,"href":"https:\/\/smago.de\/ws2\/wp-json\/wp\/v2\/users\/2"}],"replies":[{"embeddable":true,"href":"https:\/\/smago.de\/ws2\/wp-json\/wp\/v2\/comments?post=146206"}],"version-history":[{"count":2,"href":"https:\/\/smago.de\/ws2\/wp-json\/wp\/v2\/posts\/146206\/revisions"}],"predecessor-version":[{"id":146209,"href":"https:\/\/smago.de\/ws2\/wp-json\/wp\/v2\/posts\/146206\/revisions\/146209"}],"wp:featuredmedia":[{"embeddable":true,"href":"https:\/\/smago.de\/ws2\/wp-json\/wp\/v2\/media\/146207"}],"wp:attachment":[{"href":"https:\/\/smago.de\/ws2\/wp-json\/wp\/v2\/media?parent=146206"}],"wp:term":[{"taxonomy":"category","embeddable":true,"href":"https:\/\/smago.de\/ws2\/wp-json\/wp\/v2\/categories?post=146206"},{"taxonomy":"post_tag","embeddable":true,"href":"https:\/\/smago.de\/ws2\/wp-json\/wp\/v2\/tags?post=146206"}],"curies":[{"name":"wp","href":"https:\/\/api.w.org\/{rel}","templated":true}]}}