{"id":146163,"date":"2020-05-13T00:00:16","date_gmt":"2020-05-12T22:00:16","guid":{"rendered":"https:\/\/online.smago.de\/ws2\/?p=146163"},"modified":"2020-05-13T12:04:30","modified_gmt":"2020-05-13T10:04:30","slug":"grubis","status":"publish","type":"post","link":"https:\/\/smago.de\/ws2\/party-schlager\/grubis\/","title":{"rendered":"DIE GRUBERTALER <br>Interview mit Florian Klingenschmid zur neuen CD &#8222;Echt Schlager &#8211; Die gro\u00dfe Fete (Volume 1)&#8220;"},"content":{"rendered":"<p>Das Album hat es aus dem Stand auf Platz 49 der Offiziellen Deutschen Album Charts geschafft!<br \/>\n<!--more--><\/p>\n<p>&nbsp;<\/p>\n<p>&nbsp;<\/p>\n<p style=\"text-align: justify;\"><strong>Hallo Florian, wie geht\u2019s dir und euch derzeit so? Tirol war ja von Mitte M\u00e4rz bis Anfang April aufgrund der Corona-Krise drei Wochen lang komplett isoliert, sozusagen in Vollquarant\u00e4ne. Wie habt ihr diese Zeit erlebt?<\/strong><\/p>\n<p style=\"text-align: justify;\">Uns geht es gleich wie auch allen anderen.<\/p>\n<p style=\"text-align: justify;\">Wie ihr alle wisst, mussten wir alle zuhause bleiben. Wie viele andere Regionen auch, wurden wir seitens der Landesregierung unter Quarant\u00e4ne gesetzt. Wir duften unser Zuhause nur noch f\u00fcr dringende Erledigungen verlassen.<\/p>\n<p style=\"text-align: justify;\">Ja, es war eine Ausnahmesituation, die aber notwendig war. Wir freuen uns, euch hoffentlich bald wieder bei diversen Live-Auftritten mit unserer Musik unterhalten zu d\u00fcrfen.<\/p>\n<p style=\"text-align: justify;\"><strong>Euch als Musikgruppe hat die Krise ebenso wie viele andere Berufszweige in wirtschaftlicher Hinsicht ganz schlimm erwischt. Veranstaltungen mit Publikum sind vorab mal bis Ende Juni untersagt \u2013 wie geht ihr mit dieser Situation um?<\/strong><\/p>\n<p style=\"text-align: justify;\">Aufgrund der aktuellen, dramatischen Situation wurden wir leider gezwungen, eine Vielzahl von Veranstaltungen canceln. Wir tragen diese Entscheidung mit voller \u00dcberzeugung mit, weil f\u00fcr uns das Wohlergehen der Menschen in unserer Region und letztlich von uns ALLEN oberste Priorit\u00e4t hat. Es ist eine au\u00dfergew\u00f6hnliche Situation, die f\u00fcr uns alle extrem herausfordernd ist. Jetzt gilt es aber, zusammenzustehen und diese historische Herausforderung geschlossen und konsequent zu bew\u00e4ltigen! Nur wenn wir klare und deutliche Ma\u00dfnahmen setzen, k\u00f6nnen wir diese Krise rasch und effizient meistern.<\/p>\n<p style=\"text-align: justify;\"><strong>Jetzt aber zu eurem neuesten Projekt \u201eEcht Schlager, die gro\u00dfe Fete Volume 1\u201c &#8211; Die Grubertaler haben in den letzten zehn Jahren ja vielfach ihre Partytauglichkeit bewiesen, auch mit zahlreichen Coverversionen von namhaften Stars wie den Toten Hosen, Ed Sheeran oder Andreas Gabalier \u2013 auf eurem neuesten Produkt finden sich ja erstmals nur eigene, neue Songs &#8211; ist dieses Thema k\u00fcnftig tabu?<\/strong><\/p>\n<p style=\"text-align: justify;\">Das soll nat\u00fcrlich nicht hei\u00dfen, dass es nie mehr Cover-Cersionen geben soll \u2013 wenn ein passender Song am Markt ist, dann werden wir ihn auch in Zukunft produzieren.<\/p>\n<p style=\"text-align: justify;\"><strong>Ihr z\u00e4hlt ja ohne \u00dcbertreibung zu den aktivsten Bands im Genre, die soeben erschienene Produktion ist ja die inzwischen schon 33. Album-Produktion in eurer erst 18-j\u00e4hrigen Karriere?<\/strong><\/p>\n<p style=\"text-align: justify;\">Ja stimmt, aber wenn man was gerne und von Herzen macht, und das tun wir, dann ist das alles keine Plage sondern eine gro\u00dfe Freude. Gottseidank gehen wir auch heute noch mit gro\u00dfer Begeisterung auf die B\u00fchne, um die Leute zu unterhalten und wie hei\u00dft es so sch\u00f6n, wer rastet der rostet, deshalb wollen wir unseren Fans auch regelm\u00e4\u00dfig was Neues bieten.<\/p>\n<p style=\"text-align: justify;\"><strong>Euren Terminplan zufolge seid ihr ja das ganze Jahr \u00fcber auf Achse und \u00e4u\u00dferst gut gebucht, gibt es Highlights im Tourplan der Grubertaler f\u00fcr die n\u00e4chsten Monate?<\/strong><\/p>\n<p style=\"text-align: justify;\">Hoffen wir, dass alles wieder so kommt, wie wir es gewohnt waren, die Corona-Epidemie hat ja auch uns mit vielen Absagen getroffen \u2013 aber da z\u00e4hlt derzeit nichts anderes, au\u00dfer unser aller Gesundheit. Im Herbst ist wieder eine eigene Grubertaler-TV-Produktion geplant, die diesmal in Portugal produziert werden soll \u2013 so Gott will. Und nat\u00fcrlich freuen wir uns auf viele tolle Auftritte \u2013 hoffen wir, dass es im Hochsommer wieder so sein wird.<\/p>\n<p style=\"text-align: justify;\"><strong>Stichwort Portugal \u2013 ihr sucht euch f\u00fcr eure Videoproduktionen ja immer wieder ganz tolle Hot Spots aus \u2013 ihr ward ja in Dubai, auf Mallorca, Kroatien, Berlin usw. \u2013 und erst Ende Februar an der portugiesischen Algarve-K\u00fcste. Wie kam es zu dieser Location Florian, wie war es in Portugal und wer hat immer die Ideen zu solchen traumhaften Drehorten?<\/strong><\/p>\n<p style=\"text-align: justify;\">Wie gesagt, wir waren schon an einigen ganz tollen Pl\u00e4tzen &#8211; f\u00fcr diese Art von Musik, Schlagermusik wie wir sie eben auf dieser neuen Produktion auch anbieten, da passt es nicht ganz, wenn wir von Sonne, Strand und Palmen singen und dann in unserer geliebten Heimat, den Tiroler Bergen drehen w\u00fcrden, da passt es dann ganz gut, wie eben diesmal in Portugal und ausgesucht werden diese Pl\u00e4tze von unserem Team, sprich Management, Kamerateam und Plattenfirma.<\/p>\n<p style=\"text-align: justify;\"><strong>Jetzt mal zu euch drei. Du trittst ja vor allem als Sprachrohr eurer Gruppe auf, vertragen sich sie Grubertaler auch privat so gut, wie es auf der B\u00fchne den Eindruck erweckt? Wie ist die Rollenverteilung untereinander, hat da jeder seine bestimmte Aufgabe \u2013 das w\u00fcrde mich jetzt interessieren Florian.<br \/>\n<\/strong><br \/>\nEhrlich gesagt, wir verstehen uns seit Beginn unserer Karriere bestens, auf der einen Seite ist ja mein Bruder Michael mit von der Partie und auch unser Gro\u00dfcousin Reinhard. Zudem arbeiten wir seit 18 Jahren mit derselben Produktionsfirma und auch mit demselben Management zusammen. Nat\u00fcrlich gibt es ab und zu kleine Meinungsverschiedenheiten, aber die konnten und werden wir auch in Zukunft immer zur guten L\u00f6sung ausreden \u2013 wir sind ein Team, das zusammenh\u00e4lt und das wird auch in Zukunft so sein. Was die Rollenverteilung betrifft, jeder hat seine Aufgabe und die meistert auch jeder zur vollsten Zufriedenheit.<\/p>\n<p style=\"text-align: justify;\"><strong>Wenn ihr Songs f\u00fcr eure Produktionen aussucht \u2013 wie wird da vorgegangen, wer entscheidet schlussendlich, was auf einem Produkt verewigt wird?<\/strong><\/p>\n<p style=\"text-align: justify;\">Da wird ganz demokratisch vorgegangen, wir erhalten jeweils eine Vielzahl von Songs zur Auswahl, auch sind wir die letzten Jahre auch selbst als Psoydonym bei zahlreichen Songs aktiv. Gemeinsam mit unserem Management und unserer Plattenfirma wird wie im Schulnotensystem benotet und die jeweils besten Songs werden dann nat\u00fcrlich f\u00fcr die Produktionen ber\u00fccksichtigt.<\/p>\n<p style=\"text-align: justify;\"><strong>Was, Florian, w\u00fcnscht DU dir f\u00fcr die Zukunft?<\/strong><\/p>\n<p style=\"text-align: justify;\">In diesen Zeiten gilt nur eines: durchhalten, zusammenhalten und gemeinsam stark sein, denn nur so k\u00f6nnen wir es schaffen und diese Krise \u00fcberstehen.<\/p>\n<p style=\"text-align: justify;\">Deshalb, aufgeschoben ist nicht aufgehoben! Wir blicken gemeinsam nach vorne und z\u00e4hlen die Tage, bis wir unser ganzes Herzblut wieder in unsere Musik flie\u00dfen lassen k\u00f6nnen. Bleibt gesund und passt gut auf euch auf, sodass wir uns bald wiedersehen und mit euch feiern k\u00f6nnen.<\/p>\n<p style=\"text-align: justify;\"><strong>Florian, vielen Dank f\u00fcr das Interview und alles Gute f\u00fcr die Zukunft!<\/strong><\/p>\n<p style=\"text-align: justify;\">Ich sage auch danke \u2013 sch\u00f6ne Gr\u00fc\u00dfe an alle \u2013 und bis bald.<\/p>\n","protected":false},"excerpt":{"rendered":"<p>Das Album hat es aus dem Stand auf Platz 49 der Offiziellen Deutschen Album Charts geschafft!<\/p>\n","protected":false},"author":2,"featured_media":0,"comment_status":"open","ping_status":"closed","sticky":false,"template":"","format":"standard","meta":{"_FSMCFIC_featured_image_caption":"","_FSMCFIC_featured_image_nocaption":"","_FSMCFIC_featured_image_hide":""},"categories":[26,39],"tags":[274],"acf":[],"_links":{"self":[{"href":"https:\/\/smago.de\/ws2\/wp-json\/wp\/v2\/posts\/146163"}],"collection":[{"href":"https:\/\/smago.de\/ws2\/wp-json\/wp\/v2\/posts"}],"about":[{"href":"https:\/\/smago.de\/ws2\/wp-json\/wp\/v2\/types\/post"}],"author":[{"embeddable":true,"href":"https:\/\/smago.de\/ws2\/wp-json\/wp\/v2\/users\/2"}],"replies":[{"embeddable":true,"href":"https:\/\/smago.de\/ws2\/wp-json\/wp\/v2\/comments?post=146163"}],"version-history":[{"count":5,"href":"https:\/\/smago.de\/ws2\/wp-json\/wp\/v2\/posts\/146163\/revisions"}],"predecessor-version":[{"id":146524,"href":"https:\/\/smago.de\/ws2\/wp-json\/wp\/v2\/posts\/146163\/revisions\/146524"}],"wp:attachment":[{"href":"https:\/\/smago.de\/ws2\/wp-json\/wp\/v2\/media?parent=146163"}],"wp:term":[{"taxonomy":"category","embeddable":true,"href":"https:\/\/smago.de\/ws2\/wp-json\/wp\/v2\/categories?post=146163"},{"taxonomy":"post_tag","embeddable":true,"href":"https:\/\/smago.de\/ws2\/wp-json\/wp\/v2\/tags?post=146163"}],"curies":[{"name":"wp","href":"https:\/\/api.w.org\/{rel}","templated":true}]}}