{"id":145442,"date":"2020-04-23T14:31:26","date_gmt":"2020-04-23T12:31:26","guid":{"rendered":"https:\/\/online.smago.de\/ws2\/?p=145442"},"modified":"2020-04-23T14:31:37","modified_gmt":"2020-04-23T12:31:37","slug":"smago-informiert-oeffentlich-rechtliche-medien-in-zeiten-einer-pandemie","status":"publish","type":"post","link":"https:\/\/smago.de\/ws2\/smago-informiert\/smago-informiert-oeffentlich-rechtliche-medien-in-zeiten-einer-pandemie\/","title":{"rendered":"smago! INFORMIERT <br>\u00d6ffentlich-rechtliche Medien in Zeiten einer Pandemie:"},"content":{"rendered":"<p style=\"text-align: justify;\">Gemeinsame Erkl\u00e4rung der Mitglieder der &#8222;Global Task Force f\u00fcr Public Media&#8220;!<br \/>\n<!--more--><\/p>\n<p>&nbsp;<\/p>\n<p>&nbsp;<\/p>\n<p style=\"text-align: justify;\">Das Jahr 2020 wird uns f\u00fcr immer in Erinnerung bleiben. Wo immer wir auch leben, wir teilen die gemeinsamen Erfahrungen von Angst, Trauer und Unsicherheit.<\/p>\n<p style=\"text-align: justify;\">Und doch erleben wir in der Krise, wie Gemeinschaften zusammenwachsen, und mehr noch die wachsende Anerkennung f\u00fcr jene Menschen, die in unserem Gesundheitswesen und in der Pflege arbeiten, und f\u00fcr die vielen stillen Heldinnen und Helden, die ihre eigenen Bed\u00fcrfnisse f\u00fcr andere zur\u00fcckstellen und dabei oft ein hohes pers\u00f6nliches Risiko eingehen.<\/p>\n<p style=\"text-align: justify;\">Selten hatten \u00f6ffentlich-rechtliche Medien eine wichtigere Funktion als jetzt. Darum zollt die &#8222;Global Task Force for Public Media&#8220; diesen Medien weltweit Anerkennung f\u00fcr den unentbehrlichen Service, den sie zurzeit leisten.<\/p>\n<p style=\"text-align: justify;\">Unsere L\u00e4nder m\u00f6gen sich unterscheiden in Sprache und Kultur, doch wir \u00f6ffentlich-rechtliche Sender haben alle denselben Auftrag \u2013 Information, Bildung und Unterhaltung.<\/p>\n<p style=\"text-align: justify;\">Es ist unabdingbar, dass wir unsere Inhalte auf einer Vielzahl von Wegen anbieten k\u00f6nnen, linear oder non-linear, damit unser Publikum diese nutzen kann, wann immer, wo immer und wie immer die Nutzerinnen und Nutzer es wollen.<\/p>\n<p style=\"text-align: justify;\">Aktuell erleben wir, wie Menschen aller Altersgruppen die Angebote \u00f6ffentlich-rechtlicher Medien in Rekordzahlen nutzen, nicht zuletzt wegen vertrauensw\u00fcrdiger Nachrichten und verl\u00e4sslicher Informationsangebote \u2013 Markenzeichen der \u00f6ffentlich-rechtlichen Medien, die umso gewichtiger werden, wenn es wie derzeit auch um Fragen \u00fcber Leben und Tod geht. Wie andere Organisationen auch m\u00fcssen wir unsere Berichterstattung \u00fcber COVID-19 laufend anpassen. Jeder von uns spielt eine wichtige Funktion in unseren Demokratien, nicht zuletzt um unsere \u00f6ffentlichen Institutionen und die Politik in die Verantwortung zu nehmen und um Transparenz des politischen Handelns zu gew\u00e4hrleisten.<\/p>\n<p style=\"text-align: justify;\">Die &#8222;Global Task Force&#8220; begr\u00fc\u00dft, wie schnell es \u00f6ffentlich-rechtlichen Medien zusammen mit Partnern des \u00f6ffentlichen und privaten Bereiches weltweit gelungen ist, Kinder zu Hause mit Lernangeboten zu unterst\u00fctzen. \u00d6ffentlich-rechtliche Medien haben hier eine einzigartige Aufgabe zu erf\u00fcllen.<\/p>\n<p style=\"text-align: justify;\">Gleichzeitig sind unsere Unterhaltungsangebote Motivation und Entspannung vor allem auch f\u00fcr die \u00e4lteren, besonders gef\u00e4hrdeten Bev\u00f6lkerungsgruppen. Wir werden auch weiterhin K\u00fcnstlerinnen und K\u00fcnstler und Kreative unterst\u00fctzen, die uns alle inspirieren, unser Kulturleben pr\u00e4gen und uns in Zeiten der sozialen Distanzierung einander dennoch n\u00e4herbringen.<\/p>\n<p style=\"text-align: justify;\">Unsere Mitarbeiterinnen und Mitarbeiter, Festangestellte wie Freie, unsere Partner aus der Kreativindustrie und selbstverst\u00e4ndlich auch die Kolleginnen und Kollegen der privaten Medien haben unerm\u00fcdlichen Einsatz gezeigt, um diese so notwendige und unverzichtbare Versorgung in schwierigen Zeiten zu leisten. Die Medienbranche mit Radio-, Film- und Fernsehproduktionen ist ein wichtiger und immer noch wachsender Wirtschaftsfaktor. Die Politik ist hier gefordert, Ma\u00dfnahmen zu ergreifen, um ihren langfristigen Bestand zu sichern.<\/p>\n<p style=\"text-align: justify;\">Aus diesen Gr\u00fcnden appellieren wir, die Mitglieder der &#8222;Global Task Force&#8220;, an die Politik in allen L\u00e4ndern, die Unabh\u00e4ngigkeit der \u00f6ffentlich-rechtlichen Medien und des Journalismus insgesamt zu unterst\u00fctzen und zu verteidigen. Selten waren unabh\u00e4ngige \u00f6ffentlich-rechtliche Medien wichtiger f\u00fcr die Sicherung von Demokratie und von Rechtsstaatlichkeit auf der ganzen Welt. Nur zusammen werden wir diese Krise meistern.<\/p>\n<p style=\"text-align: justify;\">Wir danken unseren Zuschauerinnen und Zuschauern f\u00fcr ihre stete Unterst\u00fctzung und ihr Vertrauen in uns.<\/p>\n<p style=\"text-align: justify;\"><strong>&#8222;Global Task Force for Public Media&#8220;:\u00a0<\/strong><\/p>\n<p style=\"text-align: justify;\">David Anderson, Managing Director, ABC, Australien<\/p>\n<p style=\"text-align: justify;\">Thomas Bellut, Intendant, ZDF, Deutschland<\/p>\n<p style=\"text-align: justify;\">Delphine Ernotte, Pr\u00e4sidentin, France T\u00e9l\u00e9vision, Frankreich<\/p>\n<p style=\"text-align: justify;\">Lord Tony Hall, Generaldirektor, BBC, Gro\u00dfbritannien<\/p>\n<p style=\"text-align: justify;\">Jim Mather, Chairman, RNZ, Neuseeland<\/p>\n<p style=\"text-align: justify;\">Hanna Stj\u00e4rne, CEO, SVT, Schweden<\/p>\n<p style=\"text-align: justify;\">Catherine Tait, Pr\u00e4sidentin, CBC, Kanada<\/p>\n<p style=\"text-align: justify;\"><strong>Hintergrund:<\/strong><\/p>\n<p style=\"text-align: justify;\">Die &#8222;Global Task Force for Public Media&#8220; ist ein weltweites Netzwerk \u00f6ffentlich-rechtlicher Medien. Ihre Mitglieder repr\u00e4sentieren \u00f6ffentlich-rechtliche Medien aus verschiedenen Kontinenten mit unterschiedlichen Sprachen und Kulturen. Sie eint das Ziel, sich gemeinsam f\u00fcr die Werte und Interessen \u00f6ffentlich-rechtlicher Medien einzusetzen und gemeinsam Position zu beziehen, wenn es um Themen und Herausforderungen f\u00fcr \u00f6ffentlich-rechtliche Medien geht.<\/p>\n<p style=\"text-align: justify;\">Die &#8222;Global Task Force for Public Media&#8220; im Internet:\u00a0<a href=\"https:\/\/publicmediaalliance.org\/global-task-force\" target=\"_blank\" rel=\"noopener noreferrer\">https:\/\/publicmediaalliance.org\/global-task-force<\/a><\/p>\n","protected":false},"excerpt":{"rendered":"<p>Gemeinsame Erkl\u00e4rung der Mitglieder der &#8222;Global Task Force f\u00fcr Public Media&#8220;!<\/p>\n","protected":false},"author":2,"featured_media":145443,"comment_status":"open","ping_status":"closed","sticky":false,"template":"","format":"standard","meta":{"_FSMCFIC_featured_image_caption":"","_FSMCFIC_featured_image_nocaption":"","_FSMCFIC_featured_image_hide":""},"categories":[33],"tags":[135],"acf":[],"_links":{"self":[{"href":"https:\/\/smago.de\/ws2\/wp-json\/wp\/v2\/posts\/145442"}],"collection":[{"href":"https:\/\/smago.de\/ws2\/wp-json\/wp\/v2\/posts"}],"about":[{"href":"https:\/\/smago.de\/ws2\/wp-json\/wp\/v2\/types\/post"}],"author":[{"embeddable":true,"href":"https:\/\/smago.de\/ws2\/wp-json\/wp\/v2\/users\/2"}],"replies":[{"embeddable":true,"href":"https:\/\/smago.de\/ws2\/wp-json\/wp\/v2\/comments?post=145442"}],"version-history":[{"count":2,"href":"https:\/\/smago.de\/ws2\/wp-json\/wp\/v2\/posts\/145442\/revisions"}],"predecessor-version":[{"id":145445,"href":"https:\/\/smago.de\/ws2\/wp-json\/wp\/v2\/posts\/145442\/revisions\/145445"}],"wp:featuredmedia":[{"embeddable":true,"href":"https:\/\/smago.de\/ws2\/wp-json\/wp\/v2\/media\/145443"}],"wp:attachment":[{"href":"https:\/\/smago.de\/ws2\/wp-json\/wp\/v2\/media?parent=145442"}],"wp:term":[{"taxonomy":"category","embeddable":true,"href":"https:\/\/smago.de\/ws2\/wp-json\/wp\/v2\/categories?post=145442"},{"taxonomy":"post_tag","embeddable":true,"href":"https:\/\/smago.de\/ws2\/wp-json\/wp\/v2\/tags?post=145442"}],"curies":[{"name":"wp","href":"https:\/\/api.w.org\/{rel}","templated":true}]}}