{"id":145439,"date":"2020-04-23T14:04:22","date_gmt":"2020-04-23T12:04:22","guid":{"rendered":"https:\/\/online.smago.de\/ws2\/?p=145439"},"modified":"2020-04-23T14:05:01","modified_gmt":"2020-04-23T12:05:01","slug":"roland-kaiser-alles-oder-dich-fruehjahrs-tournee-verschiebung-in-2021","status":"publish","type":"post","link":"https:\/\/smago.de\/ws2\/schlager\/roland-kaiser-alles-oder-dich-fruehjahrs-tournee-verschiebung-in-2021\/","title":{"rendered":"ROLAND KAISER <br>&#8222;Alles oder Dich&#8220; Fr\u00fchjahrs-Tournee-Verschiebung in 2021&#8243;:"},"content":{"rendered":"<p><strong>Tickets behalten weiterhin f\u00fcr den jeweiligen Ersatztermin ihre G\u00fcltigkeit! Was Roland Kaiser sagt &#8230;:<br \/>\n<\/strong><!--more--><\/p>\n<p>&nbsp;<\/p>\n<p>&nbsp;<\/p>\n<p>&nbsp;<\/p>\n<p style=\"text-align: justify;\">Mit der neuerlichen Ausweitung des Veranstaltungsverbotes bis einschlie\u00dflich 31. August 2020 k\u00f6nnen auch die bereits in den Mai verschobenen Konzerttermine der \u201eAlles oder Dich\u201c Fr\u00fchjahrs-Tournee von ROLAND KAISER leider nicht stattfinden und m\u00fcssen in das Jahr 2021 verschoben werden.<\/p>\n<p>&nbsp;<\/p>\n<p>&nbsp;<\/p>\n<p>&nbsp;<\/p>\n<p>&nbsp;<\/p>\n<p style=\"text-align: justify;\"><strong>Die Ersatztermine stehen bereits fest:<\/strong><\/p>\n<p>&nbsp;<\/p>\n<p style=\"text-align: justify;\">12.03.2021 Kiel \/ Sparkassen-Arena (verschoben vom 20.03.20)<br \/>\n13.03.2021 Magdeburg \/ GETEC Arena (verschoben vom 14.03.20)<br \/>\n14.03.2021 Magdeburg \/ GETEC Arena (verschoben vom 15.03.20)<br \/>\n18.03.2021 Leipzig \/ QUARTERBACK Immobilien Arena<br \/>\n(verschoben vom 27.03.20)<br \/>\n19.03.2021 Zwickau \/ Stadthalle Zwickau (verschoben vom 26.03.20)<br \/>\n20.03.2021 Schwerin \/ Sport- und Kongresshalle (verschoben vom 28.03.20)<br \/>\n25.03.2021 Stuttgart \/ Hanns-Martin-Schleyer-Halle (verschoben vom 04.04.20)<br \/>\n26.03.2021 Riesa \/ SACHSENarena (verschoben vom 13.03.20)<br \/>\n27.03.2021 Berlin \/ Mercedes-Benz Arena (verschoben vom 21.03.20)<br \/>\n08.04.2021 Neubrandenburg \/ Jahnsportforum (verschoben vom 02.04.20)<br \/>\n09.04.2021 Hannover \/ ZAG Arena ehm. TUI Arena (verschoben vom 03.04.20)<br \/>\n10.04.2021 Braunschweig \/ Volkswagen Halle (verschoben vom 19.03.20)<br \/>\n11.04.2021 Dortmund \/ Westfalenhalle (verschoben vom 05.04.20)<\/p>\n<p>&nbsp;<\/p>\n<p>&nbsp;<\/p>\n<p>&nbsp;<\/p>\n<p>&nbsp;<\/p>\n<p style=\"text-align: justify;\"><strong>Tickets behalten weiterhin f\u00fcr den jeweiligen Ersatztermin ihre G\u00fcltigkeit<\/strong><\/p>\n<p>&nbsp;<\/p>\n<p style=\"text-align: justify;\">Es wird aktuell mit allen Kr\u00e4ften daran gearbeitet, f\u00fcr die Roland Kaiser Open Air-Termine sowie f\u00fcr die KAISERMANIA, die bis Ende August 2020 stattgefunden h\u00e4tten und ebenfalls unter das Veranstaltungsverbot des jeweiligen Bundeslandes fallen, schnellstm\u00f6glich Ersatztermine zu finden. Alle Fans werden bis zur kommenden Woche um etwas Geduld gebeten. Auch diese Tickets behalten nat\u00fcrlich weiterhin ihre G\u00fcltigkeit!<\/p>\n<p style=\"text-align: justify;\">Roland Kaiser: <em>\u201eSo sehr meine Band und ich es auch bedauern, meine &#8218;Alles oder Dich&#8216; Tournee-Termine aus diesem Fr\u00fchjahr erneut verschieben zu m\u00fcssen, als auch alle meine anstehenden Open Air \u2013 Konzerte inklusive der KAISERMANIA \u2013 die mir besonders am Herzen liegt \u2013 so begr\u00fc\u00dfe ich die Entscheidung der Bundesregierung und zust\u00e4ndigen Beh\u00f6rden als absolut richtigen Schritt. Dar\u00fcber hinaus m\u00f6chte ich mich an dieser Stelle f\u00fcr die Geduld, das Verst\u00e4ndnis und das Vertrauen meiner Fans bedanken. Ich verspreche Euch, dass auch die Sommer-Termine und die KAISERMANIA-Termine neu gesetzt und diese Termine schnellstm\u00f6glich mitgeteilt werden. Behaltet Eure Tickets und freut Euch schon jetzt mit mir auf die Ersatztermine! Bis bald und bleibt gesund!\u201c.<\/em><\/p>\n","protected":false},"excerpt":{"rendered":"<p>Tickets behalten weiterhin f\u00fcr den jeweiligen Ersatztermin ihre G\u00fcltigkeit! Was Roland Kaiser sagt &#8230;:<\/p>\n","protected":false},"author":2,"featured_media":144595,"comment_status":"open","ping_status":"closed","sticky":false,"template":"","format":"standard","meta":{"_FSMCFIC_featured_image_caption":"","_FSMCFIC_featured_image_nocaption":"","_FSMCFIC_featured_image_hide":""},"categories":[29,39],"tags":[207],"acf":[],"_links":{"self":[{"href":"https:\/\/smago.de\/ws2\/wp-json\/wp\/v2\/posts\/145439"}],"collection":[{"href":"https:\/\/smago.de\/ws2\/wp-json\/wp\/v2\/posts"}],"about":[{"href":"https:\/\/smago.de\/ws2\/wp-json\/wp\/v2\/types\/post"}],"author":[{"embeddable":true,"href":"https:\/\/smago.de\/ws2\/wp-json\/wp\/v2\/users\/2"}],"replies":[{"embeddable":true,"href":"https:\/\/smago.de\/ws2\/wp-json\/wp\/v2\/comments?post=145439"}],"version-history":[{"count":2,"href":"https:\/\/smago.de\/ws2\/wp-json\/wp\/v2\/posts\/145439\/revisions"}],"predecessor-version":[{"id":145441,"href":"https:\/\/smago.de\/ws2\/wp-json\/wp\/v2\/posts\/145439\/revisions\/145441"}],"wp:featuredmedia":[{"embeddable":true,"href":"https:\/\/smago.de\/ws2\/wp-json\/wp\/v2\/media\/144595"}],"wp:attachment":[{"href":"https:\/\/smago.de\/ws2\/wp-json\/wp\/v2\/media?parent=145439"}],"wp:term":[{"taxonomy":"category","embeddable":true,"href":"https:\/\/smago.de\/ws2\/wp-json\/wp\/v2\/categories?post=145439"},{"taxonomy":"post_tag","embeddable":true,"href":"https:\/\/smago.de\/ws2\/wp-json\/wp\/v2\/tags?post=145439"}],"curies":[{"name":"wp","href":"https:\/\/api.w.org\/{rel}","templated":true}]}}