{"id":145426,"date":"2020-04-23T13:28:40","date_gmt":"2020-04-23T11:28:40","guid":{"rendered":"https:\/\/online.smago.de\/ws2\/?p=145426"},"modified":"2020-04-23T13:28:40","modified_gmt":"2020-04-23T11:28:40","slug":"joey-kelly-u-a-joey-kelly-startet-die-24h-kelly-corona-challenge","status":"publish","type":"post","link":"https:\/\/smago.de\/ws2\/schlager\/joey-kelly-u-a-joey-kelly-startet-die-24h-kelly-corona-challenge\/","title":{"rendered":"JOEY KELLY u.a. <br>Joey Kelly startet die &#8222;24h Kelly Corona Challenge&#8220;:"},"content":{"rendered":"<p>&#8222;Gemeinsam gegen Corona \u2013 gemeinsam f\u00fcr Kinder\u201c!<br \/>\n<!--more--><\/p>\n<p>&nbsp;<\/p>\n<p style=\"text-align: justify;\">\n<div class=\"text\" style=\"text-align: justify;\">\n<p>Warum bis zum n\u00e4chsten RTL-Spendenmarathon warten? Joey Kelly will jetzt bed\u00fcrftigen Kindern, die besonders hart von der Corona-Krise betroffen sind, helfen. Daher startet der Ausdauersportler schon in dieser Woche seine n\u00e4chste 24-Stunden-Ausdauer-Aktion.<\/p>\n<\/div>\n<div class=\"text\">\n<p style=\"text-align: justify;\">Live in \u201eGuten Morgen Deutschland\u201c beginnt am Donnerstag, 23. April kurz nach 8.00 Uhr die \u201e24h Kelly Corona Challenge\u201c. Aufgrund der aktuellen Situation findet diese sportliche Herausforderung nat\u00fcrlich bei Joey Kelly zu Hause statt. \u201eIch kann nicht nur auf meinem Hof rumsitzen. Ich will helfen und mache das, was ich am besten kann: mit verr\u00fcckten Challenges Geld f\u00fcr bed\u00fcrftige Kinder sammeln. Ich freue mich \u00fcber jeden, der nicht nur spendet, sondern zu Hause mitmacht und mich damit unterst\u00fctzt\u201c, so Joey Kelly.<\/p>\n<p style=\"text-align: justify;\">24 Stunden, 24 Sportarten \u2013 alles daheim! Auf dem Crosstrainer, Laufband oder Hochseil, beim Treppensteigen, Tischtennis, Eierlauf oder Holzhacken \u2013 rund um die Uhr und ohne Pause will Joey Kelly in Action sein und dabei Spenden sammeln. Alle Gelder kommen \u201eGemeinsam gegen Corona \u2013 gemeinsam f\u00fcr Kinder\u201c, einer Aktion von \u201eRTL \u2013 Wir helfen Kindern\u201c, zu Gute. \u201eSeit dem 18. M\u00e4rz sammeln wir f\u00fcr bed\u00fcrftige Kinder, die besonders hart vom Coronavirus betroffen sind. Mehr als 657.000 Euro sind bereits zusammengekommen. Und Dank unserem Freund Joey wird es jetzt bestimmt noch ein wenig mehr\u201c, so Wolfram Kons, Charity Gesamtleiter RTL.<\/p>\n<p style=\"text-align: justify;\">Prominente Unterst\u00fctzung bekommt Joey Kelly unter anderem von \u201eLet\u2019s Dance\u201c-Jurorin Motsi Mabuse, den Sportlegenden Britta Heidemann, Kristina Vogel, Timo Boll, Fredi Bobic, Magdalena Neuner, Christian Danner, J\u00fcrgen Hingsen, Lars Riedel, Julius Brink oder Fu\u00dfballmanager-Legende Reiner Calmund. Sie alle werden sich digital einschalten!<\/p>\n<p style=\"text-align: justify;\">RTL.de streamt die \u201e24h Kelly Corona Challenge\u201c 24 Stunden live. Zudem begleitet die Mediengruppe RTL Deutschland dieses besondere Event im TV-Programm und auf ihren digitalen Kan\u00e4len \u2013 u.a. auf Social Media und im Livestream bei NOW!. Das TVNOW Stream Team &#8211; Cornelius Strittmatter und Eric Schroth &#8211; ist auch rund um die Uhr vor Ort und f\u00fchrt die User moderativ durch alle Challenges.<\/p>\n<p>&nbsp;<\/p>\n<p style=\"text-align: justify;\">Hashtags zur Aktion: #kellycoronachallenge, #rtlwirhelfenkindern<\/p>\n<p>&nbsp;<\/p>\n<p style=\"text-align: justify;\">Das REKORD-INSTITUT f\u00fcr DEUTSCHLAND begleitet die \u201e24h Kelly Corona Challenge\u201c und pr\u00fcft ob Joey Kelly damit den Weltrekord f\u00fcr die \u201emeisten nonstop aufeinanderfolgend ausgef\u00fchrten Sportarten\u201c aufstellt. Wenn Joey Kelly das gelingt, hat er seinen zehnten Weltrekord erk\u00e4mpft!<\/p>\n<\/div>\n<p>&nbsp;<\/p>\n<p>&nbsp;<\/p>\n<p>&nbsp;<\/p>\n<p>&nbsp;<\/p>\n<div class=\"text\">\n<p style=\"text-align: justify;\"><strong>\u201eGemeinsam gegen Corona \u2013 gemeinsam f\u00fcr Kinder\u201c: 657.000 Euro f\u00fcr bed\u00fcrftige Kinder in Deutschland<\/strong><\/p>\n<\/div>\n<p>&nbsp;<\/p>\n<p>&nbsp;<\/p>\n<div class=\"text\">\n<p style=\"text-align: justify;\">Mit den Spenden werden die unz\u00e4hligen Kinder in Deutschland, die aktuell weder zur Schule noch in Betreuungseinrichtungen wie die RTL-Kinderh\u00e4user gehen k\u00f6nnen, unterst\u00fctzt. Gerade in sozialen Brennpunkten ist f\u00fcr viele eine sinnvolle Besch\u00e4ftigung zu Hause nicht m\u00f6glich. Gemeinsam mit den langj\u00e4hrigen Kooperationspartnern Caritas und \u201eDie Arche\u201c hilft \u201eRTL \u2013 Wir helfen Kindern\u201c betroffenen Kinder unter anderem durch die Verteilung von \u00dcbungsb\u00fcchern, kreativen Spielen und Lernmaterialien. Die Ausgabe erfolgt \u00fcber die bundesweit angesiedelten RTL-Kinderh\u00e4user, die \u00fcber ein starkes Netzwerk und direkte Kontakte zu den bed\u00fcrftigen Familien verf\u00fcgen.<\/p>\n<p style=\"text-align: justify;\">Auch schwerst behinderte und lebensverk\u00fcrzt erkrankte Kinder, die im mobilen Pflegedienst gepflegt werden, brauchen jetzt verst\u00e4rkt Unterst\u00fctzung. Damit der mobile Pflegedienst aufrechterhalten werden kann und die Kinder nicht in Krankenh\u00e4user verlegt werden m\u00fcssen, sind massiv erh\u00f6hte Hygieneanforderungen zu erf\u00fcllen. Um die Isolation der Familien mit diesen Kindern aufzubrechen, baut unser Kooperationspartner Nestw\u00e4rme e.V. zus\u00e4tzlich eine bundesweite digitale Beratung und Betreuung der Betroffenen auf.<\/p>\n<\/div>\n<p>&nbsp;<\/p>\n<p>&nbsp;<\/p>\n<p>&nbsp;<\/p>\n<p>&nbsp;<\/p>\n<div class=\"text\">\n<p style=\"text-align: justify;\"><strong>Helfen auch Sie mit und spenden Sie!<\/strong><\/p>\n<\/div>\n<p>&nbsp;<\/p>\n<div class=\"text\">\n<p style=\"text-align: justify;\">\n<p style=\"text-align: justify;\"><u>Spenden per \u00dcberweisung<\/u><\/p>\n<p>&nbsp;<\/p>\n<p style=\"text-align: justify;\">Spendenkonto:<\/p>\n<p style=\"text-align: justify;\">Empf\u00e4nger: Stiftung RTL<\/p>\n<p style=\"text-align: justify;\">Stichwort: Corona Konto: DE55 370 605 905 605 605 605 BIC: GENODED1SPK<\/p>\n<p style=\"text-align: justify;\">Bank: Sparda-Bank West<\/p>\n<\/div>\n<p>&nbsp;<\/p>\n<p>&nbsp;<\/p>\n<div class=\"text\">\n<p style=\"text-align: justify;\"><u>Spende per SMS<\/u><\/p>\n<p>&nbsp;<\/p>\n<p style=\"text-align: justify;\">10 Euro-SMS:<\/p>\n<p style=\"text-align: justify;\">Sende das Wort Corona an die 44 8 44<\/p>\n<p style=\"text-align: justify;\">(10 Euro\/SMS + ggf. Transportkosten)<\/p>\n<p style=\"text-align: justify;\">\n<p style=\"text-align: justify;\">Oder online unter <a href=\"http:\/\/www.rtlwirhelfenkindern.de\/\">www.rtlwirhelfenkindern.de<\/a><\/p>\n<\/div>\n<p>&nbsp;<\/p>\n<p>&nbsp;<\/p>\n<figure id=\"attachment_145428\" aria-describedby=\"caption-attachment-145428\" style=\"width: 800px\" class=\"wp-caption alignnone\"><img decoding=\"async\" loading=\"lazy\" class=\"size-colormag-featured-post-medium wp-image-145428\" src=\"https:\/\/online.smago.de\/ws2\/wp-content\/uploads\/2020\/04\/1704768-800x450.jpg\" alt=\"\" width=\"800\" height=\"450\" srcset=\"https:\/\/smago.de\/ws2\/wp-content\/uploads\/2020\/04\/1704768-800x450.jpg 800w, https:\/\/smago.de\/ws2\/wp-content\/uploads\/2020\/04\/1704768-522x294.jpg 522w, https:\/\/smago.de\/ws2\/wp-content\/uploads\/2020\/04\/1704768-267x150.jpg 267w, https:\/\/smago.de\/ws2\/wp-content\/uploads\/2020\/04\/1704768-768x432.jpg 768w, https:\/\/smago.de\/ws2\/wp-content\/uploads\/2020\/04\/1704768-1536x864.jpg 1536w, https:\/\/smago.de\/ws2\/wp-content\/uploads\/2020\/04\/1704768-2048x1152.jpg 2048w, https:\/\/smago.de\/ws2\/wp-content\/uploads\/2020\/04\/1704768-392x220.jpg 392w, https:\/\/smago.de\/ws2\/wp-content\/uploads\/2020\/04\/1704768-130x73.jpg 130w, https:\/\/smago.de\/ws2\/wp-content\/uploads\/2020\/04\/1704768-791x445.jpg 791w, https:\/\/smago.de\/ws2\/wp-content\/uploads\/2020\/04\/1704768-870x489.jpg 870w, https:\/\/smago.de\/ws2\/wp-content\/uploads\/2020\/04\/1704768-292x164.jpg 292w, https:\/\/smago.de\/ws2\/wp-content\/uploads\/2020\/04\/1704768-435x245.jpg 435w, https:\/\/smago.de\/ws2\/wp-content\/uploads\/2020\/04\/1704768-895x503.jpg 895w\" sizes=\"(max-width: 800px) 100vw, 800px\" \/><figcaption id=\"caption-attachment-145428\" class=\"wp-caption-text\"><em>Foto-Credit: MG RTL D<\/em><\/figcaption><\/figure>\n","protected":false},"excerpt":{"rendered":"<p>&#8222;Gemeinsam gegen Corona \u2013 gemeinsam f\u00fcr Kinder\u201c!<\/p>\n","protected":false},"author":2,"featured_media":145427,"comment_status":"open","ping_status":"closed","sticky":false,"template":"","format":"standard","meta":{"_FSMCFIC_featured_image_caption":"","_FSMCFIC_featured_image_nocaption":"","_FSMCFIC_featured_image_hide":""},"categories":[29,128],"tags":[709],"acf":[],"_links":{"self":[{"href":"https:\/\/smago.de\/ws2\/wp-json\/wp\/v2\/posts\/145426"}],"collection":[{"href":"https:\/\/smago.de\/ws2\/wp-json\/wp\/v2\/posts"}],"about":[{"href":"https:\/\/smago.de\/ws2\/wp-json\/wp\/v2\/types\/post"}],"author":[{"embeddable":true,"href":"https:\/\/smago.de\/ws2\/wp-json\/wp\/v2\/users\/2"}],"replies":[{"embeddable":true,"href":"https:\/\/smago.de\/ws2\/wp-json\/wp\/v2\/comments?post=145426"}],"version-history":[{"count":1,"href":"https:\/\/smago.de\/ws2\/wp-json\/wp\/v2\/posts\/145426\/revisions"}],"predecessor-version":[{"id":145429,"href":"https:\/\/smago.de\/ws2\/wp-json\/wp\/v2\/posts\/145426\/revisions\/145429"}],"wp:featuredmedia":[{"embeddable":true,"href":"https:\/\/smago.de\/ws2\/wp-json\/wp\/v2\/media\/145427"}],"wp:attachment":[{"href":"https:\/\/smago.de\/ws2\/wp-json\/wp\/v2\/media?parent=145426"}],"wp:term":[{"taxonomy":"category","embeddable":true,"href":"https:\/\/smago.de\/ws2\/wp-json\/wp\/v2\/categories?post=145426"},{"taxonomy":"post_tag","embeddable":true,"href":"https:\/\/smago.de\/ws2\/wp-json\/wp\/v2\/tags?post=145426"}],"curies":[{"name":"wp","href":"https:\/\/api.w.org\/{rel}","templated":true}]}}