{"id":145248,"date":"2020-04-18T00:00:13","date_gmt":"2020-04-17T22:00:13","guid":{"rendered":"https:\/\/online.smago.de\/ws2\/?p=145248"},"modified":"2020-04-17T22:17:19","modified_gmt":"2020-04-17T20:17:19","slug":"europa-park-europa-park-rulantica-die-europa-park-hotels-bis-auf-weiteres-geschlossen","status":"publish","type":"post","link":"https:\/\/smago.de\/ws2\/smago-informiert\/europa-park-europa-park-rulantica-die-europa-park-hotels-bis-auf-weiteres-geschlossen\/","title":{"rendered":"EUROPA-PARK <br>Europa-Park, Rulantica &#038; die Europa-Park Hotels bis auf Weiteres geschlossen!"},"content":{"rendered":"<p style=\"text-align: justify;\">Lesen Sie HIER eine Stellungnahme der Familie Mack &#8230;:<br \/>\n<!--more--><\/p>\n<p>&nbsp;<\/p>\n<p>&nbsp;<\/p>\n<p style=\"text-align: justify;\"><em><strong>Liebe G\u00e4ste und Freunde des Europa-Park und Rulantica,<\/strong><\/em><\/p>\n<p>&nbsp;<\/p>\n<p style=\"text-align: justify;\"><em>aufgrund der weiterhin unsicheren Entwicklung hinsichtlich des Coronavirus bleiben sowohl die Wasserwelt Rulantica, der Europa-Park als auch die Europa-Park Hotels, das Camp Resort sowie das Camping vorerst \u00fcber den 19. April hinaus geschlossen.<\/em><\/p>\n<p style=\"text-align: justify;\"><em>Diese Ma\u00dfnahme setzt die Inhaberfamilie Mack schweren Herzens um, jedoch genie\u00dfen die Sicherheit und Gesundheit der G\u00e4ste und Mitarbeiter seit jeher h\u00f6chste Priorit\u00e4t. Wir stehen in engem Kontakt mit Beh\u00f6rden, der Politik und Experten und handeln bzw. planen in \u00dcbereinstimmung mit den staatlichen Ma\u00dfnahmen.<\/em><\/p>\n<p style=\"text-align: justify;\"><em>Wir begr\u00fc\u00dfen ausdr\u00fccklich die am 15.04. von der Bundesregierung angek\u00fcndigten, bundesweiten Lockerungen der Corona-Ma\u00dfnahmen und sind zuversichtlich, in naher Zukunft im Einklang mit den beh\u00f6rdlichen Vorgaben unseren Betrieb wieder aufnehmen zu k\u00f6nnen.<\/em><\/p>\n<p style=\"text-align: justify;\"><em>\u00dcber die Social Media Kan\u00e4le des <a href=\"https:\/\/www.facebook.com\/europapark\" target=\"_blank\" rel=\"noopener noreferrer\">Europa-Park<\/a> und der Wasserwelt <a href=\"https:\/\/de-de.facebook.com\/rulantica.official\" target=\"_blank\" rel=\"noopener noreferrer\">Rulantica<\/a> sowie dieser Infoseite informieren wir Sie \u00fcber die aktuellen Entwicklungen.<\/em><\/p>\n<p style=\"text-align: justify;\"><em>Der Europa-Park, die Europa-Park Hotels und die Wasserwelt Rulantica sind bereits jetzt vorbereitet, jederzeit \u00f6ffnen zu k\u00f6nnen: die Showprogramme sind ausgearbeitet, die Attraktionen in Startposition und die Gartenanlagen zeigen sich in voller Pracht.<\/em><\/p>\n<p style=\"text-align: justify;\"><em>Unser gr\u00f6\u00dfter Wunsch ist es, Sie liebe Besucher, baldm\u00f6glichst wieder lachend hier vor Ort begr\u00fc\u00dfen zu d\u00fcrfen. Wir bauen weiterhin auf Ihre Treue in diesen herausfordernden Zeiten und freuen uns auf ein baldiges Wiedersehen.<\/em><\/p>\n<p>&nbsp;<\/p>\n<p style=\"text-align: justify;\"><em><strong>Ihre Familie Mack<\/strong><\/em><\/p>\n","protected":false},"excerpt":{"rendered":"<p>Lesen Sie HIER eine Stellungnahme der Familie Mack &#8230;:<\/p>\n","protected":false},"author":2,"featured_media":145249,"comment_status":"open","ping_status":"closed","sticky":false,"template":"","format":"standard","meta":{"_FSMCFIC_featured_image_caption":"","_FSMCFIC_featured_image_nocaption":"","_FSMCFIC_featured_image_hide":""},"categories":[33],"tags":[],"acf":[],"_links":{"self":[{"href":"https:\/\/smago.de\/ws2\/wp-json\/wp\/v2\/posts\/145248"}],"collection":[{"href":"https:\/\/smago.de\/ws2\/wp-json\/wp\/v2\/posts"}],"about":[{"href":"https:\/\/smago.de\/ws2\/wp-json\/wp\/v2\/types\/post"}],"author":[{"embeddable":true,"href":"https:\/\/smago.de\/ws2\/wp-json\/wp\/v2\/users\/2"}],"replies":[{"embeddable":true,"href":"https:\/\/smago.de\/ws2\/wp-json\/wp\/v2\/comments?post=145248"}],"version-history":[{"count":2,"href":"https:\/\/smago.de\/ws2\/wp-json\/wp\/v2\/posts\/145248\/revisions"}],"predecessor-version":[{"id":145251,"href":"https:\/\/smago.de\/ws2\/wp-json\/wp\/v2\/posts\/145248\/revisions\/145251"}],"wp:featuredmedia":[{"embeddable":true,"href":"https:\/\/smago.de\/ws2\/wp-json\/wp\/v2\/media\/145249"}],"wp:attachment":[{"href":"https:\/\/smago.de\/ws2\/wp-json\/wp\/v2\/media?parent=145248"}],"wp:term":[{"taxonomy":"category","embeddable":true,"href":"https:\/\/smago.de\/ws2\/wp-json\/wp\/v2\/categories?post=145248"},{"taxonomy":"post_tag","embeddable":true,"href":"https:\/\/smago.de\/ws2\/wp-json\/wp\/v2\/tags?post=145248"}],"curies":[{"name":"wp","href":"https:\/\/api.w.org\/{rel}","templated":true}]}}