{"id":144775,"date":"2020-04-07T13:58:05","date_gmt":"2020-04-07T11:58:05","guid":{"rendered":"https:\/\/online.smago.de\/ws2\/?p=144775"},"modified":"2020-04-07T13:58:27","modified_gmt":"2020-04-07T11:58:27","slug":"sing-meinen-song-das-tauschkonzert-7-staffel-von-sing-meinen-song-das-tauschkonzert-ab-05-05-2020-vox","status":"publish","type":"post","link":"https:\/\/smago.de\/ws2\/pop\/sing-meinen-song-das-tauschkonzert-7-staffel-von-sing-meinen-song-das-tauschkonzert-ab-05-05-2020-vox\/","title":{"rendered":"&#8222;SING MEINEN SONG &#8211; DAS TAUSCHKONZERT&#8220; <br>7. Staffel von &#8222;Sing meinen Song &#8211; Das Tauschkonzert\u201c ab 05.05.2020 (VOX)!"},"content":{"rendered":"<p>Michael Patrick Kelly bleibt weiterhin Gastgeber!<br \/>\n<!--more--><\/p>\n<p>&nbsp;<\/p>\n<p>&nbsp;<\/p>\n<p>&nbsp;<\/p>\n<div class=\"text\" style=\"text-align: justify;\">\n<p>Mit sechs neuen hochkar\u00e4tigen Musikern im Gep\u00e4ck kehrt Michael Patrick Kelly nach seiner Tauschkonzert-Teilnahme 2017 und seiner ersten Gastgeber-T\u00e4tigkeit 2019 erneut als Host von \u201eSing meinen Song\u201c nach S\u00fcdafrika zur\u00fcck: Max Giesinger, LEA, MoTrip, Nico Santos, Jan Plewka und Ilse DeLange sind seiner Einladung gefolgt und haben ihre gr\u00f6\u00dften Hits mitgebracht, um sie der Reihe nach zum Tausch anzubieten.<\/p>\n<\/div>\n<div class=\"text\">\n<p style=\"text-align: justify;\">In der 7. Staffel der Musik-Event-Reihe (ab 05.05. dienstags um 20:15 Uhr bei VOX) steht wieder jede Woche einer der K\u00fcnstler und seine gr\u00f6\u00dften Songs im Fokus, die dann von den anderen K\u00fcnstlern neu interpretiert werden: Was macht Max Giesinger aus MoTrips erfolgreichstem Song \u201eSo wie du bist\u201c? Wie h\u00f6rt sich der Hit \u201eBetter\u201c von Nico Santos in einer ganz neuen Version von \u201eSelig\u201c-Frontmann Jan Plewka an? Wie klingt Ilse DeLanges \u201eLove goes on\u201c interpretiert von Michael Patrick Kelly? Und wie wird dessen Song \u201eFriends are family\u201c von LEA ver\u00e4ndert? So hat man die Songs dieser sieben Musik-Acts noch nie geh\u00f6rt!<\/p>\n<p style=\"text-align: justify;\">In drei Special-Folgen direkt im Anschluss an die neue Staffel wirft VOX einen Blick zur\u00fcck auf die gr\u00f6\u00dften \u00dcberraschungen, die besten Duette und die lustigsten Momente aus sieben Staffeln.<\/p>\n<\/div>\n<p>&nbsp;<\/p>\n<p>&nbsp;<\/p>\n<p>&nbsp;<\/p>\n<div class=\"text\">\n<p style=\"text-align: justify;\"><strong><u>Die Ausstrahlungstermine von \u201eSing meinen Song\u201c im \u00dcberblick:<\/u><\/strong><\/p>\n<\/div>\n<p>&nbsp;<\/p>\n<div class=\"text\">\n<p style=\"text-align: justify;\">05.05., Folge 1: Max Giesinger<\/p>\n<p style=\"text-align: justify;\">12.05., Folge 2: Nico Santos<\/p>\n<p style=\"text-align: justify;\">19.05., Folge 3: Ilse DeLange<\/p>\n<p style=\"text-align: justify;\">26.05., Folge 4: MoTrip<\/p>\n<p style=\"text-align: justify;\">02.06., Folge 5: Jan Plewka<\/p>\n<p style=\"text-align: justify;\">09.06., Folge 6: LEA<\/p>\n<p style=\"text-align: justify;\">16.06., Folge 7: Michael Patrick Kelly<\/p>\n<p style=\"text-align: justify;\">23.06., Folge 8: Duette<\/p>\n<p style=\"text-align: justify;\">30.06., Die gr\u00f6\u00dften \u00dcberraschungen<\/p>\n<p style=\"text-align: justify;\">07.07., Die besten Duette<\/p>\n<p style=\"text-align: justify;\">14.07., Die lustigsten Momente<\/p>\n<\/div>\n<p>&nbsp;<\/p>\n<div class=\"text\">\n<p style=\"text-align: justify;\">Alle Folgen von \u201eSing meinen Song &#8211; Das Tauschkonzert\u201c sind 7 Tage nach Ausstrahlung der letzten Folge kostenlos auf TVNOW abrufbar sowie im Premiumbereich bereits 7 Tage vor Ausstrahlung und ein ganzes Jahr lang nach Ende der Staffel verf\u00fcgbar.<\/p>\n<\/div>\n<p>&nbsp;<\/p>\n<p>&nbsp;<\/p>\n<p>&nbsp;<\/p>\n<div class=\"text\">\n<p style=\"text-align: justify;\"><strong>Die Erfolge von \u201eSing meinen Song &#8211; Das Tauschkonzert\u201c:<\/strong><\/p>\n<p>&nbsp;<\/p>\n<p style=\"text-align: justify;\">In der Musik-Event-Reihe stellen sich sieben Ausnahme-Musiker vor atemberaubender Kulisse und in ganz entspannter Atmosph\u00e4re in S\u00fcdafrika einer gro\u00dfen musikalischen Herausforderung: Sie interpretieren die Songs ihrer Kollegen neu. Und das seit 2014 mit gro\u00dfem Erfolg! Bis zu 2,96 Millionen Zuschauer ab 3 Jahren verfolgten bislang \u201eSing meinen Song\u201c. In der Zielgruppe der 14- bis 59-J\u00e4hrigen erzielte das Tauschkonzert Marktanteile von bis zu 16,2 Prozent, bei den 14- bis 49-J\u00e4hrigen lag er sogar bei sehr starken 20,3 Prozent. Dar\u00fcber hinaus ist die Musik-Event-Reihe mit dem Deutschen Fernsehpreis (2014), der Goldenen Kamera (2018), dem Bambi (2015) sowie dem ECHO (2015) ausgezeichnet worden und war unter anderem f\u00fcr den Grimme-Preis (2015) nominiert.<\/p>\n<p>&nbsp;<\/p>\n<\/div>\n<p>&nbsp;<\/p>\n<p>&nbsp;<\/p>\n<div class=\"text\">\n<p>&nbsp;<\/p>\n<p style=\"text-align: justify;\"><strong>Das Album zur Sendung:<\/strong><\/p>\n<p>&nbsp;<\/p>\n<p style=\"text-align: justify;\">Nicht nur im Fernsehen, sondern auch in den Charts ist das VOX-Format seit jeher ein voller Erfolg. Die bisher erschienenen 12 Alben zur Sendung erreichten insgesamt siebenfachen Gold- und sechsfachen Platinstatus sowie ann\u00e4hernd 150 Mio. Streams. Und auch in diesem Jahr gibt es die begleitende Compilation \u201eSing meinen Song &#8211; Das Tauschkonzert Vol. 7\u201c, die am 22. Mai 2020 als Standard-Version mit 14 Songs sowie als Super Deluxe Digipak mit drei CDs erscheint, inkl. den 42 Tauschsongs auf Doppel-CD und erstmalig mit den acht Duetten auf einer weiteren Audio-CD. Dar\u00fcber hinaus gibt es erneut die Fan-Box mit dem Deluxe Digipack sowie einer DVD mit den Duetten aus der Sendung, hochwertigen Bluetooth-In-Ear-Kopfh\u00f6rern, einem exklusiven 60-seitigen \u201eSing meinen Song\u201c-Buch mit Infos und vielen Fotos zur aktuellen Staffel sowie Postkarten von den mitwirkenden K\u00fcnstlern dieser Staffel und einem gro\u00dfen Poster.<\/p>\n<\/div>\n<p>&nbsp;<\/p>\n<p>&nbsp;<\/p>\n<p>&nbsp;<\/p>\n<p>&nbsp;<\/p>\n<div class=\"text\">\n<p style=\"text-align: justify;\"><strong>\u201eDie Story\u201c im Anschluss an das Tauschkonzert:<\/strong><\/p>\n<p>&nbsp;<\/p>\n<p style=\"text-align: justify;\">Auch im Anschluss an \u201eSing meinen Song &#8211; Das Tauschkonzert\u201c dreht sich ab dem 05.05. bei VOX alles um die teilnehmenden Musiker. Um 22:10 Uhr \u00fcbernimmt Moderatorin Annie Hoffmann das Kommando. In der Doku-Reihe \u201eDie Story\u201c begibt sie sich anhand von Fotos und Erinnerungsst\u00fccken mit den Tauschkonzert-K\u00fcnstlern auf eine Zeitreise durch ihr Privatleben und ihre Karriere.<\/p>\n<p style=\"text-align: justify;\">Das VOX-Promi-Magazin \u201eProminent!\u201c, das bereits im August und September f\u00fcr vier Wochen erfolgreich dienstags in einer Sp\u00e4tausgabe zu sehen war, kehrt ab 05.05. um 23:05 Uhr neben dem \u00fcblichen Sonntags-Sendeplatz mit den Moderatoren Laura Dahm und Amiaz Habtu zus\u00e4tzlich dienstags zur\u00fcck ins VOX-Programm.<\/p>\n<\/div>\n<p>&nbsp;<\/p>\n<p>&nbsp;<\/p>\n<div class=\"text\">\n<p style=\"text-align: justify;\">Hashtag zur Musik-Event-Reihe: #SingMeinenSong<\/p>\n<\/div>\n","protected":false},"excerpt":{"rendered":"<p>Michael Patrick Kelly bleibt weiterhin Gastgeber!<\/p>\n","protected":false},"author":2,"featured_media":144776,"comment_status":"open","ping_status":"closed","sticky":false,"template":"","format":"standard","meta":{"_FSMCFIC_featured_image_caption":"","_FSMCFIC_featured_image_nocaption":"","_FSMCFIC_featured_image_hide":""},"categories":[27,39,128],"tags":[663],"acf":[],"_links":{"self":[{"href":"https:\/\/smago.de\/ws2\/wp-json\/wp\/v2\/posts\/144775"}],"collection":[{"href":"https:\/\/smago.de\/ws2\/wp-json\/wp\/v2\/posts"}],"about":[{"href":"https:\/\/smago.de\/ws2\/wp-json\/wp\/v2\/types\/post"}],"author":[{"embeddable":true,"href":"https:\/\/smago.de\/ws2\/wp-json\/wp\/v2\/users\/2"}],"replies":[{"embeddable":true,"href":"https:\/\/smago.de\/ws2\/wp-json\/wp\/v2\/comments?post=144775"}],"version-history":[{"count":2,"href":"https:\/\/smago.de\/ws2\/wp-json\/wp\/v2\/posts\/144775\/revisions"}],"predecessor-version":[{"id":144778,"href":"https:\/\/smago.de\/ws2\/wp-json\/wp\/v2\/posts\/144775\/revisions\/144778"}],"wp:featuredmedia":[{"embeddable":true,"href":"https:\/\/smago.de\/ws2\/wp-json\/wp\/v2\/media\/144776"}],"wp:attachment":[{"href":"https:\/\/smago.de\/ws2\/wp-json\/wp\/v2\/media?parent=144775"}],"wp:term":[{"taxonomy":"category","embeddable":true,"href":"https:\/\/smago.de\/ws2\/wp-json\/wp\/v2\/categories?post=144775"},{"taxonomy":"post_tag","embeddable":true,"href":"https:\/\/smago.de\/ws2\/wp-json\/wp\/v2\/tags?post=144775"}],"curies":[{"name":"wp","href":"https:\/\/api.w.org\/{rel}","templated":true}]}}