{"id":144768,"date":"2020-04-07T13:44:26","date_gmt":"2020-04-07T11:44:26","guid":{"rendered":"https:\/\/online.smago.de\/ws2\/?p=144768"},"modified":"2020-04-07T13:46:13","modified_gmt":"2020-04-07T11:46:13","slug":"talk-am-dienstag-zwoelf-heldinnen-und-helden-der-corona-krise-in-der-ndr-talk-show-zu-gast","status":"publish","type":"post","link":"https:\/\/smago.de\/ws2\/smago-informiert\/talk-am-dienstag-zwoelf-heldinnen-und-helden-der-corona-krise-in-der-ndr-talk-show-zu-gast\/","title":{"rendered":"&#8222;TALK AM DIENSTAG&#8220; <br>Zw\u00f6lf \u201eHeldinnen und Helden\u201c der Corona-Krise in der \u201eNDR Talk Show\u201c zu Gast!"},"content":{"rendered":"<p>Heute (07.04.2020), Das Erste \/ ARD, 22:45 Uhr &#8211; 00:45 Uhr! Moderation: Moderatoren <strong>Bettina Tietjen<\/strong> und <strong>J\u00f6rg Pilawa<\/strong>!<br \/>\n<!--more--><\/p>\n<p>&nbsp;<\/p>\n<h1 class=\"headline small\" style=\"text-align: justify;\"><\/h1>\n<p class=\"text small\" style=\"text-align: justify;\">Krisen erzeugen Kollektivit\u00e4t und Hilfsbereitschaft: Das m\u00f6chte die \u201eNDR Talk Show\u201c in der Reihe \u201eTalk am Dienstag\u201c zeigen. Aus aktuellem Anlass sprechen die Moderatoren <strong>Bettina Tietjen<\/strong> und <strong>J\u00f6rg Pilawa <\/strong>am heutigen Dienstag (07.04.2020) mit zw\u00f6lf Menschen, die sich w\u00e4hrend der Pandemie f\u00fcr eine gute Sache einsetzen und stark machen. Aufgrund der bestehenden Schutzma\u00dfnahmen werden die Gespr\u00e4che nacheinander mit jeweils einem Gast im Studio gef\u00fchrt &#8211; das gab es in der \u201eNDR Talk Show\u201c noch nie. \u201eIch freue mich darauf, Menschen kennenzulernen, die mitten in der Corona-Krise viel daf\u00fcr tun, damit unser Leben trotzdem weiterhin funktioniert. Menschen, die nicht im Rampenlicht stehen und Lob und Anerkennung verdienen \u2013 f\u00fcr ihren Mut, ihren Einfallsreichtum, ihre Geduld, ihre Selbstlosigkeit. Es ist Zeit, daf\u00fcr einmal Danke zu sagen\u201c, erkl\u00e4rt Bettina Tietjen.<\/p>\n<div class=\"clearMe\" style=\"text-align: justify;\"><\/div>\n<p class=\"text small\" style=\"text-align: justify;\">F\u00fcr jeden Gast gibt es einen prominenten Paten &#8211; von Kai Pflaume \u00fcber Thomas R\u00fchmann und Ina M\u00fcller bis hin zu Sasha -, die eine Gru\u00dfbotschaft schicken.<\/p>\n<div class=\"clearMe\" style=\"text-align: justify;\"><\/div>\n<p class=\"text small\" style=\"text-align: justify;\">Die G\u00e4ste der \u201eNDR Talk Show\u201c am Dienstag, 7. April, um 22.45 Uhr im Ersten:<\/p>\n<div class=\"clearMe\" style=\"text-align: justify;\"><\/div>\n<p class=\"text small\" style=\"text-align: justify;\">Ungewohnt viel Wertsch\u00e4tzung erf\u00e4hrt der Kieler <strong>Marcel Beier <\/strong>seit dem Lockdown. Er ist M\u00fcllwerker und hat im Moment mehr zu tun als sonst, weil viele Menschen viel Zeit haben und ausmisten. Dass sein Berufszweig eine ganz wichtige Aufgabe erf\u00fcllt, die die Krise andernfalls noch bedeutend verschlimmern w\u00fcrde, macht ihn stolz.<\/p>\n<div class=\"clearMe\" style=\"text-align: justify;\"><\/div>\n<p class=\"text small\" style=\"text-align: justify;\">Schnacken und Shoppen: Daf\u00fcr war <strong>Andrea Boldts<\/strong> Dorfladen in der N\u00e4he von Rostock bisher Anlaufstelle. Im Moment gibt es zwar keinen Mittagstisch mehr, ihren Laden betreibt die 47-J\u00e4hrige aber unvermindert engagiert weiter.<\/p>\n<div class=\"clearMe\" style=\"text-align: justify;\"><\/div>\n<p class=\"text small\" style=\"text-align: justify;\">Geschlossene Universit\u00e4ten, geschlossene Schulen \u2013 da z\u00e4hlte Mathematik-Student <strong>Tobias Bork<\/strong> Eins und Eins zusammen und startete die \u201eCorona School\u201c: Studenten bieten \u00fcber eine Plattform ehrenamtlich Nachhilfe f\u00fcr die an, die jetzt zuhause allein vor dem Rechner sitzen und sich die Haare raufen.<\/p>\n<div class=\"clearMe\" style=\"text-align: justify;\"><\/div>\n<p class=\"text small\" style=\"text-align: justify;\">Pato statt Pilates: Der aus Mexiko stammende Fitnesstrainer <strong>Pato<\/strong> <strong>Cervantes<\/strong> stellt sich jeden Vormittag zum Workout auf seinen Balkon. Und viele tun es ihm gleich \u2013 im Loogestieg in Hamburg wohnt inzwischen vermutlich Deutschlands fitteste Nachbarschaft.<\/p>\n<div class=\"clearMe\" style=\"text-align: justify;\"><\/div>\n<p class=\"text small\" style=\"text-align: justify;\"><strong>Jutta Fugmann-Gutzeit <\/strong>hat die Aktion \u201eHoffnungsbrief\u201c mit ins Leben gerufen: Die Menschen sind hierbei aufgefordert, Bewohnerinnen und Bewohnern von Senioren- und Pflegeheimen Briefe zu schreiben, um der Einsamkeit w\u00e4hrend des Besuchsverbots entgegenzuwirken.<\/p>\n<div class=\"clearMe\" style=\"text-align: justify;\"><\/div>\n<p class=\"text small\" style=\"text-align: justify;\">Mehr als doppelt so viele Anrufe wie vorher gehen in diesen Tagen bei der evangelischen Telefonseelsorge ein, die <strong>Babette Gl\u00f6ckner <\/strong>leitet. Tenor sei vor allem Verunsicherung bis zum Gef\u00fchl von Kontrollverlust. Die 100 ehrenamtlichen Seelsorger h\u00f6ren zu, spenden Trost und schaffen auch \u201eFake News\u201c aus der Welt.<\/p>\n<div class=\"clearMe\" style=\"text-align: justify;\"><\/div>\n<p class=\"text small\" style=\"text-align: justify;\">Nicht nur Krankenh\u00e4user stehen vor besonderen Herausforderungen, Land\u00e4rzten geht es \u00e4hnlich. <strong>Dr. Mareike Grebe<\/strong> aus Ostfriesland ist eine von ihnen und betreut selbst zwei Infizierte. Sie bietet extra Infektionssprechstunden in Schutzkleidung an, ihre Mitarbeiterinnen n\u00e4hen Mundschutzmasken f\u00fcr Patienten, die in die Praxis kommen.<\/p>\n<div class=\"clearMe\" style=\"text-align: justify;\"><\/div>\n<p class=\"text small\" style=\"text-align: justify;\">Krankenpfleger<strong> Alexander Jorde <\/strong>f\u00fchlte der Bundeskanzlerin 2017 live im Ersten kritisch auf den Zahn und schrieb inzwischen ein Buch \u00fcber den Notstand in seinem Berufsstand. Er arbeitet selbst auf einer Intensivstation und warnt: \u201eWir sind nicht gut vorbereitet.\u201c<\/p>\n<div class=\"clearMe\" style=\"text-align: justify;\"><\/div>\n<p class=\"text small\" style=\"text-align: justify;\">Als besonders findig hat sich Taxiunternehmerin <strong>Ingrid Kantoks-Albert <\/strong>erwiesen: Ihre Fahrzeuge sind jetzt \u201eHygiene-Taxis\u201c mit Folie zwischen Vorder- und R\u00fcckbank und Mundschutz- sowie Handschuhpflicht. Zu ihren Stammkunden z\u00e4hlen viele Risikopatienten, die jetzt weiterhin sicher von A nach B kommen.<\/p>\n<div class=\"clearMe\" style=\"text-align: justify;\"><\/div>\n<p class=\"text small\" style=\"text-align: justify;\">Ohne Feuerwehr wird es brandgef\u00e4hrlich \u2013 doch wie die Abstandsregel bei einem Gro\u00dfbrand einhalten, wie die Versorgung sichern, wenn eine Wehr aufgrund der Pandemie ausf\u00e4llt? Der Dithmarscher <strong>Hans Detlef Petersen <\/strong>ist Landwirt, B\u00fcrgermeister und bei der Freiwilligen Feuerwehr und kennt die Problematik daher von allen Seiten.<\/p>\n<div class=\"clearMe\" style=\"text-align: justify;\"><\/div>\n<p class=\"text small\" style=\"text-align: justify;\">Ebenfalls eine Plattform im Internet zum Austausch hat der 17-j\u00e4hrige <strong>Finn Felix Tebbe <\/strong>geschaffen. \u201eMaskmaker\u201c hei\u00dft sie und bringt die, die dringend Mundschutzmasken brauchen, mit denen zusammen, die sie n\u00e4hen k\u00f6nnen.<\/p>\n<div class=\"clearMe\" style=\"text-align: justify;\"><\/div>\n<p class=\"text small\" style=\"text-align: justify;\">\u201eKontaktbeamtin\u201c zu sein h\u00f6rt sich in diesen Tagen verboten an, doch Polizeikommissarin <strong>Nicoline Wiermann<\/strong> ist in L\u00fcneburg genau das \u2013 und bleibt es auch. Sie beobachtet mittendrin, wie die Menschen mit den neuen Regeln und einem anderen Leben umgehen.<\/p>\n","protected":false},"excerpt":{"rendered":"<p>Heute (07.04.2020), Das Erste \/ ARD, 22:45 Uhr &#8211; 00:45 Uhr! Moderation: Moderatoren Bettina Tietjen und J\u00f6rg Pilawa!<\/p>\n","protected":false},"author":2,"featured_media":144770,"comment_status":"open","ping_status":"closed","sticky":false,"template":"","format":"standard","meta":{"_FSMCFIC_featured_image_caption":"","_FSMCFIC_featured_image_nocaption":"","_FSMCFIC_featured_image_hide":""},"categories":[33,128],"tags":[1477],"acf":[],"_links":{"self":[{"href":"https:\/\/smago.de\/ws2\/wp-json\/wp\/v2\/posts\/144768"}],"collection":[{"href":"https:\/\/smago.de\/ws2\/wp-json\/wp\/v2\/posts"}],"about":[{"href":"https:\/\/smago.de\/ws2\/wp-json\/wp\/v2\/types\/post"}],"author":[{"embeddable":true,"href":"https:\/\/smago.de\/ws2\/wp-json\/wp\/v2\/users\/2"}],"replies":[{"embeddable":true,"href":"https:\/\/smago.de\/ws2\/wp-json\/wp\/v2\/comments?post=144768"}],"version-history":[{"count":1,"href":"https:\/\/smago.de\/ws2\/wp-json\/wp\/v2\/posts\/144768\/revisions"}],"predecessor-version":[{"id":144769,"href":"https:\/\/smago.de\/ws2\/wp-json\/wp\/v2\/posts\/144768\/revisions\/144769"}],"wp:featuredmedia":[{"embeddable":true,"href":"https:\/\/smago.de\/ws2\/wp-json\/wp\/v2\/media\/144770"}],"wp:attachment":[{"href":"https:\/\/smago.de\/ws2\/wp-json\/wp\/v2\/media?parent=144768"}],"wp:term":[{"taxonomy":"category","embeddable":true,"href":"https:\/\/smago.de\/ws2\/wp-json\/wp\/v2\/categories?post=144768"},{"taxonomy":"post_tag","embeddable":true,"href":"https:\/\/smago.de\/ws2\/wp-json\/wp\/v2\/tags?post=144768"}],"curies":[{"name":"wp","href":"https:\/\/api.w.org\/{rel}","templated":true}]}}