{"id":144763,"date":"2020-04-07T13:40:05","date_gmt":"2020-04-07T11:40:05","guid":{"rendered":"https:\/\/online.smago.de\/ws2\/?p=144763"},"modified":"2020-04-07T13:41:23","modified_gmt":"2020-04-07T11:41:23","slug":"petra-frey-simone-waterloo-u-a-mr-song-contest-proudly-presents-der-kleine-song-contest","status":"publish","type":"post","link":"https:\/\/smago.de\/ws2\/pop-schlager\/petra-frey-simone-waterloo-u-a-mr-song-contest-proudly-presents-der-kleine-song-contest\/","title":{"rendered":"PETRA FREY, SIMONE, WATERLOO u.a. <br>&#8222;Mr. Song Contest proudly presents \u2013 Der &#8218;kleine&#8216; Song Contest&#8220;!"},"content":{"rendered":"<p style=\"text-align: justify;\">Am 14., 16. und 18. April in ORF 1; auch online und im ORF TELETEXT!<br \/>\n<!--more--><\/p>\n<p>&nbsp;<\/p>\n<p>&nbsp;<\/p>\n<p style=\"text-align: justify;\">41 Acts aus 41 L\u00e4ndern \u2013 ORF 1 bietet am 14., 16. und 18. April 2020 jeweils um 20.15 Uhr allen Acts des ESC 2020 die gro\u00dfe TV-B\u00fchne. Bei \u201eMr. Song Contest proudly presents \u2013 Der \u201akleine\u2018 Song Contest\u201c pr\u00e4sentiert Andi Knoll die offiziellen Videos der Eurovision-K\u00fcnstlerinnen und -K\u00fcnstler \u2013 Jury- und Publikumsvoting inklusive.<\/p>\n<p>&nbsp;<\/p>\n<p>&nbsp;<\/p>\n<p>&nbsp;<\/p>\n<p style=\"text-align: justify;\"><strong>Der \u201ekleine\u201c Song Contest online und im ORF TELETEXT:<\/strong><\/p>\n<p>&nbsp;<\/p>\n<p style=\"text-align: justify;\">Song-Contest-Fans k\u00f6nnen selbstverst\u00e4ndlich auch bei Andi Knolls \u201eDer kleine Song Contest\u201c via Teletwitter live mitkommentieren, denn der ORF TELETEXT bietet wieder sein bereits bew\u00e4hrtes Service: Auf Twitter (Hashtag #ESCORF) gepostete Kommentare k\u00f6nnen optional w\u00e4hrend der Sendungen am Fernsehger\u00e4t eingeblendet werden. Die von der Teletext-Redaktion ausgew\u00e4hlten Tweets \u2013 zum Beispiel besonders witzige oder originelle \u2013 k\u00f6nnen \u00fcber Seite 780 am unteren Bildschirmrand \u2013 \u00e4hnlich wie Untertitel \u2013 aufgerufen werden. Fans k\u00f6nnen dann gleichzeitig die Sendung weiter mitverfolgen und die Tweets lesen. Auf ORF-TELETEXT-Seite 781 gibt es genaue Erl\u00e4uterungen zum Teletwitter-Service.<\/p>\n<p style=\"text-align: justify;\">ORF.at begleitet den \u201ekleinen\u201c Song Contest im Rahmen der aktuellen Berichterstattung. Auf der ORF-TVthek werden alle drei Sendungen als Live-Stream und als Video-on-Demand angeboten, im Videoarchiv \u201e\u00d6sterreich beim Song Contest\u201c k\u00f6nnen Fans zudem ihrer Nostalgie fr\u00f6nen und die \u00f6sterreichischen Auftritte der vergangenen Jahrzehnte \u201enachsehen\u201c.<\/p>\n<p>&nbsp;<\/p>\n<p>&nbsp;<\/p>\n<p>&nbsp;<\/p>\n<p style=\"text-align: justify;\"><strong>\u201eMr. Song Contest proudly presents \u2013 Der \u201akleine\u2018 Song Contest\u201c:<\/strong><\/p>\n<p>&nbsp;<\/p>\n<p style=\"text-align: justify;\">Andi Knoll pr\u00e4sentiert die ESC-Video-Edition-Challenge mit den offiziellen Musikvideos der 41 ESC-Nationen: \u201eNachdem die EBU ja bestimmt hat, dass n\u00e4chstes Jahr zwar die geplanten Interpretinnen und Interpreten antreten d\u00fcrfen, aber nur mit neuen Songs, w\u00e4re es doch schade, wenn die Lieder von heuer alle im Mistk\u00fcbel der Musikgeschichte landen. Also bei manchen mehr und bei manchen weniger, und da sind wir ja bei einem weiteren Grund, warum man den ESC nicht ausfallen lassen darf. Es ist eine einzigartige Mischung aus Live- und Videoversion. Es wird sehr abwechslungsreich und endlich darf man mal f\u00fcr \u00d6sterreich abstimmen!&#8220; Die Lieder werden jeweils von einer eigens produzierten TV-Postkarte, in der die K\u00fcnstlerinnen und K\u00fcnstler sowie die einzelnen L\u00e4nder und ihre vergangenen ESC-Highlights dem Publikum vorgestellt werden, eingeleitet.<\/p>\n<p>&nbsp;<\/p>\n<p>&nbsp;<\/p>\n<p>&nbsp;<\/p>\n<p style=\"text-align: justify;\"><strong>Das Voting zum \u201ekleinen\u201c Song Contest<\/strong><\/p>\n<p>&nbsp;<\/p>\n<p style=\"text-align: justify;\">Zehn ehemalige Song-Contest-K\u00fcnstler\/innen aus \u00d6sterreich bewerten jedes Lied individuell \u2013 in Anlehnung an das internationale ESC-Voting \u2013 mit bis zu 12 Punkten (0, 1, 2, 3, 4, 5, 6, 8, 10 oder 12 Punkte), wobei jedes Jurymitglied mehrfach die gleiche Punkteanzahl an unterschiedliche L\u00e4nder vergeben kann. F\u00fcr jedes Land werden die Punkte addiert und am Ende jeder Sendung steht ein Jurysieger (mit den meisten Gesamtpunkten) fest. Unter den drei Jurysiegern der drei Abende entscheiden die Zuschauerinnen und Zuschauer anschlie\u00dfend an die dritte Ausgabe am 18. April mittels Publikumsvoting, wer den \u201ekleinen\u201c Song Contest\u201c gewinnt.<\/p>\n<p>&nbsp;<\/p>\n<p>&nbsp;<\/p>\n<p>&nbsp;<\/p>\n<p style=\"text-align: justify;\"><strong>Die Jury des \u201ekleinen\u201c Song Contest:<\/strong><\/p>\n<p>&nbsp;<\/p>\n<p style=\"text-align: justify;\">Waterloo (vertrat \u00d6sterreich 1976 gemeinsam mit Robinson mit \u201eMy Little World\u201c)<\/p>\n<p style=\"text-align: justify;\">Simone (vertrat \u00d6sterreich 1990 mit \u201eKeine Mauern mehr\u201c)<\/p>\n<p style=\"text-align: justify;\">Petra Frey (vertrat \u00d6sterreich 1994 mit \u201eF\u00fcr den Frieden der Welt\u201c)<\/p>\n<p style=\"text-align: justify;\">Manuel Ortega (vertrat \u00d6sterreich 2002 mit \u201eSay a Word\u201c)<\/p>\n<p style=\"text-align: justify;\">Alf Poier (vertrat \u00d6sterreich 2003 mit \u201eWeil der Mensch z\u00e4hlt\u201c)<\/p>\n<p style=\"text-align: justify;\">Eric Papilaya (vertrat \u00d6sterreich 2007 mit \u201eGet a Life \u2013 Get Alive\u201c)<\/p>\n<p style=\"text-align: justify;\">Nadine Beiler (vertrat \u00d6sterreich 2011 mit \u201eThe Secret Is Love\u201c)<\/p>\n<p style=\"text-align: justify;\">Conchita (gewann 2014 mit \u201eRise Like a Phoenix\u201c)<\/p>\n<p style=\"text-align: justify;\">ZOE (vertrat \u00d6sterreich 2016 mit \u201eLoin d\u2019ici\u201c)<\/p>\n<p style=\"text-align: justify;\">Ces\u00e1r Sampson (vertrat \u00d6sterreich 2018 mit \u201eNobody but You\u201c)<\/p>\n<p>&nbsp;<\/p>\n<p>&nbsp;<\/p>\n<p>&nbsp;<\/p>\n<p style=\"text-align: justify;\"><strong>Die Sendetermine von \u201eMr. Song Contest proudly presents \u2013 Der \u201akleine\u2018 Song Contest\u201c:<\/strong><\/p>\n<p>&nbsp;<\/p>\n<ol style=\"text-align: justify;\" start=\"14\">\n<li>April, 20.15 Uhr, ORF 1: Sendung 1 mit den Videos aus 14 Nationen<\/li>\n<li>April, 20.15 Uhr, ORF 1: Sendung 2 mit den Videos aus 14 Nationen<\/li>\n<li>April, 20.15 Uhr, ORF 1: Sendung 3 mit den Videos aus 13 Nationen und anschlie\u00dfend das Publikumsvoting mit den drei Jurysiegern<\/li>\n<\/ol>\n<p style=\"text-align: justify;\">\n","protected":false},"excerpt":{"rendered":"<p>Am 14., 16. und 18. April in ORF 1; auch online und im ORF TELETEXT!<\/p>\n","protected":false},"author":2,"featured_media":144764,"comment_status":"open","ping_status":"closed","sticky":false,"template":"","format":"standard","meta":{"_FSMCFIC_featured_image_caption":"","_FSMCFIC_featured_image_nocaption":"","_FSMCFIC_featured_image_hide":""},"categories":[28,29,128],"tags":[85],"acf":[],"_links":{"self":[{"href":"https:\/\/smago.de\/ws2\/wp-json\/wp\/v2\/posts\/144763"}],"collection":[{"href":"https:\/\/smago.de\/ws2\/wp-json\/wp\/v2\/posts"}],"about":[{"href":"https:\/\/smago.de\/ws2\/wp-json\/wp\/v2\/types\/post"}],"author":[{"embeddable":true,"href":"https:\/\/smago.de\/ws2\/wp-json\/wp\/v2\/users\/2"}],"replies":[{"embeddable":true,"href":"https:\/\/smago.de\/ws2\/wp-json\/wp\/v2\/comments?post=144763"}],"version-history":[{"count":3,"href":"https:\/\/smago.de\/ws2\/wp-json\/wp\/v2\/posts\/144763\/revisions"}],"predecessor-version":[{"id":144767,"href":"https:\/\/smago.de\/ws2\/wp-json\/wp\/v2\/posts\/144763\/revisions\/144767"}],"wp:featuredmedia":[{"embeddable":true,"href":"https:\/\/smago.de\/ws2\/wp-json\/wp\/v2\/media\/144764"}],"wp:attachment":[{"href":"https:\/\/smago.de\/ws2\/wp-json\/wp\/v2\/media?parent=144763"}],"wp:term":[{"taxonomy":"category","embeddable":true,"href":"https:\/\/smago.de\/ws2\/wp-json\/wp\/v2\/categories?post=144763"},{"taxonomy":"post_tag","embeddable":true,"href":"https:\/\/smago.de\/ws2\/wp-json\/wp\/v2\/tags?post=144763"}],"curies":[{"name":"wp","href":"https:\/\/api.w.org\/{rel}","templated":true}]}}