{"id":144690,"date":"2020-04-05T15:08:59","date_gmt":"2020-04-05T13:08:59","guid":{"rendered":"https:\/\/online.smago.de\/ws2\/?p=144690"},"modified":"2020-04-05T15:10:01","modified_gmt":"2020-04-05T13:10:01","slug":"wer-weiss-denn-sowas-neue-staffeln-von-erfolgreichen-produktionen-im-vorabendprogramm-beauftragt","status":"publish","type":"post","link":"https:\/\/smago.de\/ws2\/smago-informiert\/wer-weiss-denn-sowas-neue-staffeln-von-erfolgreichen-produktionen-im-vorabendprogramm-beauftragt\/","title":{"rendered":"&#8222;WER WEI\u00df DENN SOWAS?&#8220; <br>Neue Staffeln von erfolgreichen Produktionen im Vorabendprogramm beauftragt!"},"content":{"rendered":"<p>Frank Beckmann: &#8222;Ein klares Signal: Wir unterst\u00fctzen die Produzenten&#8220;!<br \/>\n<!--more--><\/p>\n<p>&nbsp;<\/p>\n<p>&nbsp;<\/p>\n<p class=\"text small\" style=\"text-align: justify;\">Die ARD-Programmkonferenz unter Leitung von Volker Herres, Programmdirektor Erstes Deutsches Fernsehen, hat heute, am 1. April 2020, einem umfangreichen Paket von Produktionen f\u00fcr das Vorabendprogramm zugestimmt:<\/p>\n<div class=\"clearMe\" style=\"text-align: justify;\"><\/div>\n<div><\/div>\n<div style=\"text-align: justify;\"><\/div>\n<p class=\"text small\" style=\"text-align: justify;\"><strong>\u201eWer wei\u00df denn sowas?\u201c,<\/strong> 7. Staffel mit 150 Folgen: Die aktuelle Staffel liegt derzeit mit durchschnittlich 18,0 % Marktanteil und 3,626 Millionen Zuschauern erneut auf Rekordkurs.<\/p>\n<div class=\"clearMe\" style=\"text-align: justify;\"><\/div>\n<p class=\"text small\" style=\"text-align: justify;\"><strong>\u201eIn aller Freundschaft \u2013 Die jungen \u00c4rzte\u201c,<\/strong> 7. Staffel mit 42 Folgen: Die aktuelle 6. Staffel erzielt nach acht Folgen mit 2,732 Millionen Zuschauern die h\u00f6chste Reichweite seit Start der Serie. Die f\u00fcnfte Staffel konnte mit 11,1 % Marktanteil den bisherigen Bestwert verzeichnen.<\/p>\n<div class=\"clearMe\" style=\"text-align: justify;\"><\/div>\n<p class=\"text small\" style=\"text-align: justify;\"><strong>\u201eMorden im Norden\u201c,<\/strong> 8. Staffel mit 16 Folgen: Die sechste Staffel erreichte mit 11,9 % Marktanteil (2,932 Millionen Zuschauern) ebenfalls den H\u00f6chstwert der Serie.<\/p>\n<div class=\"clearMe\" style=\"text-align: justify;\"><\/div>\n<p class=\"text small\" style=\"text-align: justify;\"><strong>\u201eHubert ohne Staller\u201c,<\/strong> 10. Staffel mit 16 Folgen: Die ersten 8 Folgen der 9. Staffel konnten im Herbst 2019 mit 10,6 % Marktanteil und 2,575 Millionen Zuschauern einen Staffelrekord vermelden.<\/p>\n<div class=\"clearMe\" style=\"text-align: justify;\"><\/div>\n<p class=\"text small\" style=\"text-align: justify;\"><strong>\u201eRentnercops\u201c,<\/strong> 5. Staffel mit acht Folgen: Die aktuelle Staffel erreicht nach zw\u00f6lf Ausstrahlungen 10,0 % Marktanteil und 2,59 Millionen Zuschauer.<\/p>\n<div class=\"clearMe\" style=\"text-align: justify;\"><\/div>\n<p class=\"text small\" style=\"text-align: justify;\">Zudem wurde ein umfassender Relaunch der <strong>ARD Quiz App<\/strong> beschlossen. Das Angebot soll zu einer Quiz-Community weiterentwickelt werden.<\/p>\n<div class=\"clearMe\" style=\"text-align: justify;\"><\/div>\n<p class=\"text small\" style=\"text-align: justify;\">Die Produktionsbeauftragungen erfolgen vorbehaltlich der Zustimmung der ARD-Gremien.<\/p>\n<div class=\"clearMe\" style=\"text-align: justify;\"><\/div>\n<p class=\"text small\" style=\"text-align: justify;\">Neue Folgen vom <strong>\u201eGro\u00dfstadtrevier\u201c<\/strong>, von <strong>\u201eWaPo Bodensee\u201c, \u201eWaPo Berlin\u201c<\/strong>, <strong>\u201eWatzmann ermittelt\u201c<\/strong> sowie \u201e<strong>Gefragt \u2013 Gejagt\u201c<\/strong> und <strong>\u201eQuizduell-Olymp\u201c<\/strong> wurden zu einem fr\u00fcheren Zeitpunkt beauftragt.<\/p>\n<div class=\"clearMe\" style=\"text-align: justify;\"><\/div>\n<div style=\"text-align: justify;\"><\/div>\n<p class=\"text small\" style=\"text-align: justify;\"><strong>Frank Beckmann, ARD-Koordinator Vorabendprogramm<\/strong>: \u201eF\u00fcr den Vorabend im Ersten wollen wir ein klares Signal senden: Wir unterst\u00fctzen die Produzenten und vergeben Auftr\u00e4ge bewusst in diesen unsicheren Zeiten. Wir wissen noch nicht, wann wir die Sendungen produzieren werden. Wir freuen uns aber sehr auf die Fortsetzung der erfolgreichen Zusammenarbeit.\u201c<\/p>\n<div class=\"clearMe\" style=\"text-align: justify;\"><\/div>\n","protected":false},"excerpt":{"rendered":"<p>Frank Beckmann: &#8222;Ein klares Signal: Wir unterst\u00fctzen die Produzenten&#8220;!<\/p>\n","protected":false},"author":2,"featured_media":124429,"comment_status":"open","ping_status":"closed","sticky":false,"template":"","format":"standard","meta":{"_FSMCFIC_featured_image_caption":"","_FSMCFIC_featured_image_nocaption":"","_FSMCFIC_featured_image_hide":""},"categories":[33,128],"tags":[798,285],"acf":[],"_links":{"self":[{"href":"https:\/\/smago.de\/ws2\/wp-json\/wp\/v2\/posts\/144690"}],"collection":[{"href":"https:\/\/smago.de\/ws2\/wp-json\/wp\/v2\/posts"}],"about":[{"href":"https:\/\/smago.de\/ws2\/wp-json\/wp\/v2\/types\/post"}],"author":[{"embeddable":true,"href":"https:\/\/smago.de\/ws2\/wp-json\/wp\/v2\/users\/2"}],"replies":[{"embeddable":true,"href":"https:\/\/smago.de\/ws2\/wp-json\/wp\/v2\/comments?post=144690"}],"version-history":[{"count":2,"href":"https:\/\/smago.de\/ws2\/wp-json\/wp\/v2\/posts\/144690\/revisions"}],"predecessor-version":[{"id":144692,"href":"https:\/\/smago.de\/ws2\/wp-json\/wp\/v2\/posts\/144690\/revisions\/144692"}],"wp:featuredmedia":[{"embeddable":true,"href":"https:\/\/smago.de\/ws2\/wp-json\/wp\/v2\/media\/124429"}],"wp:attachment":[{"href":"https:\/\/smago.de\/ws2\/wp-json\/wp\/v2\/media?parent=144690"}],"wp:term":[{"taxonomy":"category","embeddable":true,"href":"https:\/\/smago.de\/ws2\/wp-json\/wp\/v2\/categories?post=144690"},{"taxonomy":"post_tag","embeddable":true,"href":"https:\/\/smago.de\/ws2\/wp-json\/wp\/v2\/tags?post=144690"}],"curies":[{"name":"wp","href":"https:\/\/api.w.org\/{rel}","templated":true}]}}