{"id":144088,"date":"2020-03-27T00:00:33","date_gmt":"2020-03-26T23:00:33","guid":{"rendered":"https:\/\/online.smago.de\/ws2\/?p=144088"},"modified":"2020-03-26T22:57:20","modified_gmt":"2020-03-26T21:57:20","slug":"jeanette-biedermann-yvonne-catterfeld-gil-ofarim-pur-giovanni-zarrella-ben-zucker-u-a-heute-27-03-2020-prosieben-das-grosse-prosieben-wohnzimmer-festival","status":"publish","type":"post","link":"https:\/\/smago.de\/ws2\/deutsch-rock\/jeanette-biedermann-yvonne-catterfeld-gil-ofarim-pur-giovanni-zarrella-ben-zucker-u-a-heute-27-03-2020-prosieben-das-grosse-prosieben-wohnzimmer-festival\/","title":{"rendered":"JEANETTE BIEDERMANN, YVONNE CATTERFELD, GIL OFARIM, PUR, GIOVANNI ZARRELLA, BEN ZUCKER u.a. <br>Heute (27.03.2020), ProSieben: &#8222;Das gro\u00dfe ProSieben Wohnzimmer-Festival&#8220;!"},"content":{"rendered":"<p>20:15 Uhr &#8211; 01:00 Uhr!<br \/>\n<!--more--><\/p>\n<p>&nbsp;<\/p>\n<p style=\"text-align: justify;\">Das wird gr\u00f6\u00dfer als Fernsehen. Das wird mehr als Musik. ProSieben feiert am Freitag 27. M\u00e4rz mit internationalen und nationalen Superstars das vielleicht gr\u00f6\u00dfte Wohnzimmer-Festival der Welt. Und du bist mittendrin. In der ersten Reihe. In deinem Wohnzimmer, weil es ja f\u00fcr uns alle hei\u00dft #wirbleibenzuhause. Steven G\u00e4tjen und Joko Winterscheidt laden zu &#8222;Das gro\u00dfe ProSieben Wohnzimmer-Festival&#8220; ein &#8211; und Musiker und K\u00fcnstler spielen auf der ganzen Welt live f\u00fcr uns<\/p>\n<p style=\"text-align: justify;\"><strong>WOHNZIMMER-FESTIVAL LINE-UP:\u00a0<\/strong><\/p>\n<p style=\"text-align: justify;\">Dua Lipa (&#8222;One Kiss&#8220;)<br \/>\nMando Diao (&#8222;Dance with Somebody&#8220;)<br \/>\nScooter (&#8222;How much is the Fish?&#8220;)<br \/>\nAva Max (&#8222;Sweet but Psycho&#8220;)<br \/>\nJohannes Oerding (&#8222;Alles brennt&#8220;)<br \/>\nJosh Groban (&#8222;Brave&#8220;)<br \/>\nThe BossHoss (&#8222;Don&#8217;t Gimme That&#8220;)<br \/>\nPatricia Kelly (&#8222;Essential&#8220;)<br \/>\nRoachford (&#8222;Pop Muzak&#8220;)<br \/>\nTom Gregory (&#8222;Fingertips&#8220;)<br \/>\nRea Garvey (&#8222;Ist It Love?&#8220;)<br \/>\nYvonne Catterfeld (&#8222;F\u00fcr dich&#8220;)<br \/>\nMark Forster (&#8222;Ch\u00f6re&#8220;)<br \/>\nNico Santos (&#8222;Rooftop&#8220;)<br \/>\nThees Uhlmann (&#8222;Zum Laichen und Sterben ziehen die Lachse den Fluss hinauf&#8220;)<br \/>\nGiovanni Zarrella (&#8222;Wundervoll &#8211; sei bellissima&#8220;)<br \/>\nLena Meyer-Landrut (&#8222;Satellite&#8220;)<br \/>\nPur (&#8222;Abenteuerland&#8220;)<br \/>\nFrida Gold (&#8222;Wovon sollen wir tr\u00e4umen&#8220;)<br \/>\nAlle Farben (&#8222;Fading&#8220;)<br \/>\nLukas Graham (&#8222;7 Years&#8220;)<br \/>\nAlvaro Soler (&#8222;La Cintura&#8220;)<br \/>\nFelix J\u00e4hn (&#8222;Cheerleader&#8220;)<br \/>\nJoy Denalane (&#8222;Mit Dir&#8220;)<br \/>\nLEA (&#8222;Leiser&#8220;)<br \/>\nGil Ofarim (&#8222;Ein Teil von mir&#8220;)<br \/>\nQuerbeat (&#8222;Romeo&#8220;)<br \/>\nGentleman (&#8222;Superior&#8220;)<br \/>\nLotte (&#8222;Auf das, was da noch kommt&#8220;)<br \/>\nMathea (&#8222;2x&#8220;)<br \/>\nJustin Jesso (&#8222;Stargazing&#8220;)<br \/>\nJeanette Biedermann (&#8222;Rock My Life&#8220;)<br \/>\nRay Dalton (&#8222;In My Bones&#8220;)<br \/>\nTim Bendzko (&#8222;Noch kurz die Welt retten&#8220;)<br \/>\nFury In The Slaughterhouse (&#8222;Time to wonder&#8220;)<br \/>\nBen Zucker (&#8222;Was f\u00fcr eine geile Zeit&#8220;)<br \/>\nSeven (&#8222;Seele&#8220;)<\/p>\n<p style=\"text-align: justify;\">Und dazu noch die Comedians Teddy Teclebrhan, B\u00fclent Ceylan und Markus Krebs. Denn auch sie h\u00fcten, wie alle anderen, das Haus. Sie schalten sich live zu Steven G\u00e4tjen und Joko Winterscheidt nach M\u00fcnchen, damit ihr zu Hause bleiben und dort das gr\u00f6\u00dfte Wohnzimmer-Festival der Welt feiern k\u00f6nnt.<\/p>\n<p style=\"text-align: justify;\"><strong>Das gro\u00dfe ProSieben Wohnzimmer-Festival \u2022 Freitag 27.03.2020 \u2022 20:15 Uhr \u2022 ProSieben<\/strong><\/p>\n","protected":false},"excerpt":{"rendered":"<p>20:15 Uhr &#8211; 01:00 Uhr!<\/p>\n","protected":false},"author":2,"featured_media":132615,"comment_status":"open","ping_status":"closed","sticky":false,"template":"","format":"standard","meta":{"_FSMCFIC_featured_image_caption":"","_FSMCFIC_featured_image_nocaption":"","_FSMCFIC_featured_image_hide":""},"categories":[5,27,29],"tags":[925],"acf":[],"_links":{"self":[{"href":"https:\/\/smago.de\/ws2\/wp-json\/wp\/v2\/posts\/144088"}],"collection":[{"href":"https:\/\/smago.de\/ws2\/wp-json\/wp\/v2\/posts"}],"about":[{"href":"https:\/\/smago.de\/ws2\/wp-json\/wp\/v2\/types\/post"}],"author":[{"embeddable":true,"href":"https:\/\/smago.de\/ws2\/wp-json\/wp\/v2\/users\/2"}],"replies":[{"embeddable":true,"href":"https:\/\/smago.de\/ws2\/wp-json\/wp\/v2\/comments?post=144088"}],"version-history":[{"count":2,"href":"https:\/\/smago.de\/ws2\/wp-json\/wp\/v2\/posts\/144088\/revisions"}],"predecessor-version":[{"id":144090,"href":"https:\/\/smago.de\/ws2\/wp-json\/wp\/v2\/posts\/144088\/revisions\/144090"}],"wp:featuredmedia":[{"embeddable":true,"href":"https:\/\/smago.de\/ws2\/wp-json\/wp\/v2\/media\/132615"}],"wp:attachment":[{"href":"https:\/\/smago.de\/ws2\/wp-json\/wp\/v2\/media?parent=144088"}],"wp:term":[{"taxonomy":"category","embeddable":true,"href":"https:\/\/smago.de\/ws2\/wp-json\/wp\/v2\/categories?post=144088"},{"taxonomy":"post_tag","embeddable":true,"href":"https:\/\/smago.de\/ws2\/wp-json\/wp\/v2\/tags?post=144088"}],"curies":[{"name":"wp","href":"https:\/\/api.w.org\/{rel}","templated":true}]}}