{"id":144077,"date":"2020-03-27T00:00:44","date_gmt":"2020-03-26T23:00:44","guid":{"rendered":"https:\/\/online.smago.de\/ws2\/?p=144077"},"modified":"2020-03-26T22:35:48","modified_gmt":"2020-03-26T21:35:48","slug":"veronica-ferres-u-a-heute-27-03-2020-in-der-ndr-talk-show-zu-gast","status":"publish","type":"post","link":"https:\/\/smago.de\/ws2\/schlager\/veronica-ferres-u-a-heute-27-03-2020-in-der-ndr-talk-show-zu-gast\/","title":{"rendered":"VERONICA FERRES u.a. <br>Heute (27.03.2020) in der &#8222;NDR Talk Show&#8220; zu Gast!"},"content":{"rendered":"<p style=\"text-align: justify;\">NDR fernsehen + hr fernsehen, 22:00 Uhr &#8211; 00:15 Uhr! Barbara Sch\u00f6neberger und Hubertus Meyer-Burckhardt begr\u00fc\u00dfen in der NDR Talk Show aus Hamburg &#8230;:<br \/>\n<!--more--><\/p>\n<p>&nbsp;<\/p>\n<p>&nbsp;<\/p>\n<p>&nbsp;<\/p>\n<h3 style=\"text-align: justify;\">Veronica Ferres, Schauspielerin<\/h3>\n<div class=\"contentimage w50\" style=\"text-align: justify;\"><\/div>\n<p style=\"text-align: justify;\">Veronika Maria C\u00e4cilia Ferres wurde 1965 als Tochter eines Kohlen- und Kartoffelh\u00e4ndlers im nordrhein-westf\u00e4lischen Solingen geboren &#8211; nicht eben ideale Startbedingungen f\u00fcr eine Karriere im Showbiz. Doch nach ihrem Schauspielstudium in M\u00fcnchen ging alles ganz schnell: Mit Rollen in &#8222;Rossini&#8220; und &#8222;Das Superweib&#8220; wurde Veronica Ferres zum Star. Heute steht die zweite Ferres-Generation schon in den Startl\u00f6chern. Mit Tochter Lilli drehte die Schauspielerin im vergangenen Jahr den Kurzfilm &#8222;Malou&#8220;. Wie die Zusammenarbeit mit der Tochter funktionierte und welche spannenden Projekte derzeit bei ihr anstehen, das verr\u00e4t uns Veronica Ferres in der NDR Talk Show.<\/p>\n<p>&nbsp;<\/p>\n<p>&nbsp;<\/p>\n<p>&nbsp;<\/p>\n<h3 style=\"text-align: justify;\">Axel Milberg, Schauspieler<\/h3>\n<p>&nbsp;<\/p>\n<p style=\"text-align: justify;\">Als Tatort-Kommissar Klaus Borowski legt er seit 2003 regelm\u00e4\u00dfig Verbrechern das Handwerk, f\u00fcr seinen neuen Film &#8222;Meister des Todes 2&#8220; wechselt er nun die Seiten und steht selbst vor Gericht: Axel Milberg spielt Heinz Z\u00f6blin, den undurchsichtigen Gesch\u00e4ftsf\u00fchrer eines deutschen Waffenherstellers. Mit dieser Rolle beweist der geb\u00fcrtiger Kieler einmal mehr seine Wandlungsf\u00e4higkeit. Privat ist Axel Milberg seit vielen Jahren in M\u00fcnchen zuhause. Dort lebt er mit seiner Frau Judith, einer Kunsthistorikerin und Moderatorin, und den S\u00f6hnen ein Patchwork-Leben. Wie er Dauer-Drehstress und Familienleben unter einen Hut bringt, das verr\u00e4t er in der NDR Talk Show.<\/p>\n<p>&nbsp;<\/p>\n<p>&nbsp;<\/p>\n<p>&nbsp;<\/p>\n<h3 style=\"text-align: justify;\">Cornelia Poletto, K\u00f6chin und Unternehmerin<\/h3>\n<p>&nbsp;<\/p>\n<p style=\"text-align: justify;\">Sie ist eine der beliebtesten K\u00f6chinnen Deutschlands: Cornelia Poletto hat sich an die Spitze der Chefs und in die Herzen der Zuschauer gekocht. Au\u00dferdem ist sie Bestseller-Autorin von verschiedenen Kochb\u00fcchern und hat eigene Restaurants in Shanghai und Hamburg sowie eine Kochschule. Wie viele andere Branchen seien auch die Gastronomen schwer von der Corona-Krise betroffen, so Cornelia Poletto. Trotz aller Sorgen, gebe es jedoch auch ermutigende Zeichen der Solidarit\u00e4t: So ist z.B. der Vermieter ihrer Kochschule auf sie zugekommen und habe ihr, sowie allen seinen Mietern aus der Gastronomie, ein Angebot gemacht: Im kommenden Monat werde er auf die Miete verzichten, in den Folgemonaten sei er mit der H\u00e4lfte der Miete einverstanden. Wie die 48-j\u00e4hrige Mutter und Unternehmerin mit der Situation umgeht erz\u00e4hlt sie im Studio der NDR Talk Show.<\/p>\n<p>&nbsp;<\/p>\n<p>&nbsp;<\/p>\n<p>&nbsp;<\/p>\n<h3 style=\"text-align: justify;\">Judith Rakers, Moderatorin<\/h3>\n<div class=\"contentimage w50\" style=\"text-align: justify;\"><\/div>\n<p style=\"text-align: justify;\">G\u00e4hnende Leere statt voller Str\u00e4nde und Promenaden: Das Corona-Virus hat auch die Urlaubsinseln im Norden Deutschlands im Griff. Wie es den Menschen vor Ort geht, davon wird uns Judith Rakers in der NDR Talk Show erz\u00e4hlen. Die Moderatorin hat f\u00fcr den NDR in den letzten Jahren viele der Inseln besucht. Au\u00dferdem berichtet sie uns vom eigenen R\u00fcckzug ins H\u00e4usliche: Mit den neuen H\u00fchnern und dem kommenden Fr\u00fchling gibt es n\u00e4mlich auf dem Land genug zu tun f\u00fcr die Natur- und Gartenliebhaberin.<\/p>\n","protected":false},"excerpt":{"rendered":"<p>NDR fernsehen + hr fernsehen, 22:00 Uhr &#8211; 00:15 Uhr! Barbara Sch\u00f6neberger und Hubertus Meyer-Burckhardt begr\u00fc\u00dfen in der NDR Talk<\/p>\n","protected":false},"author":2,"featured_media":121799,"comment_status":"open","ping_status":"closed","sticky":false,"template":"","format":"standard","meta":{"_FSMCFIC_featured_image_caption":"","_FSMCFIC_featured_image_nocaption":"","_FSMCFIC_featured_image_hide":""},"categories":[29,128],"tags":[254],"acf":[],"_links":{"self":[{"href":"https:\/\/smago.de\/ws2\/wp-json\/wp\/v2\/posts\/144077"}],"collection":[{"href":"https:\/\/smago.de\/ws2\/wp-json\/wp\/v2\/posts"}],"about":[{"href":"https:\/\/smago.de\/ws2\/wp-json\/wp\/v2\/types\/post"}],"author":[{"embeddable":true,"href":"https:\/\/smago.de\/ws2\/wp-json\/wp\/v2\/users\/2"}],"replies":[{"embeddable":true,"href":"https:\/\/smago.de\/ws2\/wp-json\/wp\/v2\/comments?post=144077"}],"version-history":[{"count":2,"href":"https:\/\/smago.de\/ws2\/wp-json\/wp\/v2\/posts\/144077\/revisions"}],"predecessor-version":[{"id":144079,"href":"https:\/\/smago.de\/ws2\/wp-json\/wp\/v2\/posts\/144077\/revisions\/144079"}],"wp:featuredmedia":[{"embeddable":true,"href":"https:\/\/smago.de\/ws2\/wp-json\/wp\/v2\/media\/121799"}],"wp:attachment":[{"href":"https:\/\/smago.de\/ws2\/wp-json\/wp\/v2\/media?parent=144077"}],"wp:term":[{"taxonomy":"category","embeddable":true,"href":"https:\/\/smago.de\/ws2\/wp-json\/wp\/v2\/categories?post=144077"},{"taxonomy":"post_tag","embeddable":true,"href":"https:\/\/smago.de\/ws2\/wp-json\/wp\/v2\/tags?post=144077"}],"curies":[{"name":"wp","href":"https:\/\/api.w.org\/{rel}","templated":true}]}}