{"id":144059,"date":"2020-03-26T14:22:42","date_gmt":"2020-03-26T13:22:42","guid":{"rendered":"https:\/\/online.smago.de\/ws2\/?p=144059"},"modified":"2020-03-26T14:22:42","modified_gmt":"2020-03-26T13:22:42","slug":"die-flippers-die-cd-lieblingsschlager-versteht-sich-als-eine-einladung-ins-schlager-paradies","status":"publish","type":"post","link":"https:\/\/smago.de\/ws2\/schlager\/die-flippers-die-cd-lieblingsschlager-versteht-sich-als-eine-einladung-ins-schlager-paradies\/","title":{"rendered":"DIE FLIPPERS <br>Die CD &#8222;Lieblingsschlager&#8220; versteht sich als eine &#8222;Einladung ins Schlager-Paradies&#8220;!"},"content":{"rendered":"<p>Digital (vorab) erh\u00e4ltlich ab 27.03.2020 via DA Music! Die CD-Variante erscheint am 8. Mai!<br \/>\n<!--more--><\/p>\n<p>&nbsp;<\/p>\n<p style=\"text-align: justify;\">\n<p style=\"text-align: justify;\">Gerade in Krisenzeiten helfen uns sch\u00f6ne Erinnerungen an unbeschwerte Jahre. Da kommt die \u201eLieblingsschlager\u201c-CD der FLIPPERS gerade richtig, denn diese Gruppe stand wie keine andere f\u00fcr den konservativen \u201eHeile Welt\u201c-Schlager, der seine H\u00f6rer musikalisch an paradiesische Orte oder in ein romantisches Abenteuer entf\u00fchrte. Ihr wohl gr\u00f6\u00dfter Hit \u201eDie rote Sonne von Barbados\u201c, der damals den 1. Platz der ZDF-Hitparade belegte, wurde zum Inbegriff ihrer musikalischen Stilistik.<\/p>\n<p style=\"text-align: justify;\">Eine gro\u00dfe Anh\u00e4nger-Schar, die ihren FLIPPERS im Laufe ihrer Karriere mehrere Goldene Schallplatten bescherte gab diesem kommerziellen Erfolgsrezept recht. So entf\u00fchrten uns die FLIPPERS mit ihren Titeln nach \u201eMexico\u201c, \u201eSt. Tropez\u201c sowie an den Lago Maggiore (\u201eEngel vom Lago Maggiore\u201c) oder bescherten uns \u201eEin kleines Lied vom Sonnenschein\u201c oder sie tr\u00e4umten gemeinsam von \u201eLuana\u201c, \u201eMalaika\u201c, \u201eBella bella Felicita\u201c, \u201eRosemarie\u201c, \u201eJulia\u201c oder Sonja (\u201eKleine Sonja\u201c) und beteuerten uns dennoch auf ihre sehr charmante Art \u201eNur mit Dir allein\u201c, \u201eSha La La , I Love You\u201c oder \u201eDu bist so sch\u00f6n wie Mona Lisa\u201c!<\/p>\n<p style=\"text-align: justify;\">Dieser m\u00e4nnlichen Schlagerband, die Mitte der 80er Jahre zu einem erfolgreichen Trio schrumpfte, konnte kaum einer, der den deutschen Schlager liebte, widerstehen. Deshalb ist es an der Zeit mit dieser \u201eLieblingsschlager\u201c-Ausgabe diese legend\u00e4re Schlagergruppe zu w\u00fcrdigen und uns mit Wehmut aber auch mit Freude zu erinnern.<\/p>\n","protected":false},"excerpt":{"rendered":"<p>Digital (vorab) erh\u00e4ltlich ab 27.03.2020 via DA Music! Die CD-Variante erscheint am 8. Mai!<\/p>\n","protected":false},"author":2,"featured_media":144060,"comment_status":"open","ping_status":"closed","sticky":false,"template":"","format":"standard","meta":{"_FSMCFIC_featured_image_caption":"","_FSMCFIC_featured_image_nocaption":"","_FSMCFIC_featured_image_hide":""},"categories":[29],"tags":[440],"acf":[],"_links":{"self":[{"href":"https:\/\/smago.de\/ws2\/wp-json\/wp\/v2\/posts\/144059"}],"collection":[{"href":"https:\/\/smago.de\/ws2\/wp-json\/wp\/v2\/posts"}],"about":[{"href":"https:\/\/smago.de\/ws2\/wp-json\/wp\/v2\/types\/post"}],"author":[{"embeddable":true,"href":"https:\/\/smago.de\/ws2\/wp-json\/wp\/v2\/users\/2"}],"replies":[{"embeddable":true,"href":"https:\/\/smago.de\/ws2\/wp-json\/wp\/v2\/comments?post=144059"}],"version-history":[{"count":1,"href":"https:\/\/smago.de\/ws2\/wp-json\/wp\/v2\/posts\/144059\/revisions"}],"predecessor-version":[{"id":144061,"href":"https:\/\/smago.de\/ws2\/wp-json\/wp\/v2\/posts\/144059\/revisions\/144061"}],"wp:featuredmedia":[{"embeddable":true,"href":"https:\/\/smago.de\/ws2\/wp-json\/wp\/v2\/media\/144060"}],"wp:attachment":[{"href":"https:\/\/smago.de\/ws2\/wp-json\/wp\/v2\/media?parent=144059"}],"wp:term":[{"taxonomy":"category","embeddable":true,"href":"https:\/\/smago.de\/ws2\/wp-json\/wp\/v2\/categories?post=144059"},{"taxonomy":"post_tag","embeddable":true,"href":"https:\/\/smago.de\/ws2\/wp-json\/wp\/v2\/tags?post=144059"}],"curies":[{"name":"wp","href":"https:\/\/api.w.org\/{rel}","templated":true}]}}