{"id":143969,"date":"2020-03-24T11:08:29","date_gmt":"2020-03-24T10:08:29","guid":{"rendered":"https:\/\/online.smago.de\/ws2\/?p=143969"},"modified":"2020-03-24T11:08:29","modified_gmt":"2020-03-24T10:08:29","slug":"mark-forster-live-aus-der-forster-strasse-mit-mark-forster","status":"publish","type":"post","link":"https:\/\/smago.de\/ws2\/deutsch-rock\/mark-forster-live-aus-der-forster-strasse-mit-mark-forster\/","title":{"rendered":"MARK FORSTER <br>&#8222;Live aus der Forster Stra\u00dfe mit Mark Forster&#8220;!"},"content":{"rendered":"<p>Der Musiker l\u00e4dt ab sofort mittwochs um 20:15 Uhr bei VOX in sein kleines Tonstudio ein!<br \/>\n<!--more--><\/p>\n<p>&nbsp;<\/p>\n<p style=\"text-align: justify;\">\n<p>&nbsp;<\/p>\n<div class=\"text\" style=\"text-align: justify;\">\n<p>Seit dem Ausbruch des Corona-Virus in Deutschland hei\u00dft es f\u00fcr den Gro\u00dfteil der Bev\u00f6lkerung \u201eStay at home\u201c. Mark Forster geht es nicht anders, dabei tr\u00e4umt er doch von einer gro\u00dfen Live-Show im deutschen Fernsehen.<\/p>\n<\/div>\n<div class=\"text\">\n<p style=\"text-align: justify;\">Und die bekommt er von VOX jetzt auch: Der Musiker l\u00e4dt n\u00e4mlich ab sofort mittwochs um 20:15 Uhr in sein kleines Tonstudio ein! In \u201eLive aus der Forster Stra\u00dfe\u201c begr\u00fc\u00dft der Popstar die Zuschauer, um zwei Stunden Ablenkung vom derzeit ungew\u00f6hnlichen Alltag zu finden und gemeinsam zuhause eine gute Zeit zu haben. Dazu schaltet er aus seinem Berliner Studio zu prominenten K\u00fcnstlern, macht mit ihnen Musik, stellt ihnen Aufgaben und schaut in ihre Wohnzimmer. Angemeldet haben sich dabei nicht nur nationale K\u00fcnstlerkollegen wie Max Giesinger oder Sido, sondern auch Weltstars wie Chris Martin und Rita Ora. Virtuell mit dabei sein wollen auch Steffen Henssler, Martin R\u00fctter und Matthias Schweigh\u00f6fer.<\/p>\n<p style=\"text-align: justify;\">\u201eEndlich ist es so weit: Ich habe meine eigene Primetime-Live-Show im deutschen Fernsehen \u2013 bei VOX! Und alle sind am Start: Die gr\u00f6\u00dften Musikstars aus Deutschland, mit denen mache ich Musik. Die internationalen Super-Weltstars sprechen mit mir \u2013 alle sind in meiner Show. Aber ich bin alleine \u2013 und die sind zuhause! Es wird unglaublich!\u201c, freut sich der Gastgeber Mark Forster.<\/p>\n<p style=\"text-align: justify;\">VOX zeigt mittwochs um 20:15 Uhr die Musik-Live-Show \u201eLive aus der Forster Stra\u00dfe\u201c mit Mark Forster und seinen prominenten G\u00e4sten.\n<\/p>\n<\/div>\n","protected":false},"excerpt":{"rendered":"<p>Der Musiker l\u00e4dt ab sofort mittwochs um 20:15 Uhr bei VOX in sein kleines Tonstudio ein!<\/p>\n","protected":false},"author":2,"featured_media":143970,"comment_status":"open","ping_status":"closed","sticky":false,"template":"","format":"standard","meta":{"_FSMCFIC_featured_image_caption":"","_FSMCFIC_featured_image_nocaption":"","_FSMCFIC_featured_image_hide":""},"categories":[5,128],"tags":[69],"acf":[],"_links":{"self":[{"href":"https:\/\/smago.de\/ws2\/wp-json\/wp\/v2\/posts\/143969"}],"collection":[{"href":"https:\/\/smago.de\/ws2\/wp-json\/wp\/v2\/posts"}],"about":[{"href":"https:\/\/smago.de\/ws2\/wp-json\/wp\/v2\/types\/post"}],"author":[{"embeddable":true,"href":"https:\/\/smago.de\/ws2\/wp-json\/wp\/v2\/users\/2"}],"replies":[{"embeddable":true,"href":"https:\/\/smago.de\/ws2\/wp-json\/wp\/v2\/comments?post=143969"}],"version-history":[{"count":1,"href":"https:\/\/smago.de\/ws2\/wp-json\/wp\/v2\/posts\/143969\/revisions"}],"predecessor-version":[{"id":143971,"href":"https:\/\/smago.de\/ws2\/wp-json\/wp\/v2\/posts\/143969\/revisions\/143971"}],"wp:featuredmedia":[{"embeddable":true,"href":"https:\/\/smago.de\/ws2\/wp-json\/wp\/v2\/media\/143970"}],"wp:attachment":[{"href":"https:\/\/smago.de\/ws2\/wp-json\/wp\/v2\/media?parent=143969"}],"wp:term":[{"taxonomy":"category","embeddable":true,"href":"https:\/\/smago.de\/ws2\/wp-json\/wp\/v2\/categories?post=143969"},{"taxonomy":"post_tag","embeddable":true,"href":"https:\/\/smago.de\/ws2\/wp-json\/wp\/v2\/tags?post=143969"}],"curies":[{"name":"wp","href":"https:\/\/api.w.org\/{rel}","templated":true}]}}