{"id":143789,"date":"2020-03-20T12:10:25","date_gmt":"2020-03-20T11:10:25","guid":{"rendered":"https:\/\/online.smago.de\/ws2\/?p=143789"},"modified":"2020-03-20T12:11:50","modified_gmt":"2020-03-20T11:11:50","slug":"ndr-talk-show-ndr-talk-show-die-videoschalte","status":"publish","type":"post","link":"https:\/\/smago.de\/ws2\/smago-informiert\/ndr-talk-show-ndr-talk-show-die-videoschalte\/","title":{"rendered":"&#8222;NDR TALK SHOW&#8220; <br>\u201eNDR Talk Show &#8211; die Videoschalte\u201c:"},"content":{"rendered":"<p>Barbara Sch\u00f6neberger, Hubertus Meyer-Burckhardt, Bettina Tietjen und J\u00f6rg Pilawa sprechen \u00fcber den Umgang mit dem Corona-Virus!<br \/>\n<!--more--><\/p>\n<p>&nbsp;<\/p>\n<p>&nbsp;<\/p>\n<p style=\"text-align: justify;\">Welche Schicksale gehen ihnen in der derzeitigen Situation besonders ans Herz, welche Aktionen begeistern sie, und wie sch\u00fctzen sie sich selbst und ihre Familien? Dar\u00fcber sprechen Barbara Sch\u00f6neberger, Hubertus Meyer-Burckhardt, Bettina Tietjen und J\u00f6rg Pilawa in \u201eNDR Talk Show &#8211; die Videoschalte\u201c. F\u00fcr die Ausgabe, die ab sofort online zu sehen ist, haben sich die vier Moderatorinnen und Moderatoren von zuhause oder aus ihren B\u00fcros zusammengeschaltet. So k\u00f6nnen die Zuschauerinnen und Zuschauer sie auch schon bereits vor der n\u00e4chsten TV-Ausgabe der \u201eNDR Talk Show\u201c erleben \u2013 und die Gastgeber k\u00f6nnen sich austauschen, ohne sich pers\u00f6nlich zu treffen. Die Sendung ist auf <a href=\"http:\/\/ndr.de\/\">NDR.de<\/a> zu sehen (<a href=\"http:\/\/www.ndr.de\/talkshow\">www.NDR.de\/talkshow<\/a>), in der ARD Mediathek und auf den Social-Media-Accounts der \u201eNDR Talk Show\u201c.<\/p>\n<p style=\"text-align: justify;\">Der Umgang mit dem Corona-Virus im Alltag, N\u00e4chstenliebe, Familie und die Leidtragenden der Krise \u2013 das sind die Oberthemen des 45-min\u00fctigen Gespr\u00e4chs. So unterhalten sich die Vier u. a. dar\u00fcber, wie sich mit ihren Partnern und Kinder arrangieren, wie sie sich zu Hause besch\u00e4ftigen, was sie von der angedrohten Ausgangssperre halten, welche wirtschaftlichen Sch\u00e4den sie f\u00fcr Deutschland bef\u00fcrchten \u2013 und wie sie die Ansprache von Kanzlerin Angela Merkel fanden.<\/p>\n<p style=\"text-align: justify;\">Die n\u00e4chste regul\u00e4re \u201eNDR Talk Show\u201c l\u00e4uft am Freitag, 27. M\u00e4rz, um 22.00 Uhr im NDR Fernsehen. Dann begr\u00fc\u00dfen Barbara Sch\u00f6neberger und Hubertus Meyer-Burckhardt den Schauspieler Axel Milberg, Mentalmagier\/Hypnotiseur Thimon von Berlepsch, K\u00fcnstler Leon L\u00f6wentraut sowie Student und Autor Jeremias Thiel. Publikum ist derzeit nicht dabei.<\/p>\n<p>&nbsp;<\/p>\n<p>&nbsp;<\/p>\n<p><strong>Ab sofort online unter <a href=\"http:\/\/ndr.de\/\">NDR.de<\/a> und in der ARD Mediathek<\/strong><\/p>\n","protected":false},"excerpt":{"rendered":"<p>Barbara Sch\u00f6neberger, Hubertus Meyer-Burckhardt, Bettina Tietjen und J\u00f6rg Pilawa sprechen \u00fcber den Umgang mit dem Corona-Virus!<\/p>\n","protected":false},"author":2,"featured_media":51685,"comment_status":"open","ping_status":"closed","sticky":false,"template":"","format":"standard","meta":{"_FSMCFIC_featured_image_caption":"","_FSMCFIC_featured_image_nocaption":"","_FSMCFIC_featured_image_hide":""},"categories":[33,128],"tags":[254],"acf":[],"_links":{"self":[{"href":"https:\/\/smago.de\/ws2\/wp-json\/wp\/v2\/posts\/143789"}],"collection":[{"href":"https:\/\/smago.de\/ws2\/wp-json\/wp\/v2\/posts"}],"about":[{"href":"https:\/\/smago.de\/ws2\/wp-json\/wp\/v2\/types\/post"}],"author":[{"embeddable":true,"href":"https:\/\/smago.de\/ws2\/wp-json\/wp\/v2\/users\/2"}],"replies":[{"embeddable":true,"href":"https:\/\/smago.de\/ws2\/wp-json\/wp\/v2\/comments?post=143789"}],"version-history":[{"count":3,"href":"https:\/\/smago.de\/ws2\/wp-json\/wp\/v2\/posts\/143789\/revisions"}],"predecessor-version":[{"id":143792,"href":"https:\/\/smago.de\/ws2\/wp-json\/wp\/v2\/posts\/143789\/revisions\/143792"}],"wp:featuredmedia":[{"embeddable":true,"href":"https:\/\/smago.de\/ws2\/wp-json\/wp\/v2\/media\/51685"}],"wp:attachment":[{"href":"https:\/\/smago.de\/ws2\/wp-json\/wp\/v2\/media?parent=143789"}],"wp:term":[{"taxonomy":"category","embeddable":true,"href":"https:\/\/smago.de\/ws2\/wp-json\/wp\/v2\/categories?post=143789"},{"taxonomy":"post_tag","embeddable":true,"href":"https:\/\/smago.de\/ws2\/wp-json\/wp\/v2\/tags?post=143789"}],"curies":[{"name":"wp","href":"https:\/\/api.w.org\/{rel}","templated":true}]}}