{"id":143657,"date":"2020-03-20T00:00:47","date_gmt":"2020-03-19T23:00:47","guid":{"rendered":"https:\/\/online.smago.de\/ws2\/?p=143657"},"modified":"2020-03-19T10:33:27","modified_gmt":"2020-03-19T09:33:27","slug":"carlo-von-tiedemann-u-a-heute-20-03-2020-in-der-talk-show-3nach9-zu-gast","status":"publish","type":"post","link":"https:\/\/smago.de\/ws2\/uncategorized\/carlo-von-tiedemann-u-a-heute-20-03-2020-in-der-talk-show-3nach9-zu-gast\/","title":{"rendered":"CARLO VON TIEDEMANN u.a. <br>Heute (20.03.2020) in der Talk-Show &#8222;3nach9&#8220; zu Gast!"},"content":{"rendered":"<p style=\"text-align: justify;\">&#8222;Unterhaltung zum Mitdenken.&#8220; \/\/ NDR fernsehen + hr fernsehen, 22:00 Uhr &#8211; 00:00 Uhr! Moderation: Judith Rakers und Giovanni di Lorenzo!<br \/>\n<!--more--><\/p>\n<p>&nbsp;<\/p>\n<p>&nbsp;<\/p>\n<p style=\"text-align: justify;\">Am Freitag, dem 20. M\u00e4rz melden sich Judith Rakers und Giovanni di Lorenzo um 22 Uhr mit diesen G\u00e4sten: Tiertrainerin Anne Kr\u00fcger-Degener, Mediziner und Gesundheitswissenschaftler Prof. Dr. Dr. Eckhard Nagel, Kabarettist Florian Schroeder, Journalist Carlo von Tiedemann und dem Erfahrungsexperten f\u00fcr Resilienz Marc Wallert.<\/p>\n<p>&nbsp;<\/p>\n<p>&nbsp;<\/p>\n<p>&nbsp;<\/p>\n<p>&nbsp;<\/p>\n<p style=\"text-align: justify;\"><strong>Prof. Dr. Dr. Eckhard Nagel \u2013 Mediziner und Gesundheitswissenschaftler<\/strong><\/p>\n<p>&nbsp;<\/p>\n<p style=\"text-align: justify;\">Kaum eine Stunde, in der nicht besorgniserregenden Neuigkeiten rund um COVID-19 bekannt gegeben werden. Prof. Eckhard Nagel ist Gesundheitsexperte an der Universit\u00e4t Bayreuth und Deutscher Pr\u00e4sident des deutsch-chinesischen Tongji-Klinikums in Wuhan, China. Er bringt uns auf den neuesten Stand der Entwicklungen. Wie das Coronavirus die Gesellschaft ver\u00e4ndert, beantwortet der Mediziner und Doktor der Philosophie bei 3nach9.<\/p>\n<p>&nbsp;<\/p>\n<p>&nbsp;<\/p>\n<p>&nbsp;<\/p>\n<p style=\"text-align: justify;\"><strong>Anne Kr\u00fcger-Degener \u2013 Tiertrainerin<\/strong><\/p>\n<p>&nbsp;<\/p>\n<p style=\"text-align: justify;\">Anne Kr\u00fcger-Degener hat eine besondere Begabung. Sie ist Tiertrainerin &#8211; nicht nur f\u00fcr Hunde und Pferde &#8211; und au\u00dferdem mehrfache Meisterin im Schafeh\u00fcten. Fazit: Sie hat einen ganz speziellen Kontakt zu Tieren. \u00dcber diese besondere Verbindung, die sie liebevoll &#8222;Harmonilogie&#8220; nennt, berichtet sie bei 3nach9.<\/p>\n<p>&nbsp;<\/p>\n<p>&nbsp;<\/p>\n<p>&nbsp;<\/p>\n<p style=\"text-align: justify;\"><strong>Florian Schroeder \u2013 Kabarettist<\/strong><\/p>\n<p>&nbsp;<\/p>\n<p style=\"text-align: justify;\">Er ist ein Gesellschaftsbeobachter und hat sich mit dieser Gabe schon lange in die erste Liga der politischen Kabarettisten gespielt: Florian Schroeder. Sein erster Fernsehauftritt bei Harald Schmidt im Alter von 14 Jahren brachte dem ehemaligen Au\u00dfenseiter die ersehnte Anerkennung. Wie sich seine berufliche Situation aktuell darstellt und warum es dennoch wichtig ist, nicht den Humor zu verlieren, berichtet der Kabarettist bei 3nach9.<\/p>\n<p>&nbsp;<\/p>\n<p>&nbsp;<\/p>\n<p>&nbsp;<\/p>\n<p style=\"text-align: justify;\"><strong>Marc Wallert \u2013 Erfahrungsexperten f\u00fcr Resilienz<\/strong><\/p>\n<p>&nbsp;<\/p>\n<p style=\"text-align: justify;\">Im Jahr 2000 machte dieser Mann unfreiwillig weltweit Schlagzeilen: Marc Wallert lebte f\u00fcr 140 Tage als Geisel im philippinischen Dschungel, entf\u00fchrt durch die islamistische Terrorgruppe Abu Sayyaf. Wie es ihm heute geht und wie er auf die Erlebnisse vor 20 Jahren zur\u00fcckblickt, erz\u00e4hlt er bei 3nach9.<\/p>\n<p>&nbsp;<\/p>\n<p>&nbsp;<\/p>\n<p>&nbsp;<\/p>\n<p style=\"text-align: justify;\"><strong>Carlo von Tiedemann \u2013 Journalist<\/strong><\/p>\n<p>&nbsp;<\/p>\n<p style=\"text-align: justify;\">Im n\u00e4chsten Jahr feiert er sein 50. Dienstjubil\u00e4um beim NDR: Carlo von Tiedemann. Jetzt musste er zwei Wochen lang pausieren, weil er mit seiner Familie einen Kurzurlaub in der Toskana verbrachte. Wie es ihm in dieser Zwangspause erging, an welche Situationen seiner beruflichen Karriere er besonders gern zur\u00fcckdenkt und warum er im zarten Alter von 76 Jahren jetzt Internetstar wird, erz\u00e4hlt das norddeutsche Original bei 3nach9.<\/p>\n","protected":false},"excerpt":{"rendered":"<p>&#8222;Unterhaltung zum Mitdenken.&#8220; \/\/ NDR fernsehen + hr fernsehen, 22:00 Uhr &#8211; 00:00 Uhr! Moderation: Judith Rakers und Giovanni di<\/p>\n","protected":false},"author":2,"featured_media":52746,"comment_status":"open","ping_status":"closed","sticky":false,"template":"","format":"standard","meta":{"_FSMCFIC_featured_image_caption":"","_FSMCFIC_featured_image_nocaption":"","_FSMCFIC_featured_image_hide":""},"categories":[1],"tags":[215],"acf":[],"_links":{"self":[{"href":"https:\/\/smago.de\/ws2\/wp-json\/wp\/v2\/posts\/143657"}],"collection":[{"href":"https:\/\/smago.de\/ws2\/wp-json\/wp\/v2\/posts"}],"about":[{"href":"https:\/\/smago.de\/ws2\/wp-json\/wp\/v2\/types\/post"}],"author":[{"embeddable":true,"href":"https:\/\/smago.de\/ws2\/wp-json\/wp\/v2\/users\/2"}],"replies":[{"embeddable":true,"href":"https:\/\/smago.de\/ws2\/wp-json\/wp\/v2\/comments?post=143657"}],"version-history":[{"count":2,"href":"https:\/\/smago.de\/ws2\/wp-json\/wp\/v2\/posts\/143657\/revisions"}],"predecessor-version":[{"id":143659,"href":"https:\/\/smago.de\/ws2\/wp-json\/wp\/v2\/posts\/143657\/revisions\/143659"}],"wp:featuredmedia":[{"embeddable":true,"href":"https:\/\/smago.de\/ws2\/wp-json\/wp\/v2\/media\/52746"}],"wp:attachment":[{"href":"https:\/\/smago.de\/ws2\/wp-json\/wp\/v2\/media?parent=143657"}],"wp:term":[{"taxonomy":"category","embeddable":true,"href":"https:\/\/smago.de\/ws2\/wp-json\/wp\/v2\/categories?post=143657"},{"taxonomy":"post_tag","embeddable":true,"href":"https:\/\/smago.de\/ws2\/wp-json\/wp\/v2\/tags?post=143657"}],"curies":[{"name":"wp","href":"https:\/\/api.w.org\/{rel}","templated":true}]}}