{"id":143625,"date":"2020-03-18T17:02:29","date_gmt":"2020-03-18T16:02:29","guid":{"rendered":"https:\/\/online.smago.de\/ws2\/?p=143625"},"modified":"2020-03-19T10:59:13","modified_gmt":"2020-03-19T09:59:13","slug":"eurovision-song-contest-esc-2020-abgesagt","status":"publish","type":"post","link":"https:\/\/smago.de\/ws2\/pop\/eurovision-song-contest-esc-2020-abgesagt\/","title":{"rendered":"&#8222;EUROVISION SONG CONTEST&#8220; <br>ESC 2020 abgesagt!"},"content":{"rendered":"<p>Was Thomas Schreiber, ARD Koordinator Unterhaltung, sagt &#8230;:<br \/>\n<!--more--><\/p>\n<p>&nbsp;<\/p>\n<p>&nbsp;<\/p>\n<p style=\"text-align: justify;\">Die Europ\u00e4ische Rundfunk Union (EBU) hat zur Corona-Pr\u00e4vention den Eurovision Song Contest 2020 abgesagt. Die drei Shows des ESC \u2013 zwei Halbfinale am 12. und 14. Mai sowie das Finale am 16. Mai \u2013 h\u00e4tten in Rotterdam \/ Niederlande \u00fcber die B\u00fchne gehen sollen. Deutschland w\u00e4re im Finale von Ben Dolic mit dem Song \u201eViolent Thing\u201c vertreten worden.<\/p>\n<p>&nbsp;<\/p>\n<p>&nbsp;<\/p>\n<p style=\"text-align: justify;\"><strong>Thomas Schreiber, ARD Koordinator Unterhaltung<\/strong>: <em>\u201eDas haben wir erwartet und bef\u00fcrchtet &#8211; es ist leider die einzig richtige Entscheidung. So entt\u00e4uschend es f\u00fcr alle Beteiligten, f\u00fcr alle K\u00fcnstlerinnen und K\u00fcnstler und alle Zuschauerinnen und Zuschauer in Europa und Australien ist, so gilt doch auch f\u00fcr den ESC: Die Gesundheit aller muss oberstes Ziel sein.<\/em><\/p>\n<p style=\"text-align: justify;\"><em>Durch intensive Gespr\u00e4che wei\u00df ich, dass sich das niederl\u00e4ndische Team um Executive Producer Sietse Bakker, die EBU mit Jon Ola Sand sowie die Reference Group hochprofessionell, sehr verantwortungsvoll und gr\u00fcndlich allen Fragen gestellt hat, die die Corona-Epidemie f\u00fcr alle Teilnehmerinnen und Teilnehmer des Eurovision Song Contest aufwirft. Ich habe uneingeschr\u00e4nktes Vertrauen, dass alle Verantwortlichen mit Hochdruck an der bestm\u00f6glichen L\u00f6sung f\u00fcr den ESC 2021 arbeiten.<\/em><\/p>\n<p style=\"text-align: justify;\"><em>2020 wird das erste Jahr seit 1956 sein, in dem es keinen Eurovision Song Contest in Europa geben wird. Was das im Detail f\u00fcr uns und unseren K\u00fcnstler Ben Dolic mit seinem erfolgreichen Song \u201aViolent Thing\u2018 bedeutet, werden wir jetzt mit unseren kreativen Partnern besprechen.\u201c<\/em><\/p>\n<p style=\"text-align: justify;\">Was das Erste am 16. Mai im Hauptabendprogramm zeigen wird, wird zeitnah entschieden. Ob es ein europaweites Angebot der EBU f\u00fcr alle 41 L\u00e4nder, die in diesem Jahr am ESC teilgenommen h\u00e4tten, geben kann oder ob das Erste einen Eurovisions-Abend zeigen wird, teilen wir so schnell wie m\u00f6glich mit. Die Halbfinale h\u00e4tte ONE \u00fcbertragen. Auch dort steht das Alternativ-Programm derzeit noch nicht fest.<\/p>\n<p>&nbsp;<\/p>\n<p>&nbsp;<\/p>\n<p>&nbsp;<\/p>\n<p style=\"text-align: justify;\"><em>Die Mitteilung der EBU finden sie hier: <a href=\"https:\/\/eurovision.tv\/official-ebu-statement-and-faq-eurovision-song-contest-2020-cancellation\">https:\/\/eurovision.tv\/official-ebu-statement-and-faq-eurovision-song-contest-2020-cancellation<\/a><\/em><\/p>\n<p>&nbsp;<\/p>\n<p>&nbsp;<\/p>\n<p style=\"text-align: justify;\"><em>Informationen zum ESC gibt\u2019s unter <a href=\"http:\/\/www.eurovision.de\/\">www.eurovision.de<\/a>. <\/em><\/p>\n","protected":false},"excerpt":{"rendered":"<p>Was Thomas Schreiber, ARD Koordinator Unterhaltung, sagt &#8230;:<\/p>\n","protected":false},"author":2,"featured_media":143679,"comment_status":"open","ping_status":"closed","sticky":false,"template":"","format":"standard","meta":{"_FSMCFIC_featured_image_caption":"","_FSMCFIC_featured_image_nocaption":"","_FSMCFIC_featured_image_hide":""},"categories":[27,39,128],"tags":[85],"acf":[],"_links":{"self":[{"href":"https:\/\/smago.de\/ws2\/wp-json\/wp\/v2\/posts\/143625"}],"collection":[{"href":"https:\/\/smago.de\/ws2\/wp-json\/wp\/v2\/posts"}],"about":[{"href":"https:\/\/smago.de\/ws2\/wp-json\/wp\/v2\/types\/post"}],"author":[{"embeddable":true,"href":"https:\/\/smago.de\/ws2\/wp-json\/wp\/v2\/users\/2"}],"replies":[{"embeddable":true,"href":"https:\/\/smago.de\/ws2\/wp-json\/wp\/v2\/comments?post=143625"}],"version-history":[{"count":3,"href":"https:\/\/smago.de\/ws2\/wp-json\/wp\/v2\/posts\/143625\/revisions"}],"predecessor-version":[{"id":143680,"href":"https:\/\/smago.de\/ws2\/wp-json\/wp\/v2\/posts\/143625\/revisions\/143680"}],"wp:featuredmedia":[{"embeddable":true,"href":"https:\/\/smago.de\/ws2\/wp-json\/wp\/v2\/media\/143679"}],"wp:attachment":[{"href":"https:\/\/smago.de\/ws2\/wp-json\/wp\/v2\/media?parent=143625"}],"wp:term":[{"taxonomy":"category","embeddable":true,"href":"https:\/\/smago.de\/ws2\/wp-json\/wp\/v2\/categories?post=143625"},{"taxonomy":"post_tag","embeddable":true,"href":"https:\/\/smago.de\/ws2\/wp-json\/wp\/v2\/tags?post=143625"}],"curies":[{"name":"wp","href":"https:\/\/api.w.org\/{rel}","templated":true}]}}