{"id":143607,"date":"2020-03-17T18:30:24","date_gmt":"2020-03-17T17:30:24","guid":{"rendered":"https:\/\/online.smago.de\/ws2\/?p=143607"},"modified":"2020-03-17T18:30:48","modified_gmt":"2020-03-17T17:30:48","slug":"dein-song-dein-song-finale-protagonisten-werden-nicht-vor-ort-sein","status":"publish","type":"post","link":"https:\/\/smago.de\/ws2\/uncategorized\/dein-song-dein-song-finale-protagonisten-werden-nicht-vor-ort-sein\/","title":{"rendered":"&#8222;DEIN SONG&#8220; <br>&#8222;Dein Song&#8220;-Finale: Protagonisten werden nicht vor Ort sein!"},"content":{"rendered":"<p>Johanna Klum und &#8222;KiKA LIVE&#8220;-Moderator Ben f\u00fchren am 20.03.2020 ab 19.05 Uhr durch die Live-Sendung!<br \/>\n<!--more--><\/p>\n<p>&nbsp;<\/p>\n<p>&nbsp;<\/p>\n<p style=\"text-align: justify;\">Aufgrund der aktuellen Situation hat sich das ZDF in diesem Jahr entschieden, die Show &#8222;Dein Song \u2013 Das Finale 2020&#8220; am 20. M\u00e4rz 2020 bei KiKA nicht mit gro\u00dfem Produktionsstab durchzuf\u00fchren. Stattdessen wird der Songwriter des Jahres ohne die Anwesenheit der jungen Komponisten innerhalb einer deutlich verkleinerten Produktion in Erfurt ermittelt.<\/p>\n<p style=\"text-align: justify;\">Johanna Klum und &#8222;KiKA LIVE&#8220;-Moderator Ben f\u00fchren ab 19.05 Uhr durch die Live-Sendung, bei der die Zuschauer anhand der Musikvideos per Voting \u00fcber den Gewinner des Wettbewerbs abstimmen k\u00f6nnen.<\/p>\n","protected":false},"excerpt":{"rendered":"<p>Johanna Klum und &#8222;KiKA LIVE&#8220;-Moderator Ben f\u00fchren am 20.03.2020 ab 19.05 Uhr durch die Live-Sendung!<\/p>\n","protected":false},"author":2,"featured_media":143608,"comment_status":"open","ping_status":"closed","sticky":false,"template":"","format":"standard","meta":{"_FSMCFIC_featured_image_caption":"","_FSMCFIC_featured_image_nocaption":"","_FSMCFIC_featured_image_hide":""},"categories":[1],"tags":[1089],"acf":[],"_links":{"self":[{"href":"https:\/\/smago.de\/ws2\/wp-json\/wp\/v2\/posts\/143607"}],"collection":[{"href":"https:\/\/smago.de\/ws2\/wp-json\/wp\/v2\/posts"}],"about":[{"href":"https:\/\/smago.de\/ws2\/wp-json\/wp\/v2\/types\/post"}],"author":[{"embeddable":true,"href":"https:\/\/smago.de\/ws2\/wp-json\/wp\/v2\/users\/2"}],"replies":[{"embeddable":true,"href":"https:\/\/smago.de\/ws2\/wp-json\/wp\/v2\/comments?post=143607"}],"version-history":[{"count":2,"href":"https:\/\/smago.de\/ws2\/wp-json\/wp\/v2\/posts\/143607\/revisions"}],"predecessor-version":[{"id":143610,"href":"https:\/\/smago.de\/ws2\/wp-json\/wp\/v2\/posts\/143607\/revisions\/143610"}],"wp:featuredmedia":[{"embeddable":true,"href":"https:\/\/smago.de\/ws2\/wp-json\/wp\/v2\/media\/143608"}],"wp:attachment":[{"href":"https:\/\/smago.de\/ws2\/wp-json\/wp\/v2\/media?parent=143607"}],"wp:term":[{"taxonomy":"category","embeddable":true,"href":"https:\/\/smago.de\/ws2\/wp-json\/wp\/v2\/categories?post=143607"},{"taxonomy":"post_tag","embeddable":true,"href":"https:\/\/smago.de\/ws2\/wp-json\/wp\/v2\/tags?post=143607"}],"curies":[{"name":"wp","href":"https:\/\/api.w.org\/{rel}","templated":true}]}}