{"id":143558,"date":"2020-03-15T18:20:34","date_gmt":"2020-03-15T17:20:34","guid":{"rendered":"https:\/\/online.smago.de\/ws2\/?p=143558"},"modified":"2020-03-15T18:20:34","modified_gmt":"2020-03-15T17:20:34","slug":"zdf-erster-corona-fall-im-zdf","status":"publish","type":"post","link":"https:\/\/smago.de\/ws2\/smago-informiert\/zdf-erster-corona-fall-im-zdf\/","title":{"rendered":"&#8222;ZDF&#8220; <br>Erster Corona-Fall im ZDF:"},"content":{"rendered":"<p>Sender erweitert die Sicherheitsvorkehrungen f\u00fcr die Belegschaft!<br \/>\n<!--more--><\/p>\n<p>&nbsp;<\/p>\n<p style=\"text-align: justify;\">\n<p style=\"text-align: justify;\">Seit Freitag (13.03.2020) gibt es den ersten best\u00e4tigten Fall einer Corona-Infektion im ZDF. Alle Kontaktpersonen haben ihre Arbeitspl\u00e4tze unmittelbar verlassen und wurden nach Hause geschickt. Das Gesundheitsamt ist \u00fcber den Vorgang informiert.<\/p>\n<p style=\"text-align: justify;\">Die ZDF-Gesch\u00e4ftsleitung hat am Wochenende weitere Ma\u00dfnahmen f\u00fcr die Sicherheit der Belegschaft beschlossen:<\/p>\n<p style=\"text-align: justify;\">Wo immer das m\u00f6glich und vertretbar ist, soll Arbeit im Homeoffice umgesetzt werden. Die Regelung gilt ab sofort und zun\u00e4chst bis zum Ende der Osterferien.<\/p>\n<p style=\"text-align: justify;\">Sitzungen und unmittelbare Kontakte finden nur noch statt, soweit dies f\u00fcr den Betrieb unabdingbar ist. F\u00fcr den Austausch sollen Telefonate bzw. Schaltkonferenzen den Regelfall darstellen. Nach M\u00f6glichkeit soll nur noch ein Arbeitsplatz pro Raum besetzt werden.<\/p>\n<p style=\"text-align: justify;\">Bis auf Weiteres werden alle Workshops, Seminare und \u00e4hnliche Veranstaltungen abgesagt. Kantinen werden f\u00fcr externe G\u00e4ste geschlossen.<\/p>\n<p style=\"text-align: justify;\">Die F\u00fchrungskr\u00e4fte sind aufgefordert, allen Mitarbeiter\/innen, die ein erh\u00f6htes Risiko f\u00fcr schwere Krankheitsverl\u00e4ufe haben, eine besondere F\u00fcrsorge angedeihen zu lassen.<\/p>\n<p style=\"text-align: justify;\">Die Gesundheit der ZDF-Mitarbeiterinnen und Mitarbeiter hat hohe Priorit\u00e4t. Das ZDF tr\u00e4gt als \u00f6ffentlich-rechtlicher Sender aber auch eine gesellschaftliche Verantwortung. Intendant Thomas Bellut: &#8222;Wir m\u00fcssen gemeinsam alles tun, um die Sendesicherheit, das Programm und die notwendigen Infrastrukturen aufrechtzuerhalten. In Zeiten wie diesen ist unser Programmauftrag wichtiger denn je.&#8220;<\/p>\n","protected":false},"excerpt":{"rendered":"<p>Sender erweitert die Sicherheitsvorkehrungen f\u00fcr die Belegschaft!<\/p>\n","protected":false},"author":2,"featured_media":139172,"comment_status":"open","ping_status":"closed","sticky":false,"template":"","format":"standard","meta":{"_FSMCFIC_featured_image_caption":"","_FSMCFIC_featured_image_nocaption":"","_FSMCFIC_featured_image_hide":""},"categories":[33],"tags":[135],"acf":[],"_links":{"self":[{"href":"https:\/\/smago.de\/ws2\/wp-json\/wp\/v2\/posts\/143558"}],"collection":[{"href":"https:\/\/smago.de\/ws2\/wp-json\/wp\/v2\/posts"}],"about":[{"href":"https:\/\/smago.de\/ws2\/wp-json\/wp\/v2\/types\/post"}],"author":[{"embeddable":true,"href":"https:\/\/smago.de\/ws2\/wp-json\/wp\/v2\/users\/2"}],"replies":[{"embeddable":true,"href":"https:\/\/smago.de\/ws2\/wp-json\/wp\/v2\/comments?post=143558"}],"version-history":[{"count":1,"href":"https:\/\/smago.de\/ws2\/wp-json\/wp\/v2\/posts\/143558\/revisions"}],"predecessor-version":[{"id":143559,"href":"https:\/\/smago.de\/ws2\/wp-json\/wp\/v2\/posts\/143558\/revisions\/143559"}],"wp:featuredmedia":[{"embeddable":true,"href":"https:\/\/smago.de\/ws2\/wp-json\/wp\/v2\/media\/139172"}],"wp:attachment":[{"href":"https:\/\/smago.de\/ws2\/wp-json\/wp\/v2\/media?parent=143558"}],"wp:term":[{"taxonomy":"category","embeddable":true,"href":"https:\/\/smago.de\/ws2\/wp-json\/wp\/v2\/categories?post=143558"},{"taxonomy":"post_tag","embeddable":true,"href":"https:\/\/smago.de\/ws2\/wp-json\/wp\/v2\/tags?post=143558"}],"curies":[{"name":"wp","href":"https:\/\/api.w.org\/{rel}","templated":true}]}}