{"id":143498,"date":"2020-03-13T20:24:05","date_gmt":"2020-03-13T19:24:05","guid":{"rendered":"https:\/\/online.smago.de\/ws2\/?p=143498"},"modified":"2020-03-13T20:24:05","modified_gmt":"2020-03-13T19:24:05","slug":"xavier-naidoo-rtl-nimmt-xavier-naidoo-endgueltig-aus-der-dsds-jury","status":"publish","type":"post","link":"https:\/\/smago.de\/ws2\/uncategorized\/xavier-naidoo-rtl-nimmt-xavier-naidoo-endgueltig-aus-der-dsds-jury\/","title":{"rendered":"XAVIER NAIDOO <br>RTL nimmt Xavier Naidoo ENDG\u00dcLTIG aus der &#8222;DSDS&#8220; Jury!"},"content":{"rendered":"<p>Der Grund: &#8222;umstrittene \u00c4u\u00dferungen&#8220;!<br \/>\n<!--more--><\/p>\n<p>&nbsp;<\/p>\n<p>&nbsp;<\/p>\n<div class=\"text\">\n<p style=\"text-align: justify;\">Nach den umstrittenen \u00c4u\u00dferungen von XAVIER NAIDOO in einem selbst gedrehten Video, das in den sozialen Netzwerken geteilt wurde, und massive Rassismus-Vorw\u00fcrfe nach sich zog, hat RTL sich entschlossen, den S\u00e4nger aus der Jury von &#8222;Deutschland sucht den Superstar&#8220; auszuschlie\u00dfen.<\/p>\n<\/div>\n<div class=\"text\">\n<p style=\"text-align: justify;\">Xavier Naidoo besingt in dem Video angebliche Gefahren, die von Migranten ausgehen und sagt u.a.: \u201eIch habe fast alle Menschen lieb, aber was, wenn fast jeden Tag ein Mord geschieht, bei dem der Gast dem Gastgeber ein Leben stiehlt?&#8220;* Xavier Naidoo wird aufgrund dieser Aussagen nicht zum ersten Mal Fremden-Hass und Rassismus vorgeworfen. RTL hatte den S\u00e4nger gebeten, sich dazu umfassend zu \u00e4u\u00dfern. In einem schriftlichen Statement dem Sender gegen\u00fcber und auf seinem Facebook Account hat Xavier Naidoo die Vorw\u00fcrfe des Rassismus zur\u00fcckgewiesen, zu den Hintergr\u00fcnden und der Entstehung des Videos \u00e4u\u00dferte er sich nicht. Er bleibt dem Sender viele Antworten schuldig, zudem sind weitere Videos aufgetaucht, die in eine \u00e4hnliche Richtung gehen. Das hat RTL bewogen, ihn aus der Jury von &#8222;Deutschland sucht den Superstar&#8220; zu nehmen.<\/p>\n<p style=\"text-align: justify;\">Xavier Naidoo ist auf unser Angebot, seine missverst\u00e4ndlichen und widerspr\u00fcchlichen Aussagen plausibel zu erkl\u00e4ren, bis heute<em>\u00a0<\/em>nicht eingegangen. Wir sehen an den vielen Reaktionen, dass das Thema bewegt, deshalb h\u00e4tten wir eine unmittelbare, \u00f6ffentliche Diskussion mit ihm gut gefunden. Das ist f\u00fcr uns Meinungsfreiheit.\u00a0 Dazu\u00a0 ist es aber nicht gekommen. Deshalb wird es f\u00fcr ihn keine R\u00fcckkehr zu DSDS geben.<\/p>\n<p style=\"text-align: justify;\">&#8222;Deutschland sucht den Superstar&#8220; startet am 14. M\u00e4rz, 20.15 Uhr, mit den vier Liveshows, in dem die Top 7 Kandidaten antreten.<\/p>\n<\/div>\n","protected":false},"excerpt":{"rendered":"<p>Der Grund: &#8222;umstrittene \u00c4u\u00dferungen&#8220;!<\/p>\n","protected":false},"author":2,"featured_media":0,"comment_status":"open","ping_status":"closed","sticky":false,"template":"","format":"standard","meta":{"_FSMCFIC_featured_image_caption":"","_FSMCFIC_featured_image_nocaption":"","_FSMCFIC_featured_image_hide":""},"categories":[1],"tags":[603],"acf":[],"_links":{"self":[{"href":"https:\/\/smago.de\/ws2\/wp-json\/wp\/v2\/posts\/143498"}],"collection":[{"href":"https:\/\/smago.de\/ws2\/wp-json\/wp\/v2\/posts"}],"about":[{"href":"https:\/\/smago.de\/ws2\/wp-json\/wp\/v2\/types\/post"}],"author":[{"embeddable":true,"href":"https:\/\/smago.de\/ws2\/wp-json\/wp\/v2\/users\/2"}],"replies":[{"embeddable":true,"href":"https:\/\/smago.de\/ws2\/wp-json\/wp\/v2\/comments?post=143498"}],"version-history":[{"count":1,"href":"https:\/\/smago.de\/ws2\/wp-json\/wp\/v2\/posts\/143498\/revisions"}],"predecessor-version":[{"id":143499,"href":"https:\/\/smago.de\/ws2\/wp-json\/wp\/v2\/posts\/143498\/revisions\/143499"}],"wp:attachment":[{"href":"https:\/\/smago.de\/ws2\/wp-json\/wp\/v2\/media?parent=143498"}],"wp:term":[{"taxonomy":"category","embeddable":true,"href":"https:\/\/smago.de\/ws2\/wp-json\/wp\/v2\/categories?post=143498"},{"taxonomy":"post_tag","embeddable":true,"href":"https:\/\/smago.de\/ws2\/wp-json\/wp\/v2\/tags?post=143498"}],"curies":[{"name":"wp","href":"https:\/\/api.w.org\/{rel}","templated":true}]}}