{"id":143427,"date":"2020-03-12T13:55:41","date_gmt":"2020-03-12T12:55:41","guid":{"rendered":"https:\/\/online.smago.de\/ws2\/?p=143427"},"modified":"2020-03-12T13:56:55","modified_gmt":"2020-03-12T12:56:55","slug":"muenchener-freiheit-kerstin-ott-semino-rossi-u-a-veranstalter-die-schlagernacht-in-weiss-am-27-06-2020-findet-nach-heutigem-stand-statt","status":"publish","type":"post","link":"https:\/\/smago.de\/ws2\/pop-schlager\/muenchener-freiheit-kerstin-ott-semino-rossi-u-a-veranstalter-die-schlagernacht-in-weiss-am-27-06-2020-findet-nach-heutigem-stand-statt\/","title":{"rendered":"M\u00dcNCHENER FREIHEIT, KERSTIN OTT, SEMINO ROSSI u.a. <br>Veranstalter: die &#8222;Schlagernacht in Wei\u00df&#8220; (am 27.06.2020) findet &#8211; nach heutigem Stand &#8211; statt !!!"},"content":{"rendered":"<p style=\"text-align: justify;\">HOFFEN WIR, dass es dabei bleibt &#8230;!<br \/>\n<!--more--><\/p>\n<p>&nbsp;<\/p>\n<p>&nbsp;<\/p>\n<p style=\"text-align: justify;\"><em>Liebe Schlagerfreunde, <\/em><\/p>\n<p style=\"text-align: justify;\"><em>angesichts der aktuellen Berichterstattungen hier ein kleiner Hinweis zu unserer Schlagernacht in Wei\u00df und den Schlagerfr\u00fchschoppen 2020 in D\u00f6ckingen:<\/em><\/p>\n<p><em>Mit heutigem Stand finden unsere beiden Veranstaltungen wie geplant am 27. und 28. Juni 2020 statt. Ebenso findet am Freitag, 26. Juni planm\u00e4\u00dfig das Fantreffen der Schlagerpiloten bei uns auf dem Eventgel\u00e4nde statt.<\/em><\/p>\n<p><em>Wir arbe<span class=\"text_exposed_show\">iten mit Hochdruck an dem Festival-Wochenende und freuen uns schon sehr auf Euch!<\/span><\/em><\/p>\n<p>Solange es keine beh\u00f6rdlichen Anordnungen oder gar Absagen gibt, ist am letzten Juni-Wochenende 2020 SCHLAGER PUR in unserem Eventpark in D\u00f6ckingen angesagt!<\/p>\n<p>Sollten sich in den n\u00e4chsten Tagen und Wochen \u00c4nderungen ergeben, informieren wir Euch nat\u00fcrlich hier und auf unserer Homepage \u00fcber die aktuelle Situation.<\/p>\n<p>Bleibt gesund und passt gut auf Euch und eure Mitmenschen auf.<\/p>\n<p>Viele Gr\u00fc\u00dfe von Eurem Hahnenkamm-Festival-Team<\/p>\n","protected":false},"excerpt":{"rendered":"<p>HOFFEN WIR, dass es dabei bleibt &#8230;!<\/p>\n","protected":false},"author":2,"featured_media":143428,"comment_status":"open","ping_status":"closed","sticky":false,"template":"","format":"standard","meta":{"_FSMCFIC_featured_image_caption":"","_FSMCFIC_featured_image_nocaption":"","_FSMCFIC_featured_image_hide":""},"categories":[28,29],"tags":[242],"acf":[],"_links":{"self":[{"href":"https:\/\/smago.de\/ws2\/wp-json\/wp\/v2\/posts\/143427"}],"collection":[{"href":"https:\/\/smago.de\/ws2\/wp-json\/wp\/v2\/posts"}],"about":[{"href":"https:\/\/smago.de\/ws2\/wp-json\/wp\/v2\/types\/post"}],"author":[{"embeddable":true,"href":"https:\/\/smago.de\/ws2\/wp-json\/wp\/v2\/users\/2"}],"replies":[{"embeddable":true,"href":"https:\/\/smago.de\/ws2\/wp-json\/wp\/v2\/comments?post=143427"}],"version-history":[{"count":2,"href":"https:\/\/smago.de\/ws2\/wp-json\/wp\/v2\/posts\/143427\/revisions"}],"predecessor-version":[{"id":143430,"href":"https:\/\/smago.de\/ws2\/wp-json\/wp\/v2\/posts\/143427\/revisions\/143430"}],"wp:featuredmedia":[{"embeddable":true,"href":"https:\/\/smago.de\/ws2\/wp-json\/wp\/v2\/media\/143428"}],"wp:attachment":[{"href":"https:\/\/smago.de\/ws2\/wp-json\/wp\/v2\/media?parent=143427"}],"wp:term":[{"taxonomy":"category","embeddable":true,"href":"https:\/\/smago.de\/ws2\/wp-json\/wp\/v2\/categories?post=143427"},{"taxonomy":"post_tag","embeddable":true,"href":"https:\/\/smago.de\/ws2\/wp-json\/wp\/v2\/tags?post=143427"}],"curies":[{"name":"wp","href":"https:\/\/api.w.org\/{rel}","templated":true}]}}