{"id":143316,"date":"2020-03-11T21:51:04","date_gmt":"2020-03-11T20:51:04","guid":{"rendered":"https:\/\/online.smago.de\/ws2\/?p=143316"},"modified":"2020-03-12T00:36:57","modified_gmt":"2020-03-11T23:36:57","slug":"xavier-naidoo-nach-umstrittenen-aussagen-xavier-naidoo-nicht-mehr-in-der-dsds-jury","status":"publish","type":"post","link":"https:\/\/smago.de\/ws2\/pop\/xavier-naidoo-nach-umstrittenen-aussagen-xavier-naidoo-nicht-mehr-in-der-dsds-jury\/","title":{"rendered":"XAVIER NAIDOO <br>Nach umstrittenen Aussagen: Xavier Naidoo nicht mehr in der &#8222;DSDS&#8220; Jury!"},"content":{"rendered":"<p>Die Hintergr\u00fcnde &#8230;:<br \/>\n<!--more--><\/p>\n<p>&nbsp;<\/p>\n<p>&nbsp;<\/p>\n<div class=\"text\" style=\"text-align: justify;\">\n<p>Nach den umstrittenen \u00c4u\u00dferungen von XAVIER NAIDOO in einem selbst gedrehten Video, das heute in den sozialen Netzwerken geteilt wurde, hat sich RTL entschlossen, den S\u00e4nger aus der Jury von &#8222;Deutschland sucht den Superstar&#8220; auszuschlie\u00dfen.<\/p>\n<\/div>\n<div class=\"text\">\n<p style=\"text-align: justify;\">Xavier Naidoo besingt in dem Video angebliche Gefahren, die von Migranten ausgehen und sagt u.a.: \u201eIch habe fast alle Menschen lieb, aber was, wenn fast jeden Tag ein Mord geschieht, bei dem der Gast dem Gastgeber ein Leben stiehlt?&#8220; *<\/p>\n<p style=\"text-align: justify;\">Xavier Naidoo wird aufgrund dieser Aussagen nicht zum ersten Mal Fremden-Hass und Rassismus vorgeworfen. RTL hatte den S\u00e4nger gebeten, sich dazu umfassend zu \u00e4u\u00dfern. In einem schriftlichen Statement dem Sender gegen\u00fcber und auf seinem Facebook Account hat Xavier Naidoo die Vorw\u00fcrfe des Rassismus zur\u00fcckgewiesen, zu den Hintergr\u00fcnden und der Entstehung des Videos \u00e4u\u00dferte er sich nicht. Er bleibt dem Sender viele Antworten schuldig, zudem sind weitere Videos aufgetaucht, die in eine \u00e4hnliche Richtung gehen. Das hat RTL bewogen, ihn am Samstag aus der Jury von &#8222;Deutschland sucht den Superstar&#8220; zu nehmen.<\/p>\n<p style=\"text-align: justify;\">Statement J\u00f6rg Graf, Gesch\u00e4ftsf\u00fchrer RTL,<\/p>\n<p style=\"text-align: justify;\">\u201eRTL steht f\u00fcr Vielfalt im Programm. Wir sind Verfechter der Meinungsfreiheit. Dazu geh\u00f6rt aber auch, dass wir jede Form von Rassismus und Extremismus entschieden ablehnen. Die jetzt aufgetauchten Videos von Xavier Naidoo haben uns massiv irritiert. Unsere Bitte, seine \u00c4u\u00dferungen im Dialog und live bei RTL pers\u00f6nlich und \u00f6ffentlich zu diskutieren und zu erkl\u00e4ren, hat er bislang unbeantwortet gelassen. Gerade diese Diskussion f\u00e4nden wir wichtig, da f\u00fcr uns die Aussagen im Video und seine Kommentierung danach \u00fcberhaupt nicht zusammen passen. Daher haben wir uns entschieden, ihn f\u00fcr die kommende Liveshow von DSDS auszuschlie\u00dfen.\u201c<\/p>\n<p style=\"text-align: justify;\">&#8222;Deutschland sucht den Superstar&#8220; startet am 14. M\u00e4rz, 20.15 Uhr, mit den vier Liveshows, in dem die Top 7 Kandidaten antreten.<\/p>\n<p style=\"text-align: justify;\">*Den gesamten Text im Wortlaut\u00a0finden Sie HIER &#8230;:<\/p>\n<p style=\"text-align: justify;\"><i>&#8222;Ihr seid verloren. Ihr macht nicht mal den Mund f\u00fcr Euch auf. So nehmen Trag\u00f6dien ihren Lauf. Eure T\u00f6chter, eure Kinder sollen leiden. Sollen sich mit W\u00f6lfen in der Sporthalle umkleiden und ihr steht seelenruhig nebendran. Schaut Euch das Schauspiel an, das Euch alle beenden kann. Weit und breit ist hier kein Mann, der dieses Land noch retten kann. Doch Hauptsache es ist politisch korrekt, auch wenn ihr daran verreckt. Und nochmal: Ich hab\u2018 fast alle Menschen lieb, aber was wenn fast jeden Tag ein Mord geschieht, bei dem der Gast dem Gastgeber ein Leben stiehlt. Dann muss ich harte Worte w\u00e4hlen, denn keiner darf meine Leute qu\u00e4len. Wenn doch, der kriegt&#8217;s mit mir zu tun. Lasst uns das beenden und zwar nun. Ihr seid verloren.&#8220;<\/i><\/p>\n<p>&#8222;Xavier Naidoo hat ganz entschieden Vorw\u00fcrfe wegen eines in den Sozialen Medien zirkulierenden Kurz-Videos mit einem Text aus dem Jahre 2018 zur\u00fcckgewiesen. Rassenhass und Fremdenfeindlichkeit sind ihm v\u00f6llig fremd, auch wenn er sich zuweilen emotional k\u00fcnstlerisch \u00e4u\u00dfert&#8220;, hei\u00dft es hierzu auf der Facebook-Seite von Xavier Naidoo. Und weiter: &#8222;In einer pers\u00f6nlichen Erkl\u00e4rung wendet sich Naidoo gegen absolut falsche Interpretationen seiner Aussagen und bekr\u00e4ftigt, dass Menschen, die vor Kriegen fl\u00fcchten, unserer Hilfe und uneingeschr\u00e4nkter Solidari<span class=\"text_exposed_show\">t\u00e4t bed\u00fcrfen.&#8220;.<\/span><\/p>\n<div class=\"text_exposed_show\">\n<p style=\"text-align: justify;\"><em>\u201eIch setze mich seit Jahren aus tiefster \u00dcberzeugung gegen Ausgrenzung und Rassenhass ein. Liebe und Respekt sind der einzige Weg f\u00fcr ein gesellschaftliches Miteinander.<\/em><\/p>\n<p style=\"text-align: justify;\"><em>Das bedeutet f\u00fcr mich aber auch, dass alle in der Verantwortung sind, wachsam gegen\u00fcber Angriffen auf ein friedliches Miteinander aller Menschen zu sein, egal aus welcher politischen Richtung und ungeachtet der Herkunft. Unsere Demokratie muss wehrhaft sein, um auch weiterhin ein Leben in Frieden und Eintracht f\u00fchren zu k\u00f6nnen. Ich gehe nicht zuletzt als Christ fest davon aus, dass der weit \u00fcberwiegende Anteil der Menschheit dies auch will. Tragische Gewalttaten wie etwa in Chemnitz, Halle, Hanau und andernorts gilt es zu verhindern; es kann auch nicht sein, dass etwa j\u00fcdische Schulkinder verst\u00e4rkt Angst vor antisemitischen \u00dcbergriffen haben m\u00fcssen. Auch meine Familie kam als Gast nach Deutschland und hat sich nat\u00fcrlich an Recht und Moralvorstellungen des Gastgebers gehalten. Diese Selbstverst\u00e4ndlichkeit sollte f\u00fcr alle gelten &#8211; auch wenn nur ein sehr kleiner Teil dies missverstanden hat. Aber gerade dieser kleine Teil belastet alle anderen, die hierdurch in &#8218;Sippenhaft&#8216; genommen und durch eine erschreckende Zunahme an Gewaltakten in Gefahr gebracht werden.\u201c<\/em><\/p>\n<\/div>\n<\/div>\n","protected":false},"excerpt":{"rendered":"<p>Die Hintergr\u00fcnde &#8230;:<\/p>\n","protected":false},"author":2,"featured_media":143317,"comment_status":"open","ping_status":"closed","sticky":false,"template":"","format":"standard","meta":{"_FSMCFIC_featured_image_caption":"","_FSMCFIC_featured_image_nocaption":"","_FSMCFIC_featured_image_hide":""},"categories":[27,39,128],"tags":[402,603],"acf":[],"_links":{"self":[{"href":"https:\/\/smago.de\/ws2\/wp-json\/wp\/v2\/posts\/143316"}],"collection":[{"href":"https:\/\/smago.de\/ws2\/wp-json\/wp\/v2\/posts"}],"about":[{"href":"https:\/\/smago.de\/ws2\/wp-json\/wp\/v2\/types\/post"}],"author":[{"embeddable":true,"href":"https:\/\/smago.de\/ws2\/wp-json\/wp\/v2\/users\/2"}],"replies":[{"embeddable":true,"href":"https:\/\/smago.de\/ws2\/wp-json\/wp\/v2\/comments?post=143316"}],"version-history":[{"count":4,"href":"https:\/\/smago.de\/ws2\/wp-json\/wp\/v2\/posts\/143316\/revisions"}],"predecessor-version":[{"id":143341,"href":"https:\/\/smago.de\/ws2\/wp-json\/wp\/v2\/posts\/143316\/revisions\/143341"}],"wp:featuredmedia":[{"embeddable":true,"href":"https:\/\/smago.de\/ws2\/wp-json\/wp\/v2\/media\/143317"}],"wp:attachment":[{"href":"https:\/\/smago.de\/ws2\/wp-json\/wp\/v2\/media?parent=143316"}],"wp:term":[{"taxonomy":"category","embeddable":true,"href":"https:\/\/smago.de\/ws2\/wp-json\/wp\/v2\/categories?post=143316"},{"taxonomy":"post_tag","embeddable":true,"href":"https:\/\/smago.de\/ws2\/wp-json\/wp\/v2\/tags?post=143316"}],"curies":[{"name":"wp","href":"https:\/\/api.w.org\/{rel}","templated":true}]}}