{"id":143305,"date":"2020-03-11T21:30:21","date_gmt":"2020-03-11T20:30:21","guid":{"rendered":"https:\/\/online.smago.de\/ws2\/?p=143305"},"modified":"2020-03-11T21:30:21","modified_gmt":"2020-03-11T20:30:21","slug":"smago-informiert-ndr-verzichtet-auf-studiopublikum-und-sagt-veranstaltungen-ab","status":"publish","type":"post","link":"https:\/\/smago.de\/ws2\/smago-informiert\/smago-informiert-ndr-verzichtet-auf-studiopublikum-und-sagt-veranstaltungen-ab\/","title":{"rendered":"smago! INFORMIERT <br>NDR verzichtet auf Studiopublikum und sagt Veranstaltungen ab!"},"content":{"rendered":"<p>Der NDR reagiert damit auf die fortschreitende Ausbreitung des neuartigen Coronavirus!<br \/>\n<!--more--><\/p>\n<p>&nbsp;<\/p>\n<p>&nbsp;<\/p>\n<p style=\"text-align: justify;\">Der Norddeutsche Rundfunk schr\u00e4nkt f\u00fcr die kommenden Wochen den Besucherverkehr an seinen Standorten in Niedersachsen, Schleswig-Holstein, Mecklenburg-Vorpommern und Hamburg stark ein und sagt Veranstaltungen mit Publikum vor Ort ab.<\/p>\n<p style=\"text-align: justify;\">Der NDR reagiert damit auf die fortschreitende Ausbreitung des neuartigen Coronavirus. Der Sendebetrieb im Fernsehen, im H\u00f6rfunk und online wird dadurch absehbar nicht eingeschr\u00e4nkt.<\/p>\n<p style=\"text-align: justify;\">\n<p style=\"text-align: justify;\">\u00a0<strong>Ulrike Deike, NDR Verwaltungsdirektorin:<\/strong> &#8222;F\u00fcr uns als NDR haben die Sicherstellung unseres Sendebetriebs und die Erf\u00fcllung unseres Informationsauftrags h\u00f6chsten Stellenwert. Um vermeidbare Risiken &#8211; auch f\u00fcr unsere G\u00e4ste &#8211; m\u00f6glichst auszuschlie\u00dfen, sagen wir zun\u00e4chst bis 13. April alle Veranstaltungen mit Publikum an unseren Standorten in Norddeutschland ab. Das schlie\u00dft auch die Besucherf\u00fchrungen ein. Wir sehen unsere jetzige Regelung als Vorsichtsma\u00dfnahme und bitten alle Betroffenen um Verst\u00e4ndnis. \u00dcber weitere Schritte entscheiden wir im Bedarfsfall auch kurzfristig mit Blick auf die aktuelle Lage. Wir hoffen, als Gastgeber bald wieder Publikum bei uns im NDR begr\u00fc\u00dfen zu k\u00f6nnen.&#8220;<\/p>\n<p style=\"text-align: justify;\">\n<p style=\"text-align: justify;\">Sendungen, die auf dem NDR Gel\u00e4nde produziert werden, etwa die &#8222;NDR Talk Show\u201c und \u201eextra 3\u201c finden bis auf Weiteres ohne Studiopublikum statt.<\/p>\n<p style=\"text-align: justify;\">\n<p style=\"text-align: justify;\">F\u00fcr Auftragsproduktionen wie z.B. \u201eAnne Will\u201c und \u201eGefragt, Gejagt\u201c gilt dies ebenso.<\/p>\n<p>&nbsp;<\/p>\n<p>Mit seiner Entscheidung orientiert sich der NDR an Empfehlungen des Robert-Koch-Instituts und der zust\u00e4ndigen Beh\u00f6rden, die auch darauf abzielen, die Ausbreitung des Krankheitserregers zu verlangsamen.<\/p>\n","protected":false},"excerpt":{"rendered":"<p>Der NDR reagiert damit auf die fortschreitende Ausbreitung des neuartigen Coronavirus!<\/p>\n","protected":false},"author":2,"featured_media":143306,"comment_status":"open","ping_status":"closed","sticky":false,"template":"","format":"standard","meta":{"_FSMCFIC_featured_image_caption":"","_FSMCFIC_featured_image_nocaption":"","_FSMCFIC_featured_image_hide":""},"categories":[33,128],"tags":[815,60],"acf":[],"_links":{"self":[{"href":"https:\/\/smago.de\/ws2\/wp-json\/wp\/v2\/posts\/143305"}],"collection":[{"href":"https:\/\/smago.de\/ws2\/wp-json\/wp\/v2\/posts"}],"about":[{"href":"https:\/\/smago.de\/ws2\/wp-json\/wp\/v2\/types\/post"}],"author":[{"embeddable":true,"href":"https:\/\/smago.de\/ws2\/wp-json\/wp\/v2\/users\/2"}],"replies":[{"embeddable":true,"href":"https:\/\/smago.de\/ws2\/wp-json\/wp\/v2\/comments?post=143305"}],"version-history":[{"count":1,"href":"https:\/\/smago.de\/ws2\/wp-json\/wp\/v2\/posts\/143305\/revisions"}],"predecessor-version":[{"id":143307,"href":"https:\/\/smago.de\/ws2\/wp-json\/wp\/v2\/posts\/143305\/revisions\/143307"}],"wp:featuredmedia":[{"embeddable":true,"href":"https:\/\/smago.de\/ws2\/wp-json\/wp\/v2\/media\/143306"}],"wp:attachment":[{"href":"https:\/\/smago.de\/ws2\/wp-json\/wp\/v2\/media?parent=143305"}],"wp:term":[{"taxonomy":"category","embeddable":true,"href":"https:\/\/smago.de\/ws2\/wp-json\/wp\/v2\/categories?post=143305"},{"taxonomy":"post_tag","embeddable":true,"href":"https:\/\/smago.de\/ws2\/wp-json\/wp\/v2\/tags?post=143305"}],"curies":[{"name":"wp","href":"https:\/\/api.w.org\/{rel}","templated":true}]}}