{"id":143104,"date":"2020-03-08T00:00:46","date_gmt":"2020-03-07T23:00:46","guid":{"rendered":"https:\/\/online.smago.de\/ws2\/?p=143104"},"modified":"2020-03-08T18:47:14","modified_gmt":"2020-03-08T17:47:14","slug":"sebastian-von-mletzko","status":"publish","type":"post","link":"https:\/\/smago.de\/ws2\/uncategorized\/sebastian-von-mletzko\/","title":{"rendered":"SEBASTIAN VON MLETZKO <br>&#8222;Wir waren Kinder&#8220;: Sebastian von Mletzko landet amtlichen Radio-Hit!"},"content":{"rendered":"<p style=\"text-align: justify;\">Sehen Sie HIER den Videoclip &#8230;:<br \/>\n<!--more--><\/p>\n<p>&nbsp;<\/p>\n<p style=\"text-align: justify;\">\n<p style=\"text-align: justify;\">SEBASTIAN VON MLETZKO freut sich wie ein Schneek\u00f6nig: Sein aktueller Titel &#8222;Wir waren Kinder&#8220; hat es bereits bis auf Platz 32 der Radio Charts &#8222;Deutschland Konservativ Pop&#8220; geschafft.<\/p>\n<p style=\"text-align: justify;\">In der 10. Chartwoche 2020 (Erhebungszeitraum: 28.02. &#8211; 05.03.) kletterte er von Position 44 in der Vorwoche auf den 32. Rang.<\/p>\n<p style=\"text-align: justify;\">Und Sebastian von Mletzko w\u00e4re nicht Sebastian von Mletzko, wenn er sich nicht sogleich umgehend bei all denjenigen &#8222;f\u00fcr die fantastische Unterst\u00fctzung&#8220; bedankt h\u00e4tte, die ihm diesen durchaus bemerkenswerten Erfolg erm\u00f6glicht haben: bei allen Radiosendern, die seinen aktuellen Song spielen, sowie nat\u00fcrlich auch bei seinen Fans.<\/p>\n<p style=\"text-align: justify;\">\n<p>&nbsp;<\/p>\n<p><img decoding=\"async\" loading=\"lazy\" class=\"alignnone size-nerubian-single wp-image-143109\" src=\"https:\/\/online.smago.de\/ws2\/wp-content\/uploads\/2020\/03\/vonmlezko32-348x522.jpg\" alt=\"\" width=\"348\" height=\"522\" srcset=\"https:\/\/smago.de\/ws2\/wp-content\/uploads\/2020\/03\/vonmlezko32-348x522.jpg 348w, https:\/\/smago.de\/ws2\/wp-content\/uploads\/2020\/03\/vonmlezko32-533x800.jpg 533w, https:\/\/smago.de\/ws2\/wp-content\/uploads\/2020\/03\/vonmlezko32-100x150.jpg 100w, https:\/\/smago.de\/ws2\/wp-content\/uploads\/2020\/03\/vonmlezko32-181x272.jpg 181w, https:\/\/smago.de\/ws2\/wp-content\/uploads\/2020\/03\/vonmlezko32-400x600.jpg 400w, https:\/\/smago.de\/ws2\/wp-content\/uploads\/2020\/03\/vonmlezko32-87x130.jpg 87w, https:\/\/smago.de\/ws2\/wp-content\/uploads\/2020\/03\/vonmlezko32-297x445.jpg 297w, https:\/\/smago.de\/ws2\/wp-content\/uploads\/2020\/03\/vonmlezko32-127x190.jpg 127w, https:\/\/smago.de\/ws2\/wp-content\/uploads\/2020\/03\/vonmlezko32-193x290.jpg 193w, https:\/\/smago.de\/ws2\/wp-content\/uploads\/2020\/03\/vonmlezko32.jpg 640w\" sizes=\"(max-width: 348px) 100vw, 348px\" \/><\/p>\n<p>&nbsp;<\/p>\n<p><strong>Der Titel &#8222;Wir waren Kinder&#8220;<\/strong> (Quelle: Fiesta Records)<\/p>\n<p style=\"text-align: justify;\">Wie die Zeit im Leben vergeht und die Vergangenheit holt uns trotzdem oft ein.<\/p>\n<p style=\"text-align: justify;\">Davon handelt der neue Titel \u201eWir waren Kinder\u201c, in dem \u00fcber die Kinderliebe bzw. Erste Liebe gesungen wird.<\/p>\n<p style=\"text-align: justify;\">Jeder hat seine Erfahrung mit dem verliebt sein.<\/p>\n<p style=\"text-align: justify;\">Sebastian sang diesen Song schon \u00f6fters bei seinen Auftritten 2019 und jetzt ist die Gelegenheit gekommen diesen aus der Schublade zu holen.<\/p>\n<p style=\"text-align: justify;\">Denn es sind keine Geringeren wie Produzent Tim Peters und Texter Alexander Scholz, die am Werke waren. Die beiden sind im Punkte Schlager nicht mehr wegzudenken und 2019 deshalb des \u00d6fteren\u00a0ausgezeichnet.<\/p>\n<p style=\"text-align: justify;\">Es lohnt sich, denn die erste Liebe vergisst man nie.<\/p>\n<p style=\"text-align: justify;\">Ver\u00f6ffentlicht wird die Single vom erfolgreichen Label &#8222;Fiesta Records&#8220; (Andreas Rosmiarek).<\/p>\n<p style=\"text-align: justify;\">Der Song ist seit 24.01.2020 auf allen Download- und Streaming-Portalen erh\u00e4ltlich.<\/p>\n<p>&nbsp;<\/p>\n<p><iframe loading=\"lazy\" src=\"\/\/www.youtube.com\/embed\/AMm9kMXLl5s\" width=\"560\" height=\"314\" allowfullscreen=\"allowfullscreen\"><\/iframe><\/p>\n","protected":false},"excerpt":{"rendered":"<p>Sehen Sie HIER den Videoclip &#8230;:<\/p>\n","protected":false},"author":2,"featured_media":143111,"comment_status":"open","ping_status":"closed","sticky":false,"template":"","format":"standard","meta":{"_FSMCFIC_featured_image_caption":"","_FSMCFIC_featured_image_nocaption":"","_FSMCFIC_featured_image_hide":""},"categories":[1],"tags":[483],"acf":[],"_links":{"self":[{"href":"https:\/\/smago.de\/ws2\/wp-json\/wp\/v2\/posts\/143104"}],"collection":[{"href":"https:\/\/smago.de\/ws2\/wp-json\/wp\/v2\/posts"}],"about":[{"href":"https:\/\/smago.de\/ws2\/wp-json\/wp\/v2\/types\/post"}],"author":[{"embeddable":true,"href":"https:\/\/smago.de\/ws2\/wp-json\/wp\/v2\/users\/2"}],"replies":[{"embeddable":true,"href":"https:\/\/smago.de\/ws2\/wp-json\/wp\/v2\/comments?post=143104"}],"version-history":[{"count":6,"href":"https:\/\/smago.de\/ws2\/wp-json\/wp\/v2\/posts\/143104\/revisions"}],"predecessor-version":[{"id":143131,"href":"https:\/\/smago.de\/ws2\/wp-json\/wp\/v2\/posts\/143104\/revisions\/143131"}],"wp:featuredmedia":[{"embeddable":true,"href":"https:\/\/smago.de\/ws2\/wp-json\/wp\/v2\/media\/143111"}],"wp:attachment":[{"href":"https:\/\/smago.de\/ws2\/wp-json\/wp\/v2\/media?parent=143104"}],"wp:term":[{"taxonomy":"category","embeddable":true,"href":"https:\/\/smago.de\/ws2\/wp-json\/wp\/v2\/categories?post=143104"},{"taxonomy":"post_tag","embeddable":true,"href":"https:\/\/smago.de\/ws2\/wp-json\/wp\/v2\/tags?post=143104"}],"curies":[{"name":"wp","href":"https:\/\/api.w.org\/{rel}","templated":true}]}}