{"id":143098,"date":"2020-03-07T17:32:29","date_gmt":"2020-03-07T16:32:29","guid":{"rendered":"https:\/\/online.smago.de\/ws2\/?p=143098"},"modified":"2020-03-07T17:32:29","modified_gmt":"2020-03-07T16:32:29","slug":"sasha-heute-vorabend-07-03-2020-in-der-sendung-das-zu-gast","status":"publish","type":"post","link":"https:\/\/smago.de\/ws2\/pop\/sasha-heute-vorabend-07-03-2020-in-der-sendung-das-zu-gast\/","title":{"rendered":"SASHA <br>Heute Vorabend (07.03.2020) in der Sendung &#8222;DAS!&#8220; zu Gast!"},"content":{"rendered":"<p>NDR fernsehen, 18:45 Uhr &#8211; 19:30 Uhr (Wh. in der Nacht auf 08.03., 05:15 Uhr &#8211; 06:00 Uhr)!<br \/>\n<!--more--><\/p>\n<p>&nbsp;<\/p>\n<p style=\"text-align: justify;\">\n<p style=\"text-align: justify;\"><strong>Name: <\/strong>Sasha<\/p>\n<p><strong>Beruf: <\/strong>Pops\u00e4nger, Moderator und Schauspieler<br \/>\n<strong><br \/>\nMeilensteine: <\/strong>Seine ersten musikalischen Sporen verdiente sich Popstar Sasha in einer Schulband, sp\u00e4ter als Stra\u00dfenmusiker und Backgrounds\u00e4nger. Der gro\u00dfe Durchbruch kam 1998 und 1999 mit den Hits &#8222;If You Believe&#8220; und &#8222;I Feel Lonley&#8220; u.v.m. &#8211; Sasha brach sein Studium ab und ist seither als Solok\u00fcnstler unterwegs. Er hat acht Alben ver\u00f6ffentlicht, darunter zwei unter dem Namen &#8222;Dick Brave&#8220;, einer Kunstfigur im Rockabilly-Stil, die er 2002 kreierte und die ein sehr erfolgreiches Eigenleben f\u00fchrte. Seine Platten erreichten 17 Mal Gold und sechsmal Platin-Status.<br \/>\n<strong><br \/>\nMit welchem Thema kommt er zu DAS!:<\/strong> Am 23. Februar feierte Sasha sein Comeback als &#8222;The Voice Kids&#8220;-Coach. Gemeinsam mit Lena Meyer-Landrut, Max Giesinger und Florian Sump sowie Lukas Nimschek von der Band &#8222;Deine Freunde&#8220; nimmt Sasha bereits zum dritten Mal auf dem Coach-Stuhl Platz und sucht die besten jungen Gesangs-Talente. Dass ihm dieser Job viel Spa\u00df bringt, konnte er bereits im November als &#8222;The Voice Senior&#8220;-Coach auf der Suche nach Deutschlands bester \u00dc60-Stimme beweisen. &#8222;Ich finde beide Varianten gleicherma\u00dfen extrem bereichernd und spannend&#8220;, freut sich Sasha. Und auch selber wird er ab April wieder auf der B\u00fchne stehen. Dann startet seine &#8222;Schl\u00fcsselkind&#8220;-Tour, die er Anfang Dezember \u00fcberraschend verschoben hatte, um mehr Zeit f\u00fcr seine Frau und sein Baby zu haben. &#8222;Schl\u00fcsselkind&#8220; ist sein erstes deutschsprachiges Album.<br \/>\n<strong><br \/>\nWurzeln:<\/strong> Sascha Schmitz wurde 1972 in Soest (NRW) geboren. Er f\u00fchrt seit seiner Hochzeit den b\u00fcrgerlichen Namen Sascha R\u00f6ntgen-Schmitz und lebt mit seiner Frau und seinem 1-j\u00e4hrigen Sohn Otto in Hamburg.<\/p>\n","protected":false},"excerpt":{"rendered":"<p>NDR fernsehen, 18:45 Uhr &#8211; 19:30 Uhr (Wh. in der Nacht auf 08.03., 05:15 Uhr &#8211; 06:00 Uhr)!<\/p>\n","protected":false},"author":2,"featured_media":136951,"comment_status":"open","ping_status":"closed","sticky":false,"template":"","format":"standard","meta":{"_FSMCFIC_featured_image_caption":"","_FSMCFIC_featured_image_nocaption":"","_FSMCFIC_featured_image_hide":""},"categories":[27,128],"tags":[711],"acf":[],"_links":{"self":[{"href":"https:\/\/smago.de\/ws2\/wp-json\/wp\/v2\/posts\/143098"}],"collection":[{"href":"https:\/\/smago.de\/ws2\/wp-json\/wp\/v2\/posts"}],"about":[{"href":"https:\/\/smago.de\/ws2\/wp-json\/wp\/v2\/types\/post"}],"author":[{"embeddable":true,"href":"https:\/\/smago.de\/ws2\/wp-json\/wp\/v2\/users\/2"}],"replies":[{"embeddable":true,"href":"https:\/\/smago.de\/ws2\/wp-json\/wp\/v2\/comments?post=143098"}],"version-history":[{"count":1,"href":"https:\/\/smago.de\/ws2\/wp-json\/wp\/v2\/posts\/143098\/revisions"}],"predecessor-version":[{"id":143099,"href":"https:\/\/smago.de\/ws2\/wp-json\/wp\/v2\/posts\/143098\/revisions\/143099"}],"wp:featuredmedia":[{"embeddable":true,"href":"https:\/\/smago.de\/ws2\/wp-json\/wp\/v2\/media\/136951"}],"wp:attachment":[{"href":"https:\/\/smago.de\/ws2\/wp-json\/wp\/v2\/media?parent=143098"}],"wp:term":[{"taxonomy":"category","embeddable":true,"href":"https:\/\/smago.de\/ws2\/wp-json\/wp\/v2\/categories?post=143098"},{"taxonomy":"post_tag","embeddable":true,"href":"https:\/\/smago.de\/ws2\/wp-json\/wp\/v2\/tags?post=143098"}],"curies":[{"name":"wp","href":"https:\/\/api.w.org\/{rel}","templated":true}]}}