{"id":142917,"date":"2020-03-04T13:16:24","date_gmt":"2020-03-04T12:16:24","guid":{"rendered":"https:\/\/online.smago.de\/ws2\/?p=142917"},"modified":"2020-03-04T13:16:24","modified_gmt":"2020-03-04T12:16:24","slug":"eurovision-song-contest-mehr-als-eine-million-abrufe-des-musikvideos-zu-ben-dolics-violent-thing-innerhalb-der-ersten-woche","status":"publish","type":"post","link":"https:\/\/smago.de\/ws2\/pop\/eurovision-song-contest-mehr-als-eine-million-abrufe-des-musikvideos-zu-ben-dolics-violent-thing-innerhalb-der-ersten-woche\/","title":{"rendered":"&#8222;EUROVISION SONG CONTEST&#8220; <br>Mehr als eine Million Abrufe des Musikvideos zu Ben Dolics \u201eViolent Thing\u201c innerhalb der ersten Woche!"},"content":{"rendered":"<p>Der Song \u201eViolent Thing\u201c wurde vom \u00f6sterreichisch-bulgarischen (!) Produzenten und Songwriter Boris Milanov und seinem Team geschrieben!<br \/>\n<!--more--><\/p>\n<p>&nbsp;<\/p>\n<p style=\"text-align: justify;\">F\u00fcnf Tage nach seiner Ver\u00f6ffentlichung hat das Musikvideo f\u00fcr den deutschen ESC-Beitrag 2020 die Millionenmarke deutlich geknackt: Allein auf seinem eigenen Youtube-Kanal wurde das Video mit Ben Dolic und seinem Song \u201eViolent Thing\u201c bereits mehr als eine Million Mal aufgerufen. Dazu kommen die Menschen, die das Video auf dem Kanal des Eurovision Song Contests sehen wollten (mehr als 80.000 Aufrufe). Die Akustikversion aus der Sendung \u201eUnser Lied f\u00fcr Rotterdam\u201c, in der Ben Dolic den Song nur vom Gitarristen Lars C\u00f6lln begleitet singt, kommt auf Youtube im Moment auf 104.000 Aufrufe.<\/p>\n<p style=\"text-align: justify;\">\n<p style=\"text-align: justify;\"><strong>Thomas Schreiber, ARD Koordinator Unterhaltung:<\/strong> \u201eSch\u00f6n, dass unser geneinsames Musikvideo auf so gro\u00dfes Interesse st\u00f6\u00dft. Noch sch\u00f6ner, dass die internationalen Reaktionen durchweg so positiv und motivierend sind. Wir arbeiten jetzt mit Hochdruck an der Inszenierung.\u201c<\/p>\n<p style=\"text-align: justify;\">\n<p style=\"text-align: justify;\">Der 22-j\u00e4hrige Ben Dolic f\u00e4hrt f\u00fcr Deutschland zum Eurovision Song Contest nach Rotterdam, nachdem er mit dem Song \u201eViolent Thing\u201c in einem mehrstufigen Auswahlverfahren zwei unabh\u00e4ngige Jurys \u00fcberzeugt hatte: eine \u201eEurovisions-Jury\u201c mit 100 ESC-Kennerinnen und -Kennern aus ganz Deutschland, die den internationalen Zuschauergeschmack abbilden, und eine internationale Expertenjury aus 20 Musikprofis. Der Song \u201eViolent Thing\u201c wurde vom \u00f6sterreichisch-bulgarischen Produzenten und Songwriter Boris Milanov und seinem Team geschrieben.<\/p>\n<p style=\"text-align: justify;\">Das Finale des Eurovision Song Contests findet am Sonnabend, 16. Mai, in Rotterdam statt. Zum ersten Mal kommentieren Peter Urban und Michael Schulte das ESC-Finale und die ESC-Halbfinale gemeinsam. Das Erste, ONE und <a href=\"http:\/\/eurovision.de\/\">eurovision.de<\/a> \u00fcbertragen das Finale live ab 21.00 Uhr. Die Halbfinale werden am 12. und 14. Mai live jeweils ab 21.00 Uhr auf ONE und <a href=\"http:\/\/eurovision.de\/\">eurovision.de<\/a> gesendet.<\/p>\n<p style=\"text-align: justify;\">\n<p>&nbsp;<\/p>\n<p>Mehr zum ESC gibt\u2019s unter <a href=\"http:\/\/www.eurovision.de\/\">www.eurovision.de<\/a>!<\/p>\n<p>&nbsp;<\/p>\n<p><iframe loading=\"lazy\" src=\"\/\/www.youtube.com\/embed\/4swmQ7YITug?feature=youtu\" width=\"560\" height=\"314\" allowfullscreen=\"allowfullscreen\"><\/iframe><\/p>\n","protected":false},"excerpt":{"rendered":"<p>Der Song \u201eViolent Thing\u201c wurde vom \u00f6sterreichisch-bulgarischen (!) Produzenten und Songwriter Boris Milanov und seinem Team geschrieben!<\/p>\n","protected":false},"author":2,"featured_media":142614,"comment_status":"open","ping_status":"closed","sticky":false,"template":"","format":"standard","meta":{"_FSMCFIC_featured_image_caption":"","_FSMCFIC_featured_image_nocaption":"","_FSMCFIC_featured_image_hide":""},"categories":[27],"tags":[85],"acf":[],"_links":{"self":[{"href":"https:\/\/smago.de\/ws2\/wp-json\/wp\/v2\/posts\/142917"}],"collection":[{"href":"https:\/\/smago.de\/ws2\/wp-json\/wp\/v2\/posts"}],"about":[{"href":"https:\/\/smago.de\/ws2\/wp-json\/wp\/v2\/types\/post"}],"author":[{"embeddable":true,"href":"https:\/\/smago.de\/ws2\/wp-json\/wp\/v2\/users\/2"}],"replies":[{"embeddable":true,"href":"https:\/\/smago.de\/ws2\/wp-json\/wp\/v2\/comments?post=142917"}],"version-history":[{"count":1,"href":"https:\/\/smago.de\/ws2\/wp-json\/wp\/v2\/posts\/142917\/revisions"}],"predecessor-version":[{"id":142918,"href":"https:\/\/smago.de\/ws2\/wp-json\/wp\/v2\/posts\/142917\/revisions\/142918"}],"wp:featuredmedia":[{"embeddable":true,"href":"https:\/\/smago.de\/ws2\/wp-json\/wp\/v2\/media\/142614"}],"wp:attachment":[{"href":"https:\/\/smago.de\/ws2\/wp-json\/wp\/v2\/media?parent=142917"}],"wp:term":[{"taxonomy":"category","embeddable":true,"href":"https:\/\/smago.de\/ws2\/wp-json\/wp\/v2\/categories?post=142917"},{"taxonomy":"post_tag","embeddable":true,"href":"https:\/\/smago.de\/ws2\/wp-json\/wp\/v2\/tags?post=142917"}],"curies":[{"name":"wp","href":"https:\/\/api.w.org\/{rel}","templated":true}]}}