{"id":142899,"date":"2020-03-03T20:22:55","date_gmt":"2020-03-03T19:22:55","guid":{"rendered":"https:\/\/online.smago.de\/ws2\/?p=142899"},"modified":"2020-03-04T06:22:23","modified_gmt":"2020-03-04T05:22:23","slug":"smago-informiert-verantwortung-geht-vor-vengamedia-sagt-events-ab","status":"publish","type":"post","link":"https:\/\/smago.de\/ws2\/party-schlager\/smago-informiert-verantwortung-geht-vor-vengamedia-sagt-events-ab\/","title":{"rendered":"smago! INFORMIERT <br>&#8222;Verantwortung geht vor&#8220;: Vengamedia sagt Events ab!"},"content":{"rendered":"<p style=\"text-align: justify;\">Welche Veranstaltungen es genau trifft &#8230;:<br \/>\n<!--more--><\/p>\n<p>&nbsp;<\/p>\n<p>&nbsp;<\/p>\n<p style=\"text-align: justify;\"><em>Wir als Produktionsfirma &#8222;Vengamedia&#8220; m\u00fcssen schweren Herzens drei gro\u00dfe Events absagen. Dazu z\u00e4hlen &#8222;Die offiziellen Deutschen Party &amp; Schlager Charts &#8211; Hit-Kometen&#8220;\u00a0<a href=\"x-apple-data-detectors:\/\/0\">am 27.03.2020<\/a>\u00a0in Bad Salzungen, die Promotour zur Doppel-CD &#8222;Die offiziellen Deutschen Party &amp; Schlager Charts Vol 13&#8220;\u00a0<a href=\"x-apple-data-detectors:\/\/1\">ab dem 27.03.2020<\/a>\u00a0und die TV-Aufzeichnung &#8222;Die Senkrechtstarter&#8220;\u00a0<a href=\"x-apple-data-detectors:\/\/2\">am 22.03.2020<\/a>\u00a0im Tanzlokal NINA in Bottrop.<\/em><\/p>\n<p style=\"text-align: justify;\"><em>Deutschland, Europa und die Welt leiden aktuell unter dem Einfluss des sich schnell ausbreitenden Coronavirus. Hierzu gibt es die unterschiedlichsten Informationen, Sorgen und \u00c4ngste, aber auch Handlungsempfehlungen des Robert-Koch-Instituts f\u00fcr Gro\u00dfveranstaltungen.<\/em><\/p>\n<p style=\"text-align: justify;\"><em>Leider k\u00f6nnen wir diese Empfehlungen in der K\u00fcrze der Zeit f\u00fcr unsere Veranstaltungen nicht umsetzen und m\u00fcssen als Veranstalter in erster Linie aus der Verantwortung f\u00fcr unsere G\u00e4ste und Partner heraus die Events absagen.<\/em><\/p>\n<p style=\"text-align: justify;\"><em>Da die Entwicklung dieser Situation weltweit nicht abzusehen ist, k\u00f6nnen Ersatztermine derzeit nicht bestimmt werden. F\u00fcr die TV-Aufzeichnung &#8222;Die Senkrechtstarter&#8220; gilt, dass die Produktion des Formates zu einem sp\u00e4teren Zeitpunkt nachgeholt wird. Selbstverst\u00e4ndlich mit den bisherigen Kandidaten.<\/em><\/p>\n<p style=\"text-align: justify;\"><em>Eine solche Entscheidung f\u00e4llt uns sehr schwer, stehen aber in der Verantwortung f\u00fcr das Wohlbefinden und die Gesundheit unserer G\u00e4ste, Teilnehmer und Partner.<\/em><\/p>\n<p style=\"text-align: justify;\"><em>Gekaufte Tickets werden \u00fcber die VVK-Stellen erstattet. Die Unsicherheiten bez\u00fcglich des Virus sind gro\u00df und wir hoffen auf Ihr Verst\u00e4ndnis.<\/p>\n<p><\/em>Georg Fischer hierzu weiter auf seiner privaten Facebook-Seite: <em>\u201eIch habe einige Tage \u00fcberlegt, jeden Tag mit unserem ganzen Team gesprochen. Mit den Tour Bookern, der Technik Crew, mit den Moderatoren, Gesellschafter der Vengamedia UG usw. Unsere Mitarbeiter haben mit anderen Veranstaltern, den Gesundheits\u00e4mtern und den Stadtverwaltungen gesprochen. Mir ist bewusst, dass ich am Ende eine Entscheidung treffen muss in der wirtschaftliche Aspekte aber viel viel me<span class=\"text_exposed_show\">hr die Verantwortung z\u00e4hlt . Manche werden meine Entscheidung als \u00fcbertrieben sehen , jedoch stehe ich zu 100 Prozent hinter dieser Entscheidung und danke meinem Umfeld f\u00fcr die HILFE, dass ich diese Entscheidung treffen konnte\u201c<\/span><\/em><\/p>\n","protected":false},"excerpt":{"rendered":"<p>Welche Veranstaltungen es genau trifft &#8230;:<\/p>\n","protected":false},"author":2,"featured_media":142747,"comment_status":"open","ping_status":"closed","sticky":false,"template":"","format":"standard","meta":{"_FSMCFIC_featured_image_caption":"","_FSMCFIC_featured_image_nocaption":"","_FSMCFIC_featured_image_hide":""},"categories":[26,28,128],"tags":[1408],"acf":[],"_links":{"self":[{"href":"https:\/\/smago.de\/ws2\/wp-json\/wp\/v2\/posts\/142899"}],"collection":[{"href":"https:\/\/smago.de\/ws2\/wp-json\/wp\/v2\/posts"}],"about":[{"href":"https:\/\/smago.de\/ws2\/wp-json\/wp\/v2\/types\/post"}],"author":[{"embeddable":true,"href":"https:\/\/smago.de\/ws2\/wp-json\/wp\/v2\/users\/2"}],"replies":[{"embeddable":true,"href":"https:\/\/smago.de\/ws2\/wp-json\/wp\/v2\/comments?post=142899"}],"version-history":[{"count":3,"href":"https:\/\/smago.de\/ws2\/wp-json\/wp\/v2\/posts\/142899\/revisions"}],"predecessor-version":[{"id":142915,"href":"https:\/\/smago.de\/ws2\/wp-json\/wp\/v2\/posts\/142899\/revisions\/142915"}],"wp:featuredmedia":[{"embeddable":true,"href":"https:\/\/smago.de\/ws2\/wp-json\/wp\/v2\/media\/142747"}],"wp:attachment":[{"href":"https:\/\/smago.de\/ws2\/wp-json\/wp\/v2\/media?parent=142899"}],"wp:term":[{"taxonomy":"category","embeddable":true,"href":"https:\/\/smago.de\/ws2\/wp-json\/wp\/v2\/categories?post=142899"},{"taxonomy":"post_tag","embeddable":true,"href":"https:\/\/smago.de\/ws2\/wp-json\/wp\/v2\/tags?post=142899"}],"curies":[{"name":"wp","href":"https:\/\/api.w.org\/{rel}","templated":true}]}}