{"id":142740,"date":"2020-02-28T21:31:43","date_gmt":"2020-02-28T20:31:43","guid":{"rendered":"https:\/\/online.smago.de\/ws2\/?p=142740"},"modified":"2020-02-28T21:31:43","modified_gmt":"2020-02-28T20:31:43","slug":"smago-informiert-tolle-aktion-von-sonnenklar-tv","status":"publish","type":"post","link":"https:\/\/smago.de\/ws2\/smago-informiert\/smago-informiert-tolle-aktion-von-sonnenklar-tv\/","title":{"rendered":"smago! INFORMIERT <br>Tolle Aktion von sonnenklar.TV!"},"content":{"rendered":"<p>sonnenklar.TV-Gesch\u00e4ftsf\u00fchrer Andreas Lambeck hatte einmal mehr eine ganz hervorragende Idee &#8230;:<br \/>\n<!--more--><\/p>\n<p>&nbsp;<\/p>\n<p>&nbsp;<\/p>\n<p style=\"text-align: justify;\"><em>Jetzt erst recht ! sonnenklar.TV live vor Ort ! <\/em><\/p>\n<p style=\"text-align: justify;\">\n<em>Angesichts einer potenziellen Ausbreitung des Corona-Virus wird die ITB 2020 in Berlin nicht stattfinden. Nat\u00fcrlich hat die Gesundheit aller Partner und Besucher Vorrang! Aber wir finden auch, dass es gerade jetzt, wo gro\u00dfe Verunsicherung bei Reisenden besteht und die Tourismusbranche sicher massive Buchungseinbr\u00fcche verzeichnen wird, umso wichtiger<span class=\"text_exposed_show\"> ist, \u00fcber Ihre neusten Trends und News zu informieren. Deswegen haben wir und sonnenklar.TV als Europas gr\u00f6\u00dfter Reisesender \u00fcberlegt, allen Partnern aus der Tourismusbranche in einem \u201eReisespecial 2020\u201c die M\u00f6glichkeit zu bieten, mit uns LIVE auf Sendung zu gehen. So k\u00f6nnen Sie Ihre Neuigkeiten transportieren, und dadurch nicht nur die \u00c4ngste und Sorgen von Ihren Kunden nehmen, sondern sie auch weiterhin f\u00fcr das Thema \u201eReisen\u201c begeistern. Ziel ist ganz klar, dass Urlaub in Ihrer Destination gebucht wird. Dazu wollen wir einen Beitrag leisten.<\/p>\n<p>Dann kommen wir eben zu Ihnen \u2026<\/p>\n<p>Unsere Moderatoren kommen zu Ihnen und wir gehen LIVE auf Sendung. Wir berichten \u00fcber Ihre Trends und News. Haben auch Sie Interesse? Dann schreiben Sie uns einfach und wir gehen zusammen auf Sendung.<\/span><\/em><\/p>\n<p>&nbsp;<\/p>\n<p>&nbsp;<\/p>\n<figure id=\"attachment_139109\" aria-describedby=\"caption-attachment-139109\" style=\"width: 522px\" class=\"wp-caption alignnone\"><img decoding=\"async\" loading=\"lazy\" class=\"size-full wp-image-139109\" src=\"https:\/\/online.smago.de\/ws2\/wp-content\/uploads\/2019\/12\/sonnenklar.png\" alt=\"\" width=\"522\" height=\"166\" srcset=\"https:\/\/smago.de\/ws2\/wp-content\/uploads\/2019\/12\/sonnenklar.png 522w, https:\/\/smago.de\/ws2\/wp-content\/uploads\/2019\/12\/sonnenklar-292x93.png 292w, https:\/\/smago.de\/ws2\/wp-content\/uploads\/2019\/12\/sonnenklar-435x138.png 435w\" sizes=\"(max-width: 522px) 100vw, 522px\" \/><figcaption id=\"caption-attachment-139109\" class=\"wp-caption-text\">Foto-Credit: sonnenklar.TV<\/figcaption><\/figure>\n","protected":false},"excerpt":{"rendered":"<p>sonnenklar.TV-Gesch\u00e4ftsf\u00fchrer Andreas Lambeck hatte einmal mehr eine ganz hervorragende Idee &#8230;:<\/p>\n","protected":false},"author":2,"featured_media":142741,"comment_status":"open","ping_status":"closed","sticky":false,"template":"","format":"standard","meta":{"_FSMCFIC_featured_image_caption":"","_FSMCFIC_featured_image_nocaption":"","_FSMCFIC_featured_image_hide":""},"categories":[33,39],"tags":[509],"acf":[],"_links":{"self":[{"href":"https:\/\/smago.de\/ws2\/wp-json\/wp\/v2\/posts\/142740"}],"collection":[{"href":"https:\/\/smago.de\/ws2\/wp-json\/wp\/v2\/posts"}],"about":[{"href":"https:\/\/smago.de\/ws2\/wp-json\/wp\/v2\/types\/post"}],"author":[{"embeddable":true,"href":"https:\/\/smago.de\/ws2\/wp-json\/wp\/v2\/users\/2"}],"replies":[{"embeddable":true,"href":"https:\/\/smago.de\/ws2\/wp-json\/wp\/v2\/comments?post=142740"}],"version-history":[{"count":1,"href":"https:\/\/smago.de\/ws2\/wp-json\/wp\/v2\/posts\/142740\/revisions"}],"predecessor-version":[{"id":142742,"href":"https:\/\/smago.de\/ws2\/wp-json\/wp\/v2\/posts\/142740\/revisions\/142742"}],"wp:featuredmedia":[{"embeddable":true,"href":"https:\/\/smago.de\/ws2\/wp-json\/wp\/v2\/media\/142741"}],"wp:attachment":[{"href":"https:\/\/smago.de\/ws2\/wp-json\/wp\/v2\/media?parent=142740"}],"wp:term":[{"taxonomy":"category","embeddable":true,"href":"https:\/\/smago.de\/ws2\/wp-json\/wp\/v2\/categories?post=142740"},{"taxonomy":"post_tag","embeddable":true,"href":"https:\/\/smago.de\/ws2\/wp-json\/wp\/v2\/tags?post=142740"}],"curies":[{"name":"wp","href":"https:\/\/api.w.org\/{rel}","templated":true}]}}