{"id":142724,"date":"2020-02-28T20:36:38","date_gmt":"2020-02-28T19:36:38","guid":{"rendered":"https:\/\/online.smago.de\/ws2\/?p=142724"},"modified":"2020-02-28T20:37:59","modified_gmt":"2020-02-28T19:37:59","slug":"smago-informiert-itb-berlin-2020-abgesagt","status":"publish","type":"post","link":"https:\/\/smago.de\/ws2\/uncategorized\/smago-informiert-itb-berlin-2020-abgesagt\/","title":{"rendered":"smago! INFORMIERT <br>ITB Berlin 2020 abgesagt!"},"content":{"rendered":"<p>Am 26.02.2020 hie\u00df es noch: &#8222;Die gr\u00f6\u00dfte Reisemesse der Welt soll wie geplant in Berlin stattfinden&#8220; &#8230;!<br \/>\n<!--more--><\/p>\n<p>&nbsp;<\/p>\n<p>&nbsp;<\/p>\n<p style=\"text-align: justify;\">Die ITB Berlin 2020 findet nicht statt. Aufgrund der zunehmenden Verbreitung des neuartigen Coronavirus COVID-19 haben sich das Bundesgesundheits- und das Bundeswirtschaftsministerium daf\u00fcr ausgesprochen, die ITB Berlin abzusagen. Das zust\u00e4ndige Gesundheitsamt von Charlottenburg-Wilmersdorf von Berlin hat die Auflagen zur Durchf\u00fchrung der Veranstaltung heute am fr\u00fchen Abend (18:27 Uhr) stark erh\u00f6ht. Unter anderem ordnet die Beh\u00f6rde an: Jeder Messeteilnehmer muss der Messe Berlin belegen, nicht aus den definierten Risikogebieten zu stammen oder Kontakt zu einer Person aus den Risikogebieten gehabt zu haben. Die Auflagen insgesamt sind von der Messe Berlin nicht umsetzbar.<\/p>\n<p style=\"text-align: justify;\">Die Messe Berlin hat seit Wochen darauf hingewiesen, dass die Entscheidung \u00fcber die Durchf\u00fchrung oder Absage von Gro\u00dfveranstaltungen nur auf der Grundlage der Empfehlung bzw. Anweisung der zust\u00e4ndigen Fachbeh\u00f6rden erfolgen kann. Nur diese verf\u00fcgen \u00fcber alle notwendigen Informationen und Fachkenntnisse, um die richtigen Schlussfolgerungen zu ziehen.<\/p>\n<p style=\"text-align: justify;\">Dr. Christian G\u00f6ke, CEO der Messe Berlin GmbH, sagte: \u201eDie ITB Berlin ist mit mehr als 10.000 Ausstellern aus \u00fcber 180 L\u00e4ndern f\u00fcr die weltweite Tourismusbranche von herausragender Bedeutung. Wir nehmen unsere Verantwortung f\u00fcr die Gesundheit und die Sicherheit unserer G\u00e4ste, Aussteller und Mitarbeiter sehr ernst. So blicken wir schweren Herzens auf die jetzt notwendig gewordene Absage der ITB Berlin 2020.\u201c<\/p>\n<p style=\"text-align: justify;\">Der Aufsichtsratsvorsitzende der Messe Berlin Wolf-Dieter Wolf erkl\u00e4rt: \u201eIn ihrer mittlerweile 54-j\u00e4hrigen Geschichte haben die ITB Berlin und die Messe Berlin noch keine vergleichbare Situation erlebt. Wir danken allen Ausstellern und Partnern auf der ganzen Welt, die der ITB Berlin in den vergangenen Tagen und Wochen beigestanden haben und freuen uns auf eine weiterhin vertrauensvolle Zusammenarbeit mit unseren Partnern im Markt.\u201c<\/p>\n<p>&nbsp;<\/p>\n<p>&nbsp;<\/p>\n<p>&nbsp;<\/p>\n<p style=\"text-align: justify;\"><b>\u00dcber die ITB Berlin<\/b><\/p>\n<p>&nbsp;<\/p>\n<p style=\"text-align: justify;\">Die ITB Berlin ist die weltweit f\u00fchrende Reisemesse mit rund 10.000 Ausstellern aus \u00fcber 180 L\u00e4ndern sowie insgesamt 160.000 Besuchern. Im Jahr 2021 wird sie vom 10. bis 14. M\u00e4rz stattfinden. Alle Infos zur ITB Berlin und den Messe-Ausgaben im Ausland finden sich unter der neuen, globalen Plattform <a class=\"link-extern track-el\" title=\"www.itb.com\" href=\"http:\/\/www.itb.com\/\">www.itb.com<\/a>. Sie gibt Nutzern die M\u00f6glichkeit, sich trotz Absage mit anderen Messe-Teilnehmern zu verbinden, sich auszutauschen und mit der ITB in Verbindung zu bleiben. Zudem erm\u00f6glicht sie 365 Tage im Jahr Business und Netzwerken sowie den Zugriff auf die Inhalte aller vier ITB-Ausgaben und erleichtert den Zugang f\u00fcr Newcomer der Branche.<\/p>\n<p>&nbsp;<\/p>\n<p>&nbsp;<\/p>\n<p>&nbsp;<\/p>\n<p style=\"text-align: justify;\"><b>\u00dcber die Messe Berlin<\/b><\/p>\n<p>&nbsp;<\/p>\n<p style=\"text-align: justify;\">Die Messe Berlin z\u00e4hlt zu den zehn umsatz- und wachstumsst\u00e4rksten Messegesellschaften weltweit. Sie konzipiert, vermarktet und veranstaltet jedes Jahr hunderte von Liveevents in Berlin und auf der ganzen Welt. Zu ihrem breiten Portfolio geh\u00f6ren die globalen Marken und Leitmessen IFA, InnoTrans, ITB, FRUIT LOGISTICA und die Internationale Gr\u00fcne Woche, ebenso, wie Gro\u00dfkonferenzen und herausragende Events, so zum Beispiel die Fanmeile am Brandenburger Tor. Mit rund 90 Auslandsb\u00fcros vertreibt die Messe Berlin ihre Veranstaltungen in \u00fcber 170 L\u00e4ndern. Allein bei den Veranstaltungen am Stammsitz unter dem Funkturm in Berlin akkreditieren sich jedes Jahr rund 30.000 Medienvertreter aus der gesamten Welt. Damit f\u00f6rdert und treibt die Messe Berlin die Entwicklung der Metropole Berlin. Ziel ist, auf allen Veranstaltungen der Messe Berlin den Besuchern ein herausragender Gastgeber zu sein, bestm\u00f6gliche Gesch\u00e4ftsimpulse f\u00fcr den Einzelnen zu geben und faire Bedingungen f\u00fcr Jeden zu gew\u00e4hrleisten. Dieses Selbstverst\u00e4ndnis spiegelt sich im Unternehmensmotto: Messe Berlin \u2013 Hosting the World.<\/p>\n<p>&nbsp;<\/p>\n<p>&nbsp;<\/p>\n<p style=\"text-align: justify;\"><a class=\"link-extern track-el\" title=\"www.messe-berlin.de\" href=\"http:\/\/www.messe-berlin.de\/\">www.messe-berlin.de<\/a><\/p>\n<p>&nbsp;<\/p>\n<p>&nbsp;<\/p>\n<p><img decoding=\"async\" loading=\"lazy\" class=\"alignnone size-full wp-image-142725\" src=\"https:\/\/online.smago.de\/ws2\/wp-content\/uploads\/2020\/02\/ITB_B.png\" alt=\"\" width=\"349\" height=\"144\" srcset=\"https:\/\/smago.de\/ws2\/wp-content\/uploads\/2020\/02\/ITB_B.png 349w, https:\/\/smago.de\/ws2\/wp-content\/uploads\/2020\/02\/ITB_B-292x120.png 292w, https:\/\/smago.de\/ws2\/wp-content\/uploads\/2020\/02\/ITB_B-130x54.png 130w\" sizes=\"(max-width: 349px) 100vw, 349px\" \/><\/p>\n","protected":false},"excerpt":{"rendered":"<p>Am 26.02.2020 hie\u00df es noch: &#8222;Die gr\u00f6\u00dfte Reisemesse der Welt soll wie geplant in Berlin stattfinden&#8220; &#8230;!<\/p>\n","protected":false},"author":2,"featured_media":142725,"comment_status":"open","ping_status":"closed","sticky":false,"template":"","format":"standard","meta":{"_FSMCFIC_featured_image_caption":"","_FSMCFIC_featured_image_nocaption":"","_FSMCFIC_featured_image_hide":""},"categories":[1],"tags":[60],"acf":[],"_links":{"self":[{"href":"https:\/\/smago.de\/ws2\/wp-json\/wp\/v2\/posts\/142724"}],"collection":[{"href":"https:\/\/smago.de\/ws2\/wp-json\/wp\/v2\/posts"}],"about":[{"href":"https:\/\/smago.de\/ws2\/wp-json\/wp\/v2\/types\/post"}],"author":[{"embeddable":true,"href":"https:\/\/smago.de\/ws2\/wp-json\/wp\/v2\/users\/2"}],"replies":[{"embeddable":true,"href":"https:\/\/smago.de\/ws2\/wp-json\/wp\/v2\/comments?post=142724"}],"version-history":[{"count":2,"href":"https:\/\/smago.de\/ws2\/wp-json\/wp\/v2\/posts\/142724\/revisions"}],"predecessor-version":[{"id":142727,"href":"https:\/\/smago.de\/ws2\/wp-json\/wp\/v2\/posts\/142724\/revisions\/142727"}],"wp:featuredmedia":[{"embeddable":true,"href":"https:\/\/smago.de\/ws2\/wp-json\/wp\/v2\/media\/142725"}],"wp:attachment":[{"href":"https:\/\/smago.de\/ws2\/wp-json\/wp\/v2\/media?parent=142724"}],"wp:term":[{"taxonomy":"category","embeddable":true,"href":"https:\/\/smago.de\/ws2\/wp-json\/wp\/v2\/categories?post=142724"},{"taxonomy":"post_tag","embeddable":true,"href":"https:\/\/smago.de\/ws2\/wp-json\/wp\/v2\/tags?post=142724"}],"curies":[{"name":"wp","href":"https:\/\/api.w.org\/{rel}","templated":true}]}}