{"id":142653,"date":"2020-02-28T00:00:25","date_gmt":"2020-02-27T23:00:25","guid":{"rendered":"https:\/\/online.smago.de\/ws2\/?p=142653"},"modified":"2020-02-27T22:01:47","modified_gmt":"2020-02-27T21:01:47","slug":"thomas-anders-koch-mal-anders-start-am-02-03-2020","status":"publish","type":"post","link":"https:\/\/smago.de\/ws2\/schlager\/thomas-anders-koch-mal-anders-start-am-02-03-2020\/","title":{"rendered":"THOMAS ANDERS <br>\u201eKoch mal ANDERS\u201c: Start am 02.03.2020!"},"content":{"rendered":"<p>Gastgeber Thomas Anders begr\u00fc\u00dft prominente G\u00e4ste zum Talk am Herd \/\/ montags &#8211; freitags, 13:45 Uhr, im SWR Fernsehen!<strong><br \/>\n<\/strong><!--more--><\/p>\n<p>&nbsp;<\/p>\n<p>&nbsp;<\/p>\n<p>&nbsp;<\/p>\n<p class=\"lead\" style=\"text-align: justify;\">Wobei l\u00e4sst sich besser etwas \u00fcber sein Gegen\u00fcber erfahren als beim Kochen? S\u00e4nger, Entertainer und Genussmensch Thomas Anders begr\u00fc\u00dft in der neuen Sendung \u201eKoch mal ANDERS\u201c prominente G\u00e4ste am Herd. Die neue Kochsendung im SWR Fernsehen l\u00e4uft ab 2. M\u00e4rz 2020 von Montag bis Freitag um 13:45 Uhr.<\/p>\n<p>&nbsp;<\/p>\n<p>&nbsp;<\/p>\n<p>&nbsp;<\/p>\n<div class=\"bodytext\" style=\"text-align: justify;\">\n<figure id=\"video-75c83a93-f59a-449c-ae42-14614542ca58\" class=\"asset video video-16by9\">\n<div class=\"video-player\">\n<div id=\"player-75c83a93-f59a-449c-ae42-14614542ca58\" class=\"rs_skip_always ardplayer ardplayer-show-posterframe\" data-cridid=\"crid:\/\/swr.de\/aex\/o1205394\" data-spy=\"mediaplayer\" data-tracking-agf=\"{&quot;appId&quot;:&quot;P6F6B25DA-25F7-41FA-84F5-61D0707AFBD2&quot;,&quot;clipData&quot;:{&quot;assetid&quot;:&quot;1205394&quot;,&quot;type&quot;:&quot;content&quot;,&quot;program&quot;:&quot;Pressemeldungen&quot;,&quot;title&quot;:&quot;Koch mal ANDERS&quot;,&quot;length&quot;:&quot;25&quot;,&quot;livestream&quot;:&quot;N&quot;,&quot;nol_c0&quot;:&quot;p0,0&quot;,&quot;nol_c2&quot;:&quot;p2,Y&quot;,&quot;nol_c5&quot;:&quot;p5,https:\/\/www.swr.de\/unternehmen\/kommunikation\/pressemeldungen\/Koch-mal-ANDERS,av-o1205394-100.html&quot;,&quot;nol_c7&quot;:&quot;p7,crid:\/\/swr.de\/aex\/o1205394&quot;,&quot;nol_c8&quot;:&quot;p8,25&quot;,&quot;nol_c9&quot;:&quot;p9,Koch mal ANDERS&quot;,&quot;nol_c10&quot;:&quot;p10,SWR&quot;,&quot;nol_c12&quot;:&quot;p12,Content&quot;,&quot;nol_c14&quot;:&quot;p14,&quot;,&quot;nol_c16&quot;:&quot;p16,&quot;,&quot;nol_c18&quot;:&quot;p18,N&quot;}}\" data-duration=\"25\" data-media-id=\"ORDERINFOID:1205394\" data-embeddable=\"true\" data-uuid=\"0CD7BF0E-CB24-471D-89AD-5A44D247DC3C\" data-size=\"651\">\n<h2><strong>Lieblingsrezepte zum Nachkochen<\/strong><\/h2>\n<p>&nbsp;<\/p>\n<p>In vertrauter Atmosph\u00e4re einer modernen Landhausk\u00fcche versucht Thomas Anders seinen prominenten G\u00e4sten das eine oder andere Geheimnis zu entlocken. Aber nat\u00fcrlich steht auch das Kulinarische im Mittelpunkt. Gekocht werden die Lieblingsrezepte des Gastes und des Gastgebers. Die Gerichte lassen sich einfach in 45 Minuten umsetzen, sodass die Zuschauer*innen sie am heimischen Herd nachkochen k\u00f6nnen.<\/p>\n<\/div>\n<\/div>\n<\/figure>\n<\/div>\n<div class=\"bodytext\" style=\"text-align: justify;\">\n<figure id=\"video-75c83a93-f59a-449c-ae42-14614542ca58\" class=\"asset video video-16by9\">\n<div class=\"video-player\">\n<div id=\"player-75c83a93-f59a-449c-ae42-14614542ca58\" class=\"rs_skip_always ardplayer ardplayer-show-posterframe\" data-cridid=\"crid:\/\/swr.de\/aex\/o1205394\" data-spy=\"mediaplayer\" data-tracking-agf=\"{&quot;appId&quot;:&quot;P6F6B25DA-25F7-41FA-84F5-61D0707AFBD2&quot;,&quot;clipData&quot;:{&quot;assetid&quot;:&quot;1205394&quot;,&quot;type&quot;:&quot;content&quot;,&quot;program&quot;:&quot;Pressemeldungen&quot;,&quot;title&quot;:&quot;Koch mal ANDERS&quot;,&quot;length&quot;:&quot;25&quot;,&quot;livestream&quot;:&quot;N&quot;,&quot;nol_c0&quot;:&quot;p0,0&quot;,&quot;nol_c2&quot;:&quot;p2,Y&quot;,&quot;nol_c5&quot;:&quot;p5,https:\/\/www.swr.de\/unternehmen\/kommunikation\/pressemeldungen\/Koch-mal-ANDERS,av-o1205394-100.html&quot;,&quot;nol_c7&quot;:&quot;p7,crid:\/\/swr.de\/aex\/o1205394&quot;,&quot;nol_c8&quot;:&quot;p8,25&quot;,&quot;nol_c9&quot;:&quot;p9,Koch mal ANDERS&quot;,&quot;nol_c10&quot;:&quot;p10,SWR&quot;,&quot;nol_c12&quot;:&quot;p12,Content&quot;,&quot;nol_c14&quot;:&quot;p14,&quot;,&quot;nol_c16&quot;:&quot;p16,&quot;,&quot;nol_c18&quot;:&quot;p18,N&quot;}}\" data-duration=\"25\" data-media-id=\"ORDERINFOID:1205394\" data-embeddable=\"true\" data-uuid=\"0CD7BF0E-CB24-471D-89AD-5A44D247DC3C\" data-size=\"651\">\n<h2><\/h2>\n<\/div>\n<h2><\/h2>\n<div id=\"player-75c83a93-f59a-449c-ae42-14614542ca58\" class=\"rs_skip_always ardplayer ardplayer-show-posterframe\" data-cridid=\"crid:\/\/swr.de\/aex\/o1205394\" data-spy=\"mediaplayer\" data-tracking-agf=\"{&quot;appId&quot;:&quot;P6F6B25DA-25F7-41FA-84F5-61D0707AFBD2&quot;,&quot;clipData&quot;:{&quot;assetid&quot;:&quot;1205394&quot;,&quot;type&quot;:&quot;content&quot;,&quot;program&quot;:&quot;Pressemeldungen&quot;,&quot;title&quot;:&quot;Koch mal ANDERS&quot;,&quot;length&quot;:&quot;25&quot;,&quot;livestream&quot;:&quot;N&quot;,&quot;nol_c0&quot;:&quot;p0,0&quot;,&quot;nol_c2&quot;:&quot;p2,Y&quot;,&quot;nol_c5&quot;:&quot;p5,https:\/\/www.swr.de\/unternehmen\/kommunikation\/pressemeldungen\/Koch-mal-ANDERS,av-o1205394-100.html&quot;,&quot;nol_c7&quot;:&quot;p7,crid:\/\/swr.de\/aex\/o1205394&quot;,&quot;nol_c8&quot;:&quot;p8,25&quot;,&quot;nol_c9&quot;:&quot;p9,Koch mal ANDERS&quot;,&quot;nol_c10&quot;:&quot;p10,SWR&quot;,&quot;nol_c12&quot;:&quot;p12,Content&quot;,&quot;nol_c14&quot;:&quot;p14,&quot;,&quot;nol_c16&quot;:&quot;p16,&quot;,&quot;nol_c18&quot;:&quot;p18,N&quot;}}\" data-duration=\"25\" data-media-id=\"ORDERINFOID:1205394\" data-embeddable=\"true\" data-uuid=\"0CD7BF0E-CB24-471D-89AD-5A44D247DC3C\" data-size=\"651\">\n<h2><\/h2>\n<h2><strong>Mit Herzblut dabei<\/strong><\/h2>\n<p>&nbsp;<\/p>\n<p>Thomas Anders: \u201eLeidenschaft, intensive Gespr\u00e4che, Genuss: Das alles verbinde ich mit Kochen. Die Dreharbeiten f\u00fcr \u201aKoch mal Anders\u2018 sind gestartet, das Team ist mit Herzblut dabei und meine G\u00e4ste haben tolle Rezepte im Gep\u00e4ck. Im n\u00e4chsten Fr\u00fchjahr laden wir dann die Zuschauerinnen und Zuschauer ein, im SWR Fernsehen dabei zu sein. Und ich w\u00fcrde mich sehr freuen, wenn sie diese Einladung annehmen.\u201c<\/p>\n<\/div>\n<\/div>\n<\/figure>\n<p>&nbsp;<\/p>\n<\/div>\n<p>&nbsp;<\/p>\n<div class=\"bodytext\" style=\"text-align: justify;\">\n<figure id=\"video-75c83a93-f59a-449c-ae42-14614542ca58\" class=\"asset video video-16by9\">\n<div class=\"video-player\">\n<div id=\"player-75c83a93-f59a-449c-ae42-14614542ca58\" class=\"rs_skip_always ardplayer ardplayer-show-posterframe\" data-cridid=\"crid:\/\/swr.de\/aex\/o1205394\" data-spy=\"mediaplayer\" data-tracking-agf=\"{&quot;appId&quot;:&quot;P6F6B25DA-25F7-41FA-84F5-61D0707AFBD2&quot;,&quot;clipData&quot;:{&quot;assetid&quot;:&quot;1205394&quot;,&quot;type&quot;:&quot;content&quot;,&quot;program&quot;:&quot;Pressemeldungen&quot;,&quot;title&quot;:&quot;Koch mal ANDERS&quot;,&quot;length&quot;:&quot;25&quot;,&quot;livestream&quot;:&quot;N&quot;,&quot;nol_c0&quot;:&quot;p0,0&quot;,&quot;nol_c2&quot;:&quot;p2,Y&quot;,&quot;nol_c5&quot;:&quot;p5,https:\/\/www.swr.de\/unternehmen\/kommunikation\/pressemeldungen\/Koch-mal-ANDERS,av-o1205394-100.html&quot;,&quot;nol_c7&quot;:&quot;p7,crid:\/\/swr.de\/aex\/o1205394&quot;,&quot;nol_c8&quot;:&quot;p8,25&quot;,&quot;nol_c9&quot;:&quot;p9,Koch mal ANDERS&quot;,&quot;nol_c10&quot;:&quot;p10,SWR&quot;,&quot;nol_c12&quot;:&quot;p12,Content&quot;,&quot;nol_c14&quot;:&quot;p14,&quot;,&quot;nol_c16&quot;:&quot;p16,&quot;,&quot;nol_c18&quot;:&quot;p18,N&quot;}}\" data-duration=\"25\" data-media-id=\"ORDERINFOID:1205394\" data-embeddable=\"true\" data-uuid=\"0CD7BF0E-CB24-471D-89AD-5A44D247DC3C\" data-size=\"651\">\n<h2><\/h2>\n<h2><strong>Die G\u00e4ste 2.-6. M\u00e4rz<\/strong><\/h2>\n<p>&nbsp;<\/p>\n<p>Montag, 2. M\u00e4rz: \u201eKoch mal ANDERS\u201c mit Isabel Varell<\/p>\n<p>Dienstag, 3. M\u00e4rz: \u201eKoch mal ANDERS\u201c mit Matze Knop<\/p>\n<p>Mittwoch, 4. M\u00e4rz: \u201eKoch mal ANDERS\u201c mit Regina Halmich<\/p>\n<p>Donnerstag, 5. M\u00e4rz: \u201eKoch mal ANDERS\u201c mit Manuel Andrack<\/p>\n<p>Freitag, 6. M\u00e4rz: \u201eKoch mal ANDERS\u201c mit Francine Jordi<\/p>\n<\/div>\n<\/div>\n<\/figure>\n<\/div>\n<div class=\"bodytext\">\n<figure id=\"video-75c83a93-f59a-449c-ae42-14614542ca58\" class=\"asset video video-16by9\">\n<div class=\"video-player\">\n<div id=\"player-75c83a93-f59a-449c-ae42-14614542ca58\" class=\"rs_skip_always ardplayer ardplayer-show-posterframe\" data-cridid=\"crid:\/\/swr.de\/aex\/o1205394\" data-spy=\"mediaplayer\" data-tracking-agf=\"{&quot;appId&quot;:&quot;P6F6B25DA-25F7-41FA-84F5-61D0707AFBD2&quot;,&quot;clipData&quot;:{&quot;assetid&quot;:&quot;1205394&quot;,&quot;type&quot;:&quot;content&quot;,&quot;program&quot;:&quot;Pressemeldungen&quot;,&quot;title&quot;:&quot;Koch mal ANDERS&quot;,&quot;length&quot;:&quot;25&quot;,&quot;livestream&quot;:&quot;N&quot;,&quot;nol_c0&quot;:&quot;p0,0&quot;,&quot;nol_c2&quot;:&quot;p2,Y&quot;,&quot;nol_c5&quot;:&quot;p5,https:\/\/www.swr.de\/unternehmen\/kommunikation\/pressemeldungen\/Koch-mal-ANDERS,av-o1205394-100.html&quot;,&quot;nol_c7&quot;:&quot;p7,crid:\/\/swr.de\/aex\/o1205394&quot;,&quot;nol_c8&quot;:&quot;p8,25&quot;,&quot;nol_c9&quot;:&quot;p9,Koch mal ANDERS&quot;,&quot;nol_c10&quot;:&quot;p10,SWR&quot;,&quot;nol_c12&quot;:&quot;p12,Content&quot;,&quot;nol_c14&quot;:&quot;p14,&quot;,&quot;nol_c16&quot;:&quot;p16,&quot;,&quot;nol_c18&quot;:&quot;p18,N&quot;}}\" data-duration=\"25\" data-media-id=\"ORDERINFOID:1205394\" data-embeddable=\"true\" data-uuid=\"0CD7BF0E-CB24-471D-89AD-5A44D247DC3C\" data-size=\"651\">\n<h2 style=\"text-align: justify;\"><\/h2>\n<h2 style=\"text-align: justify;\"><\/h2>\n<h2 style=\"text-align: justify;\"><strong>Die G\u00e4ste 9.-13. M\u00e4rz<\/strong><\/h2>\n<p style=\"text-align: justify;\">Montag, 9. M\u00e4rz: \u201eKoch mal ANDERS\u201c mit Matthias Steiner<\/p>\n<p style=\"text-align: justify;\">Dienstag, 10. M\u00e4rz: \u201eKoch mal ANDERS\u201c mit Meltem Kaptan<\/p>\n<p style=\"text-align: justify;\">Mittwoch, 11. M\u00e4rz: \u201eKoch mal ANDERS\u201c mit Maximilian Arland<\/p>\n<p style=\"text-align: justify;\">Donnerstag, 12. M\u00e4rz: \u201eKoch mal ANDERS\u201c mit J\u00f6rg Kn\u00f6r<\/p>\n<p style=\"text-align: justify;\">Freitag, 13. M\u00e4rz: \u201eKoch mal ANDERS\u201c mit Claudia Kleinert<\/p>\n<\/div>\n<p>&nbsp;<\/p>\n<div id=\"player-75c83a93-f59a-449c-ae42-14614542ca58\" class=\"rs_skip_always ardplayer ardplayer-show-posterframe\" data-cridid=\"crid:\/\/swr.de\/aex\/o1205394\" data-spy=\"mediaplayer\" data-tracking-agf=\"{&quot;appId&quot;:&quot;P6F6B25DA-25F7-41FA-84F5-61D0707AFBD2&quot;,&quot;clipData&quot;:{&quot;assetid&quot;:&quot;1205394&quot;,&quot;type&quot;:&quot;content&quot;,&quot;program&quot;:&quot;Pressemeldungen&quot;,&quot;title&quot;:&quot;Koch mal ANDERS&quot;,&quot;length&quot;:&quot;25&quot;,&quot;livestream&quot;:&quot;N&quot;,&quot;nol_c0&quot;:&quot;p0,0&quot;,&quot;nol_c2&quot;:&quot;p2,Y&quot;,&quot;nol_c5&quot;:&quot;p5,https:\/\/www.swr.de\/unternehmen\/kommunikation\/pressemeldungen\/Koch-mal-ANDERS,av-o1205394-100.html&quot;,&quot;nol_c7&quot;:&quot;p7,crid:\/\/swr.de\/aex\/o1205394&quot;,&quot;nol_c8&quot;:&quot;p8,25&quot;,&quot;nol_c9&quot;:&quot;p9,Koch mal ANDERS&quot;,&quot;nol_c10&quot;:&quot;p10,SWR&quot;,&quot;nol_c12&quot;:&quot;p12,Content&quot;,&quot;nol_c14&quot;:&quot;p14,&quot;,&quot;nol_c16&quot;:&quot;p16,&quot;,&quot;nol_c18&quot;:&quot;p18,N&quot;}}\" data-duration=\"25\" data-media-id=\"ORDERINFOID:1205394\" data-embeddable=\"true\" data-uuid=\"0CD7BF0E-CB24-471D-89AD-5A44D247DC3C\" data-size=\"651\">\n<div class=\"mediagallery\" data-sm-items=\"1\">\n<div class=\"mediagallery-items slick-initialized slick-slider slick-dotted\" role=\"listbox\" data-spy=\"gallery\">\n<p><button class=\"slick-prev slick-arrow\" type=\"button\" aria-label=\"Previous\">Previous<\/button><\/p>\n<\/div>\n<\/div>\n<\/div>\n<div class=\"image\" style=\"text-align: justify;\">\n<figure id=\"attachment_138593\" aria-describedby=\"caption-attachment-138593\" style=\"width: 522px\" class=\"wp-caption alignnone\"><img decoding=\"async\" loading=\"lazy\" class=\"size-full wp-image-138593\" src=\"https:\/\/online.smago.de\/ws2\/wp-content\/uploads\/2019\/12\/anders_varell__SWR-Kristina-Sch\u00e4fer-.jpg\" alt=\"\" width=\"522\" height=\"294\" srcset=\"https:\/\/smago.de\/ws2\/wp-content\/uploads\/2019\/12\/anders_varell__SWR-Kristina-Sch\u00e4fer-.jpg 522w, https:\/\/smago.de\/ws2\/wp-content\/uploads\/2019\/12\/anders_varell__SWR-Kristina-Sch\u00e4fer--266x150.jpg 266w, https:\/\/smago.de\/ws2\/wp-content\/uploads\/2019\/12\/anders_varell__SWR-Kristina-Sch\u00e4fer--292x164.jpg 292w, https:\/\/smago.de\/ws2\/wp-content\/uploads\/2019\/12\/anders_varell__SWR-Kristina-Sch\u00e4fer--435x245.jpg 435w\" sizes=\"(max-width: 522px) 100vw, 522px\" \/><figcaption id=\"caption-attachment-138593\" class=\"wp-caption-text\">Foto-Credit: SWR \/ Kristina Sch\u00e4fer<\/figcaption><\/figure>\n<\/div>\n<\/div>\n<\/figure>\n<\/div>\n","protected":false},"excerpt":{"rendered":"<p>Gastgeber Thomas Anders begr\u00fc\u00dft prominente G\u00e4ste zum Talk am Herd \/\/ montags &#8211; freitags, 13:45 Uhr, im SWR Fernsehen!<\/p>\n","protected":false},"author":2,"featured_media":142655,"comment_status":"open","ping_status":"closed","sticky":false,"template":"","format":"standard","meta":{"_FSMCFIC_featured_image_caption":"","_FSMCFIC_featured_image_nocaption":"","_FSMCFIC_featured_image_hide":""},"categories":[29,39,128],"tags":[48],"acf":[],"_links":{"self":[{"href":"https:\/\/smago.de\/ws2\/wp-json\/wp\/v2\/posts\/142653"}],"collection":[{"href":"https:\/\/smago.de\/ws2\/wp-json\/wp\/v2\/posts"}],"about":[{"href":"https:\/\/smago.de\/ws2\/wp-json\/wp\/v2\/types\/post"}],"author":[{"embeddable":true,"href":"https:\/\/smago.de\/ws2\/wp-json\/wp\/v2\/users\/2"}],"replies":[{"embeddable":true,"href":"https:\/\/smago.de\/ws2\/wp-json\/wp\/v2\/comments?post=142653"}],"version-history":[{"count":4,"href":"https:\/\/smago.de\/ws2\/wp-json\/wp\/v2\/posts\/142653\/revisions"}],"predecessor-version":[{"id":142658,"href":"https:\/\/smago.de\/ws2\/wp-json\/wp\/v2\/posts\/142653\/revisions\/142658"}],"wp:featuredmedia":[{"embeddable":true,"href":"https:\/\/smago.de\/ws2\/wp-json\/wp\/v2\/media\/142655"}],"wp:attachment":[{"href":"https:\/\/smago.de\/ws2\/wp-json\/wp\/v2\/media?parent=142653"}],"wp:term":[{"taxonomy":"category","embeddable":true,"href":"https:\/\/smago.de\/ws2\/wp-json\/wp\/v2\/categories?post=142653"},{"taxonomy":"post_tag","embeddable":true,"href":"https:\/\/smago.de\/ws2\/wp-json\/wp\/v2\/tags?post=142653"}],"curies":[{"name":"wp","href":"https:\/\/api.w.org\/{rel}","templated":true}]}}