{"id":142621,"date":"2020-02-28T00:00:23","date_gmt":"2020-02-27T23:00:23","guid":{"rendered":"https:\/\/online.smago.de\/ws2\/?p=142621"},"modified":"2020-02-27T17:36:47","modified_gmt":"2020-02-27T16:36:47","slug":"inga-humpe-u-a-heute-28-02-2020-in-der-talk-show-koelner-treff-zu-gast","status":"publish","type":"post","link":"https:\/\/smago.de\/ws2\/deutsch-rock\/inga-humpe-u-a-heute-28-02-2020-in-der-talk-show-koelner-treff-zu-gast\/","title":{"rendered":"INGA HUMPE u.a. <br>Heute (28.02.2020) in der Talk-Show &#8222;K\u00f6lner Treff&#8220; zu Gast!"},"content":{"rendered":"<p>WDR Fernsehen, 22:00 Uhr &#8211; 23:30 Uhr (1. Wh. in der Nacht auf 29.02., 01:30 Uhr &#8211; 03:00 Uhr; Wh.: 01.03., 10:50 Uhr &#8211; 12:20 Uhr)! Moderation: Bettina B\u00f6ttinger!<br \/>\n<!--more--><\/p>\n<p>&nbsp;<\/p>\n<p>&nbsp;<\/p>\n<p style=\"text-align: justify;\">\n<p style=\"text-align: justify;\"><strong>Bettina B\u00f6ttinger begr\u00fc\u00dft diese Woche folgende G\u00e4ste:<\/strong><\/p>\n<p>&nbsp;<\/p>\n<p style=\"text-align: justify;\">\n<p><strong>Bj\u00f6rn Freitag<\/strong><\/p>\n<p style=\"text-align: justify;\">\nBei uns im Westen bekannt wie ein &#8222;bunter Hund&#8220; hat der Spitzenkoch aus Dorsten allen Grund zu feiern. Seit zehn Jahren schon kommt Bj\u00f6rn Freitag regelm\u00e4\u00dfig als Vorkoster \u00fcber die Mattscheibe in unsere Wohnzimmer. Authentisch, charmant aber auch unbestechlich hat er schon oft den Finger in die ein oder andere Wunde der Lebensmittelindustrie gelegt und uns dabei mit vielen Tipps und Informationen versorgt. Anfang M\u00e4rz gibt es eine ganze besondere &#8222;Vorkoster&#8220;-Sendung &#8211; worum es darin gehen wird und an welche Erlebnisse er sich selbst gerne und auch manchmal nicht so gerne erinnert, wird Bj\u00f6rn Freitag im K\u00f6lner Treff erz\u00e4hlen.<\/p>\n<p>&nbsp;<\/p>\n<p>&nbsp;<\/p>\n<p style=\"text-align: justify;\">\n<p><strong>Katja Riemann<\/strong><\/p>\n<p style=\"text-align: justify;\">\nSie ist eine unserer erfolgreichsten Schauspielerinnen. F\u00fcr ihre Leistungen in diesem Fach wurde die Wahlberlinerin mehrfach ausgezeichnet. Dass sie schon 2010 das Bundesverdienstkreuz am Bande f\u00fcr eine ganz andere Aufgabe erhielt, wissen nur wenige. Denn Katja Riemann setzt sich unerm\u00fcdlich f\u00fcr Menschenrechtsaktivisten und deren Arbeit ein. So unternahm sie in den letzten 20 Jahren diverse Projektreisen an die unterschiedlichsten Orte der Welt, von denen sie im K\u00f6lner Treff eindr\u00fccklich erz\u00e4hlt.<\/p>\n<p>&nbsp;<\/p>\n<p>&nbsp;<\/p>\n<p style=\"text-align: justify;\">\n<p><strong>Simone Kermes<\/strong><\/p>\n<p style=\"text-align: justify;\">\nSimone Kermes geh\u00f6rt zu den bekanntesten Stimmbandakrobatinnen unseres Landes. Dabei hat sich die extravagante S\u00e4ngerin nach und nach von fast allen k\u00fcnstlerischen Kompromissen getrennt, die ihr zuvor den eigentlichen Traumberuf madig machten! Sie gr\u00fcndete ein eigenes Ensemble, l\u00e4sst sich von keiner Plattenfirma mehr reinreden, und interpretiert Musikst\u00fccke von H\u00e4ndel, Lady Gaga und Roland Kaiser gleicherma\u00dfen. Im K\u00f6lner Treff spricht Simone Kermes \u00fcber Tugenden und Tods\u00fcnden, \u00fcber Wollust und V\u00f6llerei &#8211; und \u00fcber einen ungew\u00f6hnlichen Bezug zu Udo J\u00fcrgens.<\/p>\n<p>&nbsp;<\/p>\n<p>&nbsp;<\/p>\n<p style=\"text-align: justify;\">\n<p><strong>Jacques Tilly<\/strong><\/p>\n<p style=\"text-align: justify;\">\nJacques Tilly konzipiert und gestaltet seit mittlerweile \u00fcber dreieinhalb Jahrzehnten die politischen Mottowagen des D\u00fcsseldorfer Karnevals. Und nicht nur Karnevalisten sind sich l\u00e4ngst einig, dass der heute 56j\u00e4hrige mit seinen farbenfrohen Ohrfeigen, die er nach eigenen Aussagen vor allem f\u00fcr &#8222;Despoten, Diktatoren und Demagogen&#8220; bereith\u00e4lt, f\u00fcr den wohl bissigsten und besten Rosenmontagszug der Nation verantwortlich zeichnet. Er gilt als kreativer Verfechter von Meinungsfreiheit und hat auch im diesj\u00e4hrigen Rosenmontagszug mit viel Humor und Ideenreichtum provoziert.<\/p>\n<p>&nbsp;<\/p>\n<p>&nbsp;<\/p>\n<p style=\"text-align: justify;\">\n<p><strong>Inga Humpe<\/strong><\/p>\n<p style=\"text-align: justify;\">\nDie geb\u00fcrtige Hagenerin ging in den Achtzigern nach Berlin und gr\u00fcndete die Punkband &#8222;Neonbabies&#8220;, d\u00fcste dann als &#8222;Codo&#8220; im Sauseschritt durch das Universum. Mit Schwester Annette pr\u00e4gte sie die Neue Deutsche Welle und geh\u00f6rt zu ihren bekanntesten Vertreterinnen. Sp\u00e4ter gr\u00fcndete sie mit ihrem Partner Tommi Eckart die &#8222;2raumwohnung&#8220; und wurde zur K\u00f6nigin des deutschen Elektropops. Zum 20j\u00e4hrigen Jubil\u00e4um geht das Erfolgs-Duo nun auf gro\u00dfe Deutschland-Tour.<\/p>\n<p>&nbsp;<\/p>\n<p>&nbsp;<\/p>\n<p style=\"text-align: justify;\">\n<p><strong>Michael Reh<\/strong><\/p>\n<p style=\"text-align: justify;\">\nHauptwohnsitz Miami, Webekampagnen f\u00fcr Designerlabels, Shootings f\u00fcr die gro\u00dfen Modemagazine, Fernsehdrehs mit Heidi Klum. Der renommierte Fotograf Michael Reh hat es von Dortmund aus in die internationale Modewelt geschafft. Nun geht er mit einem absoluten Tabuthema an die \u00d6ffentlichkeit: Dem Missbrauch von Kindern durch Frauen. Er selbst wurde als Junge jahrelang von seiner Tante missbraucht. Das Schweigen zu durchbrechen, anderen Betroffenen Mut zu machen, auch ihre Geschichte zu erz\u00e4hlen, das ist sein gro\u00dfes Anliegen.<\/p>\n","protected":false},"excerpt":{"rendered":"<p>WDR Fernsehen, 22:00 Uhr &#8211; 23:30 Uhr (1. Wh. in der Nacht auf 29.02., 01:30 Uhr &#8211; 03:00 Uhr; Wh.:<\/p>\n","protected":false},"author":2,"featured_media":138144,"comment_status":"open","ping_status":"closed","sticky":false,"template":"","format":"standard","meta":{"_FSMCFIC_featured_image_caption":"","_FSMCFIC_featured_image_nocaption":"","_FSMCFIC_featured_image_hide":""},"categories":[5,22,27],"tags":[129],"acf":[],"_links":{"self":[{"href":"https:\/\/smago.de\/ws2\/wp-json\/wp\/v2\/posts\/142621"}],"collection":[{"href":"https:\/\/smago.de\/ws2\/wp-json\/wp\/v2\/posts"}],"about":[{"href":"https:\/\/smago.de\/ws2\/wp-json\/wp\/v2\/types\/post"}],"author":[{"embeddable":true,"href":"https:\/\/smago.de\/ws2\/wp-json\/wp\/v2\/users\/2"}],"replies":[{"embeddable":true,"href":"https:\/\/smago.de\/ws2\/wp-json\/wp\/v2\/comments?post=142621"}],"version-history":[{"count":1,"href":"https:\/\/smago.de\/ws2\/wp-json\/wp\/v2\/posts\/142621\/revisions"}],"predecessor-version":[{"id":142622,"href":"https:\/\/smago.de\/ws2\/wp-json\/wp\/v2\/posts\/142621\/revisions\/142622"}],"wp:featuredmedia":[{"embeddable":true,"href":"https:\/\/smago.de\/ws2\/wp-json\/wp\/v2\/media\/138144"}],"wp:attachment":[{"href":"https:\/\/smago.de\/ws2\/wp-json\/wp\/v2\/media?parent=142621"}],"wp:term":[{"taxonomy":"category","embeddable":true,"href":"https:\/\/smago.de\/ws2\/wp-json\/wp\/v2\/categories?post=142621"},{"taxonomy":"post_tag","embeddable":true,"href":"https:\/\/smago.de\/ws2\/wp-json\/wp\/v2\/tags?post=142621"}],"curies":[{"name":"wp","href":"https:\/\/api.w.org\/{rel}","templated":true}]}}