{"id":142600,"date":"2020-02-27T15:53:49","date_gmt":"2020-02-27T14:53:49","guid":{"rendered":"https:\/\/online.smago.de\/ws2\/?p=142600"},"modified":"2020-02-27T16:39:33","modified_gmt":"2020-02-27T15:39:33","slug":"eurovision-song-contest-2020-ben-dolic-vertritt-deutschland-in-rotterdam","status":"publish","type":"post","link":"https:\/\/smago.de\/ws2\/pop\/eurovision-song-contest-2020-ben-dolic-vertritt-deutschland-in-rotterdam\/","title":{"rendered":"&#8222;EUROVISION SONG CONTEST 2020&#8220; <br>Ben Dolic vertritt Deutschland in Rotterdam!"},"content":{"rendered":"<p>Sein Song \u201eViolent Thing\u201c wurde von dem \u00f6sterreichisch-bulgarischen Produzenten und Songwriter Boris Milanov und seinem Team geschrieben!<br \/>\n<!--more--><\/p>\n<p>&nbsp;<\/p>\n<p>&nbsp;<\/p>\n<p style=\"text-align: justify;\">Der 22-j\u00e4hrige Ben Dolic f\u00e4hrt f\u00fcr Deutschland zum Eurovision Song Contest nach Rotterdam. Mit dem Song \u201eViolent Thing\u201c \u00fcberzeugte der S\u00e4nger in einem mehrstufigen Auswahlverfahren zwei unabh\u00e4ngige Jurys: eine \u201eEurovisions-Jury\u201c mit 100 ESC-Kennerinnen und \u2013 Kennern aus ganz Deutschland, die den internationalen Zuschauergeschmack abbilden, und eine internationale Expertenjury aus 20 Musikprofis.<\/p>\n<p style=\"text-align: justify;\">Ben Dolic: \u201eAls ich die Nachricht bekommen habe, dass ich mich bei den Jurys durchgesetzt habe, war ich v\u00f6llig \u00fcberw\u00e4ltigt. F\u00fcr mich wird mit der Teilnahme am Eurovision Song Contest f\u00fcr Deutschland ein Traum wahr. Hier hatte ich meinen Durchbruch als professioneller S\u00e4nger. Ich finde, wir haben f\u00fcr den ESC einen perfekten Song und ich werde alles f\u00fcr Deutschland geben.\u201c<\/p>\n<p style=\"text-align: justify;\">Ben Dolic wurde am 4. Mai 1997 in der slowenischen Hauptstadt Ljubljana geboren. Seine musikalische Karriere begann fr\u00fch. Bereits mit zw\u00f6lf Jahren stand er bei der slowenischen Version von \u201eDas Supertalent\u201c auf der B\u00fchne und schaffte es bis ins Halbfinale. Als Mitglied der Gruppe \u201eD Base\u201c nahm er 2016 am slowenischen ESC-Vorentscheid teil. Mit 18 zog Ben Dolic mit seiner Familie in die Schweiz, wo er Deutsch lernte und seine Karriere weiter vorantrieb. Seinen ersten gro\u00dfen musikalischen Erfolg hatte er dann 2018 in Deutschland: Bei \u201eThe Voice of Germany\u201c erreichte der S\u00e4nger das Finale und den 2. Platz. F\u00fcr den Wahl-Berliner folgten Tourneen in Deutschland und \u00d6sterreich.<\/p>\n<p>&nbsp;<\/p>\n<p style=\"text-align: justify;\"><strong>Thomas Schreiber, ARD Koordinator Unterhaltung:<\/strong> \u201eBen Dolic ist ein Ausnahmetalent. Mit seiner glasklaren und gef\u00fchlvollen Stimme hat er v\u00f6llig zurecht die beiden unabh\u00e4ngigen ESC-Jurys in Deutschland \u00fcberzeugt. Ben arbeitet seit Jahren hart an sich und hat einen hohen k\u00fcnstlerischen Anspruch. Das hat uns sofort begeistert. Wir freuen uns sehr, dass er nun f\u00fcr Deutschland antritt, und ich bin mir sicher, dass er schnell die deutschen und auch die europ\u00e4ischen Fans f\u00fcr sich gewinnen wird.\u201c<\/p>\n<p>&nbsp;<\/p>\n<p style=\"text-align: justify;\">Der Song \u201eViolent Thing\u201c, mit dem Ben Dolic in Rotterdam antritt, wurde vom \u00f6sterreichisch-bulgarischen Produzenten und Songwriter Boris Milanov und seinem Team geschrieben. Milanov wurde 1983 in Sofia geboren. Er ist Gr\u00fcnder des internationalen Musiklabels Symphonix, mit dem er haupts\u00e4chlich junge und aufstrebende Talente f\u00f6rdert. Seine Kompositionen schafften es beim Eurovision Song Contest in den vergangenen vier Jahren immer unter die Top 7 und gleich drei Mal unter die Top 4: Kristian Kostov wurde 2017 mit \u201eBeautiful Mess\u201c f\u00fcr Bulgarien Zweiter, Ces\u00e1r Sampson 2018 mit \u201eNobody But You\u201c f\u00fcr \u00d6sterreich Dritter und Poli Genova 2016 mit \u201eIf Love Was a Crime\u201c f\u00fcr Bulgarien Vierte. Die Songs und Alben der K\u00fcnstlerinnen und K\u00fcnstler wurden von Symphonix produziert.<\/p>\n<p style=\"text-align: justify;\">Boris Milanov: \u201eBen Dolic\u2018s einzigartige und wiedererkennbare Stimme hat mich gleich an seine musikalischen Vorbilder erinnert. Er muss den Vergleich mit Pop-Giganten wie Justin Timberlake oder Michael Jackson nicht scheuen. Wir hatten im Studio einen riesigen Spa\u00df. Er singt mit einer solchen Sicherheit und zugleich Leichtigkeit, das ist \u00fcberragend.\u201c<\/p>\n<p style=\"text-align: justify;\">Den B\u00fchnenauftritt von Ben Dolic f\u00fcr das ESC-Finale in Rotterdam inszeniert derzeit der US-amerikanische Choreograf <a name=\"_Hlk33609184\"><\/a>Marty Kudelka, der f\u00fcr seine Tanzshows f\u00fcr Justin Timberlake bereits zwei Mal den MTV Video Music Award erhielt. Zudem entwickelte Kudelka die Choreografie des S\u00e4ngers f\u00fcr drei Welttourneen und die Halbzeitshow des Super Bowls in 2018.<\/p>\n<p style=\"text-align: justify;\">Das Finale des Eurovision Song Contests findet am Sonnabend, 16. Mai, in Rotterdam statt. Zum ersten Mal kommentieren Peter Urban und Michael Schulte das ESC-Finale und die ESC-Halbfinale gemeinsam. Das Erste, ONE und <a href=\"http:\/\/eurovision.de\/\">eurovision.de<\/a> \u00fcbertragen das Finale live ab 21.00 Uhr. Die Halbfinale werden am 12. und 14. Mai live jeweils ab 21.00 Uhr auf ONE und <a href=\"http:\/\/eurovision.de\/\">eurovision.de<\/a> gesendet.<\/p>\n<p>&nbsp;<\/p>\n<p style=\"text-align: justify;\"><em>Mehr zum ESC sowie eine \u00dcbersicht \u00fcber das Auswahlverfahren, gibt\u2019s unter <a href=\"http:\/\/www.eurovision.de\/\">www.eurovision.de<\/a>.<\/em><\/p>\n<p>&nbsp;<\/p>\n<p>&nbsp;<\/p>\n<p><iframe loading=\"lazy\" src=\"\/\/www.youtube.com\/embed\/4swmQ7YITug?feature=youtu\" width=\"560\" height=\"314\" allowfullscreen=\"allowfullscreen\"><\/iframe><\/p>\n<p>&nbsp;<\/p>\n<p>&nbsp;<\/p>\n<p><img decoding=\"async\" loading=\"lazy\" class=\"alignnone size-full wp-image-142607\" src=\"https:\/\/online.smago.de\/ws2\/wp-content\/uploads\/2020\/02\/dolic_ben-1.jpg\" alt=\"\" width=\"500\" height=\"500\" srcset=\"https:\/\/smago.de\/ws2\/wp-content\/uploads\/2020\/02\/dolic_ben-1.jpg 500w, https:\/\/smago.de\/ws2\/wp-content\/uploads\/2020\/02\/dolic_ben-1-150x150.jpg 150w, https:\/\/smago.de\/ws2\/wp-content\/uploads\/2020\/02\/dolic_ben-1-272x272.jpg 272w, https:\/\/smago.de\/ws2\/wp-content\/uploads\/2020\/02\/dolic_ben-1-130x130.jpg 130w, https:\/\/smago.de\/ws2\/wp-content\/uploads\/2020\/02\/dolic_ben-1-445x445.jpg 445w, https:\/\/smago.de\/ws2\/wp-content\/uploads\/2020\/02\/dolic_ben-1-190x190.jpg 190w, https:\/\/smago.de\/ws2\/wp-content\/uploads\/2020\/02\/dolic_ben-1-290x290.jpg 290w\" sizes=\"(max-width: 500px) 100vw, 500px\" \/><\/p>\n","protected":false},"excerpt":{"rendered":"<p>Sein Song \u201eViolent Thing\u201c wurde von dem \u00f6sterreichisch-bulgarischen Produzenten und Songwriter Boris Milanov und seinem Team geschrieben!<\/p>\n","protected":false},"author":2,"featured_media":142604,"comment_status":"open","ping_status":"closed","sticky":false,"template":"","format":"standard","meta":{"_FSMCFIC_featured_image_caption":"","_FSMCFIC_featured_image_nocaption":"","_FSMCFIC_featured_image_hide":""},"categories":[27,39,128],"tags":[85],"acf":[],"_links":{"self":[{"href":"https:\/\/smago.de\/ws2\/wp-json\/wp\/v2\/posts\/142600"}],"collection":[{"href":"https:\/\/smago.de\/ws2\/wp-json\/wp\/v2\/posts"}],"about":[{"href":"https:\/\/smago.de\/ws2\/wp-json\/wp\/v2\/types\/post"}],"author":[{"embeddable":true,"href":"https:\/\/smago.de\/ws2\/wp-json\/wp\/v2\/users\/2"}],"replies":[{"embeddable":true,"href":"https:\/\/smago.de\/ws2\/wp-json\/wp\/v2\/comments?post=142600"}],"version-history":[{"count":5,"href":"https:\/\/smago.de\/ws2\/wp-json\/wp\/v2\/posts\/142600\/revisions"}],"predecessor-version":[{"id":142613,"href":"https:\/\/smago.de\/ws2\/wp-json\/wp\/v2\/posts\/142600\/revisions\/142613"}],"wp:featuredmedia":[{"embeddable":true,"href":"https:\/\/smago.de\/ws2\/wp-json\/wp\/v2\/media\/142604"}],"wp:attachment":[{"href":"https:\/\/smago.de\/ws2\/wp-json\/wp\/v2\/media?parent=142600"}],"wp:term":[{"taxonomy":"category","embeddable":true,"href":"https:\/\/smago.de\/ws2\/wp-json\/wp\/v2\/categories?post=142600"},{"taxonomy":"post_tag","embeddable":true,"href":"https:\/\/smago.de\/ws2\/wp-json\/wp\/v2\/tags?post=142600"}],"curies":[{"name":"wp","href":"https:\/\/api.w.org\/{rel}","templated":true}]}}