{"id":142518,"date":"2020-02-25T00:00:32","date_gmt":"2020-02-24T23:00:32","guid":{"rendered":"https:\/\/online.smago.de\/ws2\/?p=142518"},"modified":"2020-02-24T15:30:46","modified_gmt":"2020-02-24T14:30:46","slug":"menderes-bagci-praesentiert-deutschland-sucht-den-superstar-das-grosse-wiedersehen-2-2-heute-25-02-2020-rtl","status":"publish","type":"post","link":"https:\/\/smago.de\/ws2\/pop\/menderes-bagci-praesentiert-deutschland-sucht-den-superstar-das-grosse-wiedersehen-2-2-heute-25-02-2020-rtl\/","title":{"rendered":"MENDERES BAGCI pr\u00e4sentiert &#8230;: <br>&#8222;Deutschland sucht den Superstar &#8211; Das gro\u00dfe Wiedersehen&#8220; (2\/2) &#8211; heute (25.02.2020), RTL!"},"content":{"rendered":"<p>22:30 Uhr &#8211; 00:00 Uhr! Mit dabei u. a. &#8230;:<br \/>\n<!--more--><\/p>\n<p>&nbsp;<\/p>\n<p>&nbsp;<\/p>\n<p style=\"text-align: justify;\"><span class=\"kurztext\">Auch heute treffen die beliebtesten Kandidaten aus 17 Jahren &#8222;DSDS&#8220; noch einmal aufeinander. In einem K\u00f6lner Loft treffen sich ehemalige Kandidaten aus verschiedenen Staffeln. Sie verbringen einen unterhaltsamen Abend zusammen, schwelgen in Erinnerungen an ihre Zeit bei DSDS, sprechen \u00fcber ihre heutigen Jobs und wie DSDS ihr Leben ver\u00e4ndert hat. Mit dabei u. a.: Kim Gloss, Ines Redjeb, Annemarie Eilfeld, Holger G\u00f6pfert und Norman Langen.<\/span><span class=\"langtext\">Mike Leon Grosch wurde 2006 Zweiter der 3. Staffel von DSDS hinter Tobias Regner. W\u00e4hrend der Staffel hatte er eine Liebesbeziehung mit Vanessa Jean Dedmon, die im Halbfinale ausschied. Nach zwei Herzinfarkten ist Mike heute als Hochzeits- und Partys\u00e4nger unterwegs. Er erz\u00e4hlt den anderen von damals und m\u00f6chte eine Sache klarstellen: &#8222;Ich wurde oft gefragt, ob die Liebe zwischen mir und Vanessa ein PR Gag war, weil sie danach so schnell vorbei war. Das war sie nicht. Es war ernst.&#8220;<\/span><\/p>\n<p>Kim Gloss und Ines Redjeb nahmen 2009 teil und waren Busenfreundinnen. Sie erz\u00e4hlen von ihrem gemeinsamen Horrorunfall, bei dem Ines Redjeb lebensgef\u00e4hrlich verletzt wurde. Ines verklagte Kim daraufhin. Wie alles abgelaufen ist und was das f\u00fcr ihre Freundschaft bedeutet hat, erz\u00e4hlen sie bei &#8222;DSDS &#8211; Das gro\u00dfe Wiedersehen&#8220;.<\/p>\n<p>Sebastian Wurth belegte 2011 in der 8. Staffel den 5. Platz und ist Teil der Schlager-Boygroup &#8222;Feuerherz&#8220;. Anna-Carina Woitschak wurde in derselben Staffel Achte und ist die Verlobte von Stefan Mross. Den Kandidaten erz\u00e4hlt sie von seinem Heiratsantrag, den er ihr live auf der B\u00fchne einer ARD Show machte. &#8222;Es war so sch\u00f6n, dass er das vor einem Millionenpublikum macht &#8211; einen gr\u00f6\u00dferen Liebesbeweis kann ich mir gar nicht vorstellen!&#8220; Norman Langen erreichte in der 8. Staffel den 7. Platz und ist nach wie vor als Schlagers\u00e4nger erfolgreich. Gemeinsam singt die Schlagertruppe der 8. Staffel &#8222;Ein Bett im Kornfeld&#8220;.<\/p>\n<p>Ebenfalls mit dabei: Marie Wegener, die 2018 die 15. Staffel DSDS gewann, Daniele Negroni, Zweiter in der 9. Staffel 2012, Tanja Tischewitsch, die 2015 in der 11. Staffel teilnahm und den Auslandsrecall erreichte und Lisa Bund, Dritte in der 4. Staffel 2007. Judith Burmeister war 16 Jahre als sie 2004 in der 2. Staffel den 8. Platz erreichte. Sie wurde von Dieter Bohlen &#8222;Kullerkeks&#8220; getauft. Vor kurzem wurde sie zum dritten Mal Mutter.<\/p>\n<p>Kultkandidat Alfi Hartcore klingelt an der T\u00fcr und bringt nicht nur Pizza mit, sondern sorgt auch mit einer Gesangseinlage f\u00fcr Stimmung.<\/p>\n<p>Annemarie Eilfeld wurde Dritte in der 6. Staffel 2009. Zwischen ihr und Holger G\u00f6pfert kam es damals zum offenen Eklat auf der B\u00fchne. Heute erz\u00e4hlt Annemarie, was damals wirklich abgelaufen ist. Pl\u00f6tzlich klingelt es und Holger G\u00f6pfert steht vor der T\u00fcr.<\/p>\n<p>&nbsp;<\/p>\n<p>&nbsp;<\/p>\n<figure id=\"attachment_142521\" aria-describedby=\"caption-attachment-142521\" style=\"width: 800px\" class=\"wp-caption alignnone\"><img decoding=\"async\" loading=\"lazy\" class=\"size-colormag-featured-post-medium wp-image-142521\" src=\"https:\/\/online.smago.de\/ws2\/wp-content\/uploads\/2020\/02\/1682782-800x450.jpg\" alt=\"\" width=\"800\" height=\"450\" srcset=\"https:\/\/smago.de\/ws2\/wp-content\/uploads\/2020\/02\/1682782-800x450.jpg 800w, https:\/\/smago.de\/ws2\/wp-content\/uploads\/2020\/02\/1682782-522x294.jpg 522w, https:\/\/smago.de\/ws2\/wp-content\/uploads\/2020\/02\/1682782-267x150.jpg 267w, https:\/\/smago.de\/ws2\/wp-content\/uploads\/2020\/02\/1682782-768x432.jpg 768w, https:\/\/smago.de\/ws2\/wp-content\/uploads\/2020\/02\/1682782-1536x864.jpg 1536w, https:\/\/smago.de\/ws2\/wp-content\/uploads\/2020\/02\/1682782-2048x1152.jpg 2048w, https:\/\/smago.de\/ws2\/wp-content\/uploads\/2020\/02\/1682782-392x221.jpg 392w, https:\/\/smago.de\/ws2\/wp-content\/uploads\/2020\/02\/1682782-130x73.jpg 130w, https:\/\/smago.de\/ws2\/wp-content\/uploads\/2020\/02\/1682782-791x445.jpg 791w, https:\/\/smago.de\/ws2\/wp-content\/uploads\/2020\/02\/1682782-870x489.jpg 870w, https:\/\/smago.de\/ws2\/wp-content\/uploads\/2020\/02\/1682782-292x164.jpg 292w, https:\/\/smago.de\/ws2\/wp-content\/uploads\/2020\/02\/1682782-435x245.jpg 435w, https:\/\/smago.de\/ws2\/wp-content\/uploads\/2020\/02\/1682782-895x503.jpg 895w\" sizes=\"(max-width: 800px) 100vw, 800px\" \/><figcaption id=\"caption-attachment-142521\" class=\"wp-caption-text\"><em>Menderes Bagci l\u00e4dt die beliebtesten DSDS Kandidaten aus 17 Jahren auf einen unterhaltsamen Abend ein.<\/em><br \/><em>Foto-Credit: TVNOW \/ Stefan Gregorowius<\/em><\/figcaption><\/figure>\n<p>&nbsp;<\/p>\n<p>&nbsp;<\/p>\n<figure id=\"attachment_142519\" aria-describedby=\"caption-attachment-142519\" style=\"width: 800px\" class=\"wp-caption alignnone\"><img decoding=\"async\" loading=\"lazy\" class=\"size-colormag-featured-post-medium wp-image-142519\" src=\"https:\/\/online.smago.de\/ws2\/wp-content\/uploads\/2020\/02\/1687581-800x450.jpg\" alt=\"\" width=\"800\" height=\"450\" srcset=\"https:\/\/smago.de\/ws2\/wp-content\/uploads\/2020\/02\/1687581-800x450.jpg 800w, https:\/\/smago.de\/ws2\/wp-content\/uploads\/2020\/02\/1687581-522x294.jpg 522w, https:\/\/smago.de\/ws2\/wp-content\/uploads\/2020\/02\/1687581-267x150.jpg 267w, https:\/\/smago.de\/ws2\/wp-content\/uploads\/2020\/02\/1687581-768x432.jpg 768w, https:\/\/smago.de\/ws2\/wp-content\/uploads\/2020\/02\/1687581-1536x864.jpg 1536w, https:\/\/smago.de\/ws2\/wp-content\/uploads\/2020\/02\/1687581-2048x1152.jpg 2048w, https:\/\/smago.de\/ws2\/wp-content\/uploads\/2020\/02\/1687581-392x220.jpg 392w, https:\/\/smago.de\/ws2\/wp-content\/uploads\/2020\/02\/1687581-130x73.jpg 130w, https:\/\/smago.de\/ws2\/wp-content\/uploads\/2020\/02\/1687581-791x445.jpg 791w, https:\/\/smago.de\/ws2\/wp-content\/uploads\/2020\/02\/1687581-870x489.jpg 870w, https:\/\/smago.de\/ws2\/wp-content\/uploads\/2020\/02\/1687581-292x164.jpg 292w, https:\/\/smago.de\/ws2\/wp-content\/uploads\/2020\/02\/1687581-435x245.jpg 435w, https:\/\/smago.de\/ws2\/wp-content\/uploads\/2020\/02\/1687581-895x503.jpg 895w\" sizes=\"(max-width: 800px) 100vw, 800px\" \/><figcaption id=\"caption-attachment-142519\" class=\"wp-caption-text\"><em>V.l.o.: Annemarie Eilfeld, Kim Gloss, Mike Leon Grosch, Anna-Carina Woitschak, Sebastian Wurth, Norman Langen, Daniele Negroni, V.l.u.: Ines Redjeb, Lisa Bund, Tanja Tischewitsch, Marie Wegener, Judith Burmeister und Gastgeber Menderes.<\/em><br \/><em>Foto-Credit: TVNOW \/ Stefan Gregorowius<\/em><\/figcaption><\/figure>\n","protected":false},"excerpt":{"rendered":"<p>22:30 Uhr &#8211; 00:00 Uhr! Mit dabei u. a. &#8230;:<\/p>\n","protected":false},"author":2,"featured_media":142519,"comment_status":"open","ping_status":"closed","sticky":false,"template":"","format":"standard","meta":{"_FSMCFIC_featured_image_caption":"","_FSMCFIC_featured_image_nocaption":"","_FSMCFIC_featured_image_hide":""},"categories":[27,28,29,39,128],"tags":[402],"acf":[],"_links":{"self":[{"href":"https:\/\/smago.de\/ws2\/wp-json\/wp\/v2\/posts\/142518"}],"collection":[{"href":"https:\/\/smago.de\/ws2\/wp-json\/wp\/v2\/posts"}],"about":[{"href":"https:\/\/smago.de\/ws2\/wp-json\/wp\/v2\/types\/post"}],"author":[{"embeddable":true,"href":"https:\/\/smago.de\/ws2\/wp-json\/wp\/v2\/users\/2"}],"replies":[{"embeddable":true,"href":"https:\/\/smago.de\/ws2\/wp-json\/wp\/v2\/comments?post=142518"}],"version-history":[{"count":3,"href":"https:\/\/smago.de\/ws2\/wp-json\/wp\/v2\/posts\/142518\/revisions"}],"predecessor-version":[{"id":142523,"href":"https:\/\/smago.de\/ws2\/wp-json\/wp\/v2\/posts\/142518\/revisions\/142523"}],"wp:featuredmedia":[{"embeddable":true,"href":"https:\/\/smago.de\/ws2\/wp-json\/wp\/v2\/media\/142519"}],"wp:attachment":[{"href":"https:\/\/smago.de\/ws2\/wp-json\/wp\/v2\/media?parent=142518"}],"wp:term":[{"taxonomy":"category","embeddable":true,"href":"https:\/\/smago.de\/ws2\/wp-json\/wp\/v2\/categories?post=142518"},{"taxonomy":"post_tag","embeddable":true,"href":"https:\/\/smago.de\/ws2\/wp-json\/wp\/v2\/tags?post=142518"}],"curies":[{"name":"wp","href":"https:\/\/api.w.org\/{rel}","templated":true}]}}