{"id":142410,"date":"2020-02-21T00:00:23","date_gmt":"2020-02-20T23:00:23","guid":{"rendered":"https:\/\/online.smago.de\/ws2\/?p=142410"},"modified":"2020-02-20T23:47:39","modified_gmt":"2020-02-20T22:47:39","slug":"nora-louisa-endlich-am-15-05-2020-erscheint-ihre-debuet-cd-auss-liebe","status":"publish","type":"post","link":"https:\/\/smago.de\/ws2\/pop-schlager\/nora-louisa-endlich-am-15-05-2020-erscheint-ihre-debuet-cd-auss-liebe\/","title":{"rendered":"NORA LOUISA <br>Endlich !!! Am 15.05.2020 erscheint ihre Deb\u00fct-CD &#8222;Auss Liebe&#8220;!"},"content":{"rendered":"<p>Am gleichen Tag ist sie dann auch gleich in der &#8222;Deutschen Schlagerparade&#8220; (Moderation: Harry Blaha) bei Bayern plus zu Gast!<br \/>\n<!--more--><\/p>\n<p>&nbsp;<\/p>\n<p style=\"text-align: justify;\">Wer h\u00e4tte das je noch f\u00fcr m\u00f6glich gehalten, dass ihre Deb\u00fct-CD nun doch irgendwann einmal erscheint &#8230;<\/p>\n<p>Am 15.05.2020 ist es nun endlich soweit !!!<\/p>\n<p>Das Album von NORA LOUISA hei\u00dft &#8222;Aus Liebe&#8220;.<\/p>\n<p style=\"text-align: justify;\">Nora Louisa wird ihr neues &#8222;Baby&#8220; am 15.05.2020 in der &#8222;Deutschen Schlagerparade&#8220; von Bayern plus vorstellen (Moderation: Harry Blaha).<\/p>\n<p style=\"text-align: center;\">\n<p style=\"text-align: center;\">\n<p style=\"text-align: center;\"><strong>TITELLISTE<\/strong><\/p>\n<p>01. Sternenfahrer &#8212; Radio Version<br \/>\n02. Unsere Zeit<br \/>\n03. Wir lieben das Leben<br \/>\n04. Beste Freundin<br \/>\n05. Erste gro\u00dfe Liebe<br \/>\n06. Nur einmal<br \/>\n07. In Wahrheit l\u00fcgt man nie<br \/>\n08. Nur mit dir<br \/>\n09. Aus Liebe<br \/>\n10. Sternenfahrer &#8212; Remix (De Lancaster)<br \/>\n11. Sternenfahrer &#8212; Remix (Jack Lack)<br \/>\n12. Nur einmal &#8212; Remix (J.K. Du Dramond)<br \/>\n13. Aus Liebe &#8212; Remix (J.K. Du Dramond)<br \/>\n14. Ich will dich<br \/>\n15. Megamix Jan Klein (J.K. Du Dramond)<\/p>\n<p style=\"text-align: justify;\">\n<p>So, wie sich die Situation derzeit darstellt, wird ausgerechnet der Titel &#8222;Ich bin das M\u00e4dchen, das dich liebt&#8220; NICHT auf dem Album enthalten sein. Verstehe das, wer will &#8230;<\/p>\n","protected":false},"excerpt":{"rendered":"<p>Am gleichen Tag ist sie dann auch gleich in der &#8222;Deutschen Schlagerparade&#8220; (Moderation: Harry Blaha) bei Bayern plus zu Gast!<\/p>\n","protected":false},"author":2,"featured_media":54432,"comment_status":"open","ping_status":"closed","sticky":false,"template":"","format":"standard","meta":{"_FSMCFIC_featured_image_caption":"","_FSMCFIC_featured_image_nocaption":"","_FSMCFIC_featured_image_hide":""},"categories":[28],"tags":[75],"acf":[],"_links":{"self":[{"href":"https:\/\/smago.de\/ws2\/wp-json\/wp\/v2\/posts\/142410"}],"collection":[{"href":"https:\/\/smago.de\/ws2\/wp-json\/wp\/v2\/posts"}],"about":[{"href":"https:\/\/smago.de\/ws2\/wp-json\/wp\/v2\/types\/post"}],"author":[{"embeddable":true,"href":"https:\/\/smago.de\/ws2\/wp-json\/wp\/v2\/users\/2"}],"replies":[{"embeddable":true,"href":"https:\/\/smago.de\/ws2\/wp-json\/wp\/v2\/comments?post=142410"}],"version-history":[{"count":1,"href":"https:\/\/smago.de\/ws2\/wp-json\/wp\/v2\/posts\/142410\/revisions"}],"predecessor-version":[{"id":142411,"href":"https:\/\/smago.de\/ws2\/wp-json\/wp\/v2\/posts\/142410\/revisions\/142411"}],"wp:featuredmedia":[{"embeddable":true,"href":"https:\/\/smago.de\/ws2\/wp-json\/wp\/v2\/media\/54432"}],"wp:attachment":[{"href":"https:\/\/smago.de\/ws2\/wp-json\/wp\/v2\/media?parent=142410"}],"wp:term":[{"taxonomy":"category","embeddable":true,"href":"https:\/\/smago.de\/ws2\/wp-json\/wp\/v2\/categories?post=142410"},{"taxonomy":"post_tag","embeddable":true,"href":"https:\/\/smago.de\/ws2\/wp-json\/wp\/v2\/tags?post=142410"}],"curies":[{"name":"wp","href":"https:\/\/api.w.org\/{rel}","templated":true}]}}