{"id":142175,"date":"2020-02-17T15:35:44","date_gmt":"2020-02-17T14:35:44","guid":{"rendered":"https:\/\/online.smago.de\/ws2\/?p=142175"},"modified":"2020-02-17T15:37:28","modified_gmt":"2020-02-17T14:37:28","slug":"wiener-opernball-der-wiener-opernball-2020-im-orf-noch-drei-tage-bis-zum-ball-der-baelle","status":"publish","type":"post","link":"https:\/\/smago.de\/ws2\/schlager\/wiener-opernball-der-wiener-opernball-2020-im-orf-noch-drei-tage-bis-zum-ball-der-baelle\/","title":{"rendered":"&#8222;WIENER OPERNBALL&#8220; <br>Der &#8222;Wiener Opernball 2020&#8220; im ORF: Noch drei Tage bis zum Ball der B\u00e4lle!"},"content":{"rendered":"<p>Die Doku &#8222;Trends im \u00be-Takt&#8220; er\u00f6ffnet am 20. Februar den Ballabend von ORF 2!<br \/>\n<!--more--><\/p>\n<p>&nbsp;<\/p>\n<p style=\"text-align: justify;\">Der Countdown l\u00e4uft \u2013 in drei Tagen er\u00f6ffnet das Jungdamen- und Jungherren-Komitee den 64. \u201eWiener Opernball\u201c. Der ORF ist auch heuer wieder mit einer umfangreichen Berichterstattung am Ball der B\u00e4lle mit dabei. So steht der gesamte Fernsehabend \u2013 pr\u00e4sentiert von Mirjam Weichselbraun, Teresa Vogl und Alfons Haider \u2013 von ORF 2 und 3sat am Donnerstag, dem 20. Februar 2020, ganz im Zeichen des H\u00f6hepunkts der Ballsaison. Am Tag nach dem Ballereignis pr\u00e4sentiert Kristina Inhof um 20.15 Uhr in ORF 1 in \u201eAlles Opernball\u201c einen R\u00fcckblick mit allen Stars, Highlights, Aufregern und Glanzlichtern des vergangenen Ballabends.<\/p>\n<p>&nbsp;<\/p>\n<p>&nbsp;<\/p>\n<p style=\"text-align: justify;\"><strong>\u201eTrends im \u00be-Takt\u201c \u2013 Die Opernball-Doku mit Christoph Wagner-Trenkwitz und Karl Hohenlohe<\/strong><\/p>\n<p style=\"text-align: justify;\">Er\u00f6ffnet wird der Opernballabend nach einem ersten Live-Einstieg von der Wiener Staatsoper mit der Dokumentation \u201eTrends im \u00be-Takt\u201c von Astrid Brunnbauer. Zum ersten Mal steht die Dokumentation zum Opernball 2020 ganz im Zeichen der unterhaltsamen Trendforschung. Karl Hohenlohe und Christoph-Wagner-Trenkwitz f\u00fchren in gewohnt pointierter Weise durch die Sendung. Die beiden haben das Opernball-Archiv durchforstet und berichten \u00fcber die Kleidertrends, die Frisurentrends, die Schmucktrends, die Blumentrends und \u00fcber den neuesten Trend, den Selfie-Trend! Nat\u00fcrlich stehen auch die Gesangs- und die Balletteinlagen der vergangenen Jahre im Mittelpunkt der Trendforschung. Die Doku gibt Einblicke, welcher Trend l\u00e4ngerfristig bestehen wird und welcher gleich wieder vom Opernball verschwunden war. 1987: Stefanie Werger hatte zum ersten Mal ein Kleid an und \u201ef\u00fchlt sich wie eine Prinzessin\u201c \u2013 der Prinzessinnentrend bei den Kleidern ist anhaltend. Bei den Herren gilt der Frack als Trend \u2013 der Schottenrock und Conchitas Lackkleid haben sich nicht durchgesetzt. Beim Trinken gibt\u2019s den Trend zum Opernball-Cocktail. Das Kr\u00f6nchen liegt seit Anfang an im Trend und da hat sich der Trend der Designerkrone durchgesetzt. Au\u00dferdem blicken Karl Hohenlohe und Christoph Wagner-Trenkwitz in die Zukunft und erz\u00e4hlen \u00fcber den Opernball 2080.<\/p>\n<p>&nbsp;<\/p>\n<p>&nbsp;<\/p>\n<p>&nbsp;<\/p>\n<p style=\"text-align: justify;\"><strong>Der \u201eWiener Opernball\u201c \u2013 live am 20. Februar ab 20.15 Uhr in ORF 2 und 3sat<\/strong><\/p>\n<p style=\"text-align: justify;\">21.10 Uhr: \u201eOpernball 2020 \u2013 Ankunft der G\u00e4ste\u201c<\/p>\n<p style=\"text-align: justify;\">Erster H\u00f6hepunkt ist traditionell die Ankunft der G\u00e4ste und ihr Einzug \u00fcber die Feststiege. Mirjam Weichselbraun, Teresa Vogl und Alfons Haider werden auf eine Schnitzeljagd der besonderen Art geschickt, bei der es nicht nur die unterschiedlichen Schaupl\u00e4tze im Haus am Ring, sondern auch die kulinarischen Verlockungen des Ballabends zu entdecken gilt.<\/p>\n<p style=\"text-align: justify;\">21.40 Uhr: \u201eOpernball 2020 \u2013 Die Er\u00f6ffnung\u201c<\/p>\n<p style=\"text-align: justify;\">Mirjam Weichselbraun und Alfons Haider bitten Bundespr\u00e4sident Dr. Alexander Van der Bellen im Teesalon der Wiener Staatsoper zum Gespr\u00e4ch, Teresa Vogl trifft die K\u00fcnstlerinnen und K\u00fcnstler der Wiener Staatsoper bevor mit der \u00d6sterreichischen Bundeshymne und der Europahymne, sowie dem Einzug des Jungdamen- und Jungherren-Komitees die offizielle Er\u00f6ffnung beginnt.<\/p>\n<p style=\"text-align: justify;\">22.55 Uhr: \u201eZiB 2\u201c<\/p>\n<p style=\"text-align: justify;\">23.05 Uhr: \u201eOpernball 2020 \u2013 Das Fest\u201c<\/p>\n<p style=\"text-align: justify;\">Mirjam Weichselbraun, Teresa Vogl und Alfons Haider r\u00fccken Gr\u00f6\u00dfen aus Wirtschaft, Politik, Kultur und Gesellschaft ins Scheinwerferlicht. Zu Ende geht die Live-\u00dcbertragung \u2013 nach der traditionellen Mitternachtsquadrille \u2013 mit einem letzten Stimmungsbericht vom Ball der B\u00e4lle.<\/p>\n<p>&nbsp;<\/p>\n<p>&nbsp;<\/p>\n<p>&nbsp;<\/p>\n<p style=\"text-align: justify;\"><strong>#Opernball: die besten Selfies gesucht!<\/strong><\/p>\n<p>&nbsp;<\/p>\n<p style=\"text-align: justify;\">Unter #Opernball werden in den sozialen Netzwerken die besten und schr\u00e4gsten Selfies rund um den glamour\u00f6sen TV-Abend gesammelt. Die Userinnen und User werden dazu aufgerufen, ein Foto vom eigenen Opernballabend \u2013 ob daheim vor dem Fernseher, bei einer Party oder am Ball der B\u00e4lle selbst \u2013 auf Facebook, Twitter oder Instagram hochzuladen. Ein Best-of der Bilder gibt es w\u00e4hrend der Opernball-Live-\u00dcbertragung zu sehen.<\/p>\n<p>&nbsp;<\/p>\n<p>&nbsp;<\/p>\n<p>&nbsp;<\/p>\n<p style=\"text-align: justify;\"><strong>\u201eAlles Opernball\u201c am 21. Februar in ORF 1<\/strong><\/p>\n<p>&nbsp;<\/p>\n<p style=\"text-align: justify;\">\u201eAlles Opernball\u201c hei\u00dft es auch heuer wieder am Tag nach dem gesellschaftlichen Gro\u00dfereignis. Die ORF-Gesellschaftsredaktion berichtet in einer Sondersendung von den extravagantesten Auftritten, den sch\u00f6nsten, aufwendigsten und ungew\u00f6hnlichsten Outfits und dem Ballgefl\u00fcster der rauschenden Nacht. Kristina Inhof f\u00fchrt zum bereits dritten Mal durch die Sendung und das Opernhaus. Sie zeigt, wie die Ballg\u00e4ste in ihren Logen, den Bars und den Festr\u00e4umen gefeiert haben, welche Prominente diesmal das Tanzbein geschwungen haben und was sich sonst noch alles in den S\u00e4len, G\u00e4ngen und versteckten Pl\u00e4tzen der Staatsoper ereignet hat.<\/p>\n<p>&nbsp;<\/p>\n<p>&nbsp;<\/p>\n<p>&nbsp;<\/p>\n<p style=\"text-align: justify;\"><strong>Der Wiener Opernball \u2013 ein multimediales Gro\u00dfereignis im ORF<\/strong><\/p>\n<p style=\"text-align: justify;\">\u201eSeitenblicke\u201c und \u201eStudio 2\u201c im Zeichen des Opernballs<\/p>\n<p style=\"text-align: justify;\">Das ORF-Gesellschaftsmagazin \u201eSeitenblicke\u201c berichtet in ORF 2 in mehreren Ausgaben von den zahlreichen Vorbereitungen auf den Opernball. Am 21. Februar, dem Tag nach dem Ball, ist die gesamte Sendung um 20.05 Uhr in ORF 2 den H\u00f6hepunkten der Ballnacht gewidmet.<\/p>\n<p style=\"text-align: justify;\">Auch das ORF-2-Vorabendmagazin \u201eStudio 2\u201c (Montag bis Freitag um 17.30 Uhr) und \u201eGuten Morgen \u00d6sterreich\u201c (Montag bis Freitag ab 6.30 Uhr) widmen sich ausf\u00fchrlich dem Wiener Opernball: von den allgemeinen Trends der Ballkleider, \u00fcber die Roben der Stars bis hin zu den Kleidern der diesj\u00e4hrigen Deb\u00fctantinnen und den Starg\u00e4sten in der Staatsoper. Am Donnerstag und am Freitag macht das mobile \u201eGuten Morgen \u00d6sterreich\u201c-Studio Station vor der Wiener Staatsoper und am Freitag, dem Tag nach dem Event, steht die gesamte Ausgabe von \u201eStudio 2\u201c ganz im Zeichen des Wiener Opernballs.<\/p>\n<p>&nbsp;<\/p>\n<p>&nbsp;<\/p>\n<p>&nbsp;<\/p>\n<p style=\"text-align: justify;\"><strong>Der Wiener Opernball im ORF.at-Netzwerk, auf \u00d63 und in den Programmen der ORF-Landesstudios<\/strong><\/p>\n<p>&nbsp;<\/p>\n<p style=\"text-align: justify;\">Das ORF.at-Netzwerk berichtet ausf\u00fchrlich \u00fcber den H\u00f6hepunkt der Ballsaison und begleitet den Event u. a. mit einem Live-Ticker. Auf der ORF-TVthek (https:\/\/TVthek.ORF.at) ist die gesamte TV-\u00dcbertragung als Live-Stream und nachtr\u00e4glich als Video-on-Demand abrufbar. Der ORF TELETEXT gestaltet ebenfalls einen redaktionellen Schwerpunkt zur Ballnacht des Jahres. Hitradio \u00d63 informiert vorab \u00fcber den Ball der B\u00e4lle in der Wiener Staatsoper. Die \u00d63-Reporter Tina Ritschl und Martin Krachler melden sich am Donnerstag, dem 20. Februar, live vom Opernball und blicken hinter die Kulissen. Auch am Tag danach berichten sie ausf\u00fchrlich on Air im \u00d63-Wecker und online auf der \u00d63-Homepage \u00fcber die Highlights des Abends.<\/p>\n<p style=\"text-align: justify;\">Radio Wien berichtet am 20. Februar 2020 live aus den Logen, bittet Prominente vor das Mikrofon und begleitet die Ballg\u00e4ste durch die Nacht. Am Tag darauf werden den H\u00f6rerinnen und H\u00f6rern in der Morgensendung \u201eGuten Morgen Wien\u201c die Highlights der Ballnacht pr\u00e4sentiert. Im Zentrum der ORF-Wien-Aktivit\u00e4ten steht als Programmpunkt f\u00fcr alle Ballg\u00e4ste die Radio-Wien-Opernballdisco mit DJ Johannes Willrader. \u201eWien heute\u201c liefert Vorausberichte u. a. \u00fcber das aktuelle Er\u00f6ffnungskomitee und die Starg\u00e4ste. Am Tag des Balls melden sich die \u201eWien heute\u201c-Reporterinnen und -Reporter vom Red Carpet und direkt aus der Oper, am Tag darauf pr\u00e4sentiert die Redaktion nochmals die Highlights der Ballnacht.<\/p>\n<p>&nbsp;<\/p>\n<p>&nbsp;<\/p>\n<p>&nbsp;<\/p>\n<p style=\"text-align: justify;\"><strong>Fortsetzung des ORF-III-Schwerpunkts mit umfangreicher Berichterstattung, Dokus und Talk<\/strong><\/p>\n<p style=\"text-align: justify;\">In ORF III Kultur und Information dreht sich in den n\u00e4chsten Tagen ebenfalls alles um den Ball der B\u00e4lle. Noch bis Freitag, dem 21. Februar, meldet sich \u201eKultur Heute\u201c t\u00e4glich um 19.45 Uhr aus der Wiener Staatsoper, berichtet von den letzten Vorbereitungen und zieht am Tag nach dem Opernball Res\u00fcmee. Am Dienstag, dem 18. Februar, stehen zun\u00e4chst zwei \u201eErbe \u00d6sterreich\u201c-Dokumentationen \u2013 \u201eB\u00e4lle der Herzen \u2013 Liebesgeschichten in Frack und Seide\u201c (20.15 Uhr) sowie \u201eSehen und gesehen werden\u201c (21.05 Uhr) \u2013 auf dem Programm. Um 21.55 Uhr begr\u00fc\u00dft Karl Hohenlohe \u201eOpernball \u2013 Die Gespr\u00e4chsrunde\u201c. Anschlie\u00dfend blickt \u201eErbe \u00d6sterreich\u201c in einer \u201eOpernball-R\u00fcckschau\u201c zur\u00fcck und zeigt \u201eDas Fest von 1973\u201c (22.45 Uhr). Am Mittwoch, dem 19. Februar, hei\u00dft es u. a. um 21.05 Uhr \u201eAlles Oper\u201c. Die \u201eExpeditionen\u201c stimmen am Donnerstag, dem 20. Februar, auf den Opernball ein und portr\u00e4tieren u. a. \u201eUnsere Wiener Staatsoper\u201c (16.45 Uhr).<\/p>\n<p>&nbsp;<\/p>\n<p>&nbsp;<\/p>\n<p>&nbsp;<\/p>\n<figure id=\"attachment_142177\" aria-describedby=\"caption-attachment-142177\" style=\"width: 522px\" class=\"wp-caption alignnone\"><img decoding=\"async\" loading=\"lazy\" class=\"size-medium wp-image-142177\" src=\"https:\/\/online.smago.de\/ws2\/wp-content\/uploads\/2020\/02\/orf_andy-tichler_20200217151556-522x348.jpg\" alt=\"\" width=\"522\" height=\"348\" srcset=\"https:\/\/smago.de\/ws2\/wp-content\/uploads\/2020\/02\/orf_andy-tichler_20200217151556-522x348.jpg 522w, https:\/\/smago.de\/ws2\/wp-content\/uploads\/2020\/02\/orf_andy-tichler_20200217151556-800x533.jpg 800w, https:\/\/smago.de\/ws2\/wp-content\/uploads\/2020\/02\/orf_andy-tichler_20200217151556-225x150.jpg 225w, https:\/\/smago.de\/ws2\/wp-content\/uploads\/2020\/02\/orf_andy-tichler_20200217151556-768x512.jpg 768w, https:\/\/smago.de\/ws2\/wp-content\/uploads\/2020\/02\/orf_andy-tichler_20200217151556-1536x1024.jpg 1536w, https:\/\/smago.de\/ws2\/wp-content\/uploads\/2020\/02\/orf_andy-tichler_20200217151556-2048x1366.jpg 2048w, https:\/\/smago.de\/ws2\/wp-content\/uploads\/2020\/02\/orf_andy-tichler_20200217151556-392x261.jpg 392w, https:\/\/smago.de\/ws2\/wp-content\/uploads\/2020\/02\/orf_andy-tichler_20200217151556-130x87.jpg 130w, https:\/\/smago.de\/ws2\/wp-content\/uploads\/2020\/02\/orf_andy-tichler_20200217151556-667x445.jpg 667w, https:\/\/smago.de\/ws2\/wp-content\/uploads\/2020\/02\/orf_andy-tichler_20200217151556-783x522.jpg 783w, https:\/\/smago.de\/ws2\/wp-content\/uploads\/2020\/02\/orf_andy-tichler_20200217151556-285x190.jpg 285w, https:\/\/smago.de\/ws2\/wp-content\/uploads\/2020\/02\/orf_andy-tichler_20200217151556-435x290.jpg 435w, https:\/\/smago.de\/ws2\/wp-content\/uploads\/2020\/02\/orf_andy-tichler_20200217151556-150x100.jpg 150w, https:\/\/smago.de\/ws2\/wp-content\/uploads\/2020\/02\/orf_andy-tichler_20200217151556-370x247.jpg 370w\" sizes=\"(max-width: 522px) 100vw, 522px\" \/><figcaption id=\"caption-attachment-142177\" class=\"wp-caption-text\"><em>Live aus der Wiener Staatsoper: &#8222;Opernball 2020&#8220;, &#8222;Das Fest.&#8220; Aus dem sch\u00f6nsten Ballsaal der Welt<\/em><br \/><em>Mirjam Weichselbraun und Alfons Haider r\u00fccken Gr\u00f6\u00dfen aus Wirtschaft, Politik und Gesellschaft ins Scheinwerferlicht, und Therese Vogl widmet sich den Spitzen aus Kunst und Kultur.<\/em>\u00a0<em>Kommentiert von Christoph Wagner-Trenkwitz und Kari Hohenlohe.<\/em><br \/><em>Foto-Credit: ORF \/ Roman Zach-Kiesling<\/em><\/figcaption><\/figure>\n<p>&nbsp;<\/p>\n<p>&nbsp;<\/p>\n<div class=\"mceTemp\"><\/div>\n<figure id=\"attachment_142178\" aria-describedby=\"caption-attachment-142178\" style=\"width: 522px\" class=\"wp-caption alignnone\"><img decoding=\"async\" loading=\"lazy\" class=\"size-medium wp-image-142178\" src=\"https:\/\/online.smago.de\/ws2\/wp-content\/uploads\/2020\/02\/orf_andy-tichler_20200217152418-522x509.jpg\" alt=\"\" width=\"522\" height=\"509\" srcset=\"https:\/\/smago.de\/ws2\/wp-content\/uploads\/2020\/02\/orf_andy-tichler_20200217152418-522x509.jpg 522w, https:\/\/smago.de\/ws2\/wp-content\/uploads\/2020\/02\/orf_andy-tichler_20200217152418-800x779.jpg 800w, https:\/\/smago.de\/ws2\/wp-content\/uploads\/2020\/02\/orf_andy-tichler_20200217152418-154x150.jpg 154w, https:\/\/smago.de\/ws2\/wp-content\/uploads\/2020\/02\/orf_andy-tichler_20200217152418-768x748.jpg 768w, https:\/\/smago.de\/ws2\/wp-content\/uploads\/2020\/02\/orf_andy-tichler_20200217152418-1536x1496.jpg 1536w, https:\/\/smago.de\/ws2\/wp-content\/uploads\/2020\/02\/orf_andy-tichler_20200217152418-2048x1995.jpg 2048w, https:\/\/smago.de\/ws2\/wp-content\/uploads\/2020\/02\/orf_andy-tichler_20200217152418-279x272.jpg 279w, https:\/\/smago.de\/ws2\/wp-content\/uploads\/2020\/02\/orf_andy-tichler_20200217152418-616x600.jpg 616w, https:\/\/smago.de\/ws2\/wp-content\/uploads\/2020\/02\/orf_andy-tichler_20200217152418-130x127.jpg 130w, https:\/\/smago.de\/ws2\/wp-content\/uploads\/2020\/02\/orf_andy-tichler_20200217152418-457x445.jpg 457w, https:\/\/smago.de\/ws2\/wp-content\/uploads\/2020\/02\/orf_andy-tichler_20200217152418-536x522.jpg 536w, https:\/\/smago.de\/ws2\/wp-content\/uploads\/2020\/02\/orf_andy-tichler_20200217152418-195x190.jpg 195w, https:\/\/smago.de\/ws2\/wp-content\/uploads\/2020\/02\/orf_andy-tichler_20200217152418-298x290.jpg 298w\" sizes=\"(max-width: 522px) 100vw, 522px\" \/><figcaption id=\"caption-attachment-142178\" class=\"wp-caption-text\"><em>Mirjam Weichselbraun und Alfons Haider r\u00fccken Gr\u00f6\u00dfen aus Wirtschaft, Politik und Gesellschaft ins Scheinwerferlicht, und Theresa Vogl widmet sich den Spitzen aus Kunst und Kultur. Kommentiert von Christoph Wagner-Trenkwitz und Kari Hohenlohe.<\/em><br \/><em>Im Bild: Mirjam Weichselbraun, Alfons Haider, Theresa Vogl.<\/em><br \/><em>Foto-Credit: [M] ORF \/ Thomas Ramstorfer<\/em><\/figcaption><\/figure>\n","protected":false},"excerpt":{"rendered":"<p>Die Doku &#8222;Trends im \u00be-Takt&#8220; er\u00f6ffnet am 20. Februar den Ballabend von ORF 2!<\/p>\n","protected":false},"author":2,"featured_media":142176,"comment_status":"open","ping_status":"closed","sticky":false,"template":"","format":"standard","meta":{"_FSMCFIC_featured_image_caption":"","_FSMCFIC_featured_image_nocaption":"","_FSMCFIC_featured_image_hide":""},"categories":[29,128],"tags":[1383],"acf":[],"_links":{"self":[{"href":"https:\/\/smago.de\/ws2\/wp-json\/wp\/v2\/posts\/142175"}],"collection":[{"href":"https:\/\/smago.de\/ws2\/wp-json\/wp\/v2\/posts"}],"about":[{"href":"https:\/\/smago.de\/ws2\/wp-json\/wp\/v2\/types\/post"}],"author":[{"embeddable":true,"href":"https:\/\/smago.de\/ws2\/wp-json\/wp\/v2\/users\/2"}],"replies":[{"embeddable":true,"href":"https:\/\/smago.de\/ws2\/wp-json\/wp\/v2\/comments?post=142175"}],"version-history":[{"count":2,"href":"https:\/\/smago.de\/ws2\/wp-json\/wp\/v2\/posts\/142175\/revisions"}],"predecessor-version":[{"id":142180,"href":"https:\/\/smago.de\/ws2\/wp-json\/wp\/v2\/posts\/142175\/revisions\/142180"}],"wp:featuredmedia":[{"embeddable":true,"href":"https:\/\/smago.de\/ws2\/wp-json\/wp\/v2\/media\/142176"}],"wp:attachment":[{"href":"https:\/\/smago.de\/ws2\/wp-json\/wp\/v2\/media?parent=142175"}],"wp:term":[{"taxonomy":"category","embeddable":true,"href":"https:\/\/smago.de\/ws2\/wp-json\/wp\/v2\/categories?post=142175"},{"taxonomy":"post_tag","embeddable":true,"href":"https:\/\/smago.de\/ws2\/wp-json\/wp\/v2\/tags?post=142175"}],"curies":[{"name":"wp","href":"https:\/\/api.w.org\/{rel}","templated":true}]}}