{"id":142172,"date":"2020-02-17T15:07:46","date_gmt":"2020-02-17T14:07:46","guid":{"rendered":"https:\/\/online.smago.de\/ws2\/?p=142172"},"modified":"2020-02-17T15:07:46","modified_gmt":"2020-02-17T14:07:46","slug":"smago-informiert-das-zdf-und-die-70-berlinale","status":"publish","type":"post","link":"https:\/\/smago.de\/ws2\/smago-informiert\/smago-informiert-das-zdf-und-die-70-berlinale\/","title":{"rendered":"smago! INFORMIERT <br>Das ZDF und die 70. Berlinale"},"content":{"rendered":"<p>&nbsp;<\/p>\n<p>&nbsp;<\/p>\n<p>&nbsp;<\/p>\n<p style=\"text-align: justify;\">\n<p style=\"text-align: justify;\">Im 70. Berlinale-Jahr ist das ZDF zum 17. Mal Medienpartner der Internationalen Filmfestspiele in Berlin. ZDF-Intendant Thomas Bellut: &#8222;Auch im Jahr der 70. Berliner Filmfestspiele begleitet das ZDF als Medienpartner dieses bedeutende Filmfestival. Die Berlinale ist in Bewegung \u2013 ich freue mich auf die Zusammenarbeit mit den neuen Machern Carlos Chatrian und Mariette Rissenbeek. Dar\u00fcber hinaus sind das ZDF und seine Partnerkan\u00e4le mit zahlreichen Produktionen, davon drei Filmen im Wettbewerb, vertreten. Allen Bewerbern und Bewerberinnen um die begehrten B\u00e4ren viel Gl\u00fcck!&#8220;<\/p>\n<p style=\"text-align: justify;\">Auch in diesem Jahr begleiten das ZDF und seine Partnerkan\u00e4le die Berlinale mit einer umfangreichen Berichterstattung. Ausf\u00fchrlich werden die aktuellen Redaktionen der &#8222;heute&#8220;-Familie ebenso wie &#8222;ZDF-Morgenmagazin&#8220;, &#8222;Volle Kanne&#8220;, &#8222;ZDF-Mittagsmagazin&#8220;, &#8222;drehscheibe&#8220;<i>,<\/i> &#8222;hallo deutschland&#8220;, &#8222;Leute heute&#8220;, &#8222;logo!&#8220; und andere in Beitr\u00e4gen, Live-Schalten und Interviews berichten. Alle Beitr\u00e4ge sowie Interviews und Bilderstrecken sind unter <a href=\"http:\/\/berlinale.zdf.de\/\">berlinale.zdf.de<\/a> zu finden.<\/p>\n<p style=\"text-align: justify;\">Am <b>Donnerstag, 20. Februar 2020<\/b>, dem Er\u00f6ffnungstag der Berlinale, \u00fcbertr\u00e4gt das ZDF <b>um 0.45 Uhr<\/b> die Highlights der festlichen Gala.<\/p>\n<p style=\"text-align: justify;\">Am <b>Freitag, 21. Februar 2020, um 0.15 Uhr <\/b>zeigt die ZDF-Kultursendung <b>&#8222;aspekte&#8220;<\/b> die schon traditionelle Er\u00f6ffnungsreportage mit ersten Highlights und den herausragenden Themen des diesj\u00e4hrigen Filmfests. Als Studiogast begr\u00fc\u00dfen Katty Sali\u00e9 und Jo Sch\u00fcck unter anderen die Schauspielerin Nina Hoss, die 2007 mit einem Silbernen B\u00e4ren ausgezeichnet wurde und nun erneut im Wettbewerb vertreten ist.<\/p>\n<p style=\"text-align: justify;\">In der &#8222;aspekte&#8220;-Sendung am <b>Freitag, 28. Februar 2020, um 23.00 Uhr <\/b>ist die Verleihung des Goldenen Ehrenb\u00e4ren f\u00fcr das Lebenswerk der gro\u00dfen britischen Schauspielerin Helen Mirren ein Thema: &#8222;aspekte&#8220; triff den deutschen Shooting-Star Jonas Dassler und blickt zur\u00fcck auf 70 Jahre Berlinale.<\/p>\n<p>&nbsp;<\/p>\n<p>&nbsp;<\/p>\n<p>&nbsp;<\/p>\n<p>&nbsp;<\/p>\n<p style=\"text-align: justify;\"><b>Berlinale 2020 in 3sat<\/b><\/p>\n<p>&nbsp;<\/p>\n<p style=\"text-align: justify;\">3sat begleitet die Berlinale in seinem Programm, \u00fcbertr\u00e4gt die Er\u00f6ffnungsgala sowie die Verleihung der B\u00e4ren live, berichtet t\u00e4glich im Magazin &#8222;Kulturzeit&#8220; und zieht Bilanz. Live-Streams von der Verleihung der &#8222;European Shooting Stars&#8220; und des Goldenen Ehrenb\u00e4ren sind auf <a href=\"https:\/\/3sat.de\/\" target=\"_blank\" rel=\"noopener noreferrer\">https:\/\/3sat.de <\/a>abrufbar.<\/p>\n<p>&nbsp;<\/p>\n<p>&nbsp;<\/p>\n<p>&nbsp;<\/p>\n<p style=\"text-align: justify;\"><b>&#8222;Berlinale 2020: Die Er\u00f6ffnung&#8220;<\/b><\/p>\n<p>&nbsp;<\/p>\n<p style=\"text-align: justify;\">3sat ist bei der Er\u00f6ffnung der Internationalen Filmfestspiele live dabei und zeigt die \u00dcbertragung am <b>Donnerstag, 20. Februar 2020, ab 19.20 Uhr <\/b>in seinem Programm sowie im Live-Stream unter <a href=\"https:\/\/3sat.de\/\" target=\"_blank\" rel=\"noopener noreferrer\">https:\/\/3sat.de<\/a>. Im Rahmen der Gala im Berlinale Palast am Berliner Potsdamer Platz werden die internationale Jury und die Wettbewerbsfilme vorgestellt. Hier stehen bereits zwei Premieren an: Das neue Leitungsduo der Berlinale, die Niederl\u00e4nderin Mariette Rissenbeek und der Italiener Carlo Chatrian er\u00f6ffnen die Filmfestspiele. Erstmals f\u00fchrt der Schauspieler Samuel Finzi durch den Gala-Abend. Bevor es losgeht, berichtet Rainer Maria Jilg vom roten Teppich, und &#8222;Kulturzeit&#8220;-Moderatorin C\u00e9cile Schortmann nimmt mit Kritikerin Katja Nicodemus die\u00a0 Trends und Themen der Filmszene unter die Lupe.<\/p>\n<p style=\"text-align: justify;\">Das 3sat-Magazin<b> &#8222;Kulturzeit&#8220;<\/b> begleitet werkt\u00e4glich <b>ab 19.20 Uhr<\/b> in seiner Rubrik &#8222;Berlinale Zoom&#8220; w\u00e4hrend des gesamten Festivals mit Themenschwerpunkten, Portr\u00e4ts, Filmkritiken und Reportagen im TV und im Netz. Den Auftakt macht ein Bericht am <b>Montag, 17. Februar 2020<\/b>, \u00fcber die Retrospektive der Berlinale \u2013 eine Werkschau zu &#8222;King Vidor&#8220;, dem legend\u00e4ren Regisseur aus der Glanzzeit Hollywoods. Am <b>Mittwoch, 19. Februar 2020<\/b>, portr\u00e4tiert das Magazin &#8222;Kulturzeit&#8220; die neue Doppelspitze Carlo Chatrian und Mariette Rissenbeek.<\/p>\n<p style=\"text-align: justify;\">Es folgen Berichte, die den Schauplatz Wien und das starke Deutsche Kino im Blick haben, als besondere Varianten des Deutschen Heimatfilms. Im Jahr eins des Italieners Carlo Chatrian an der Spree widmet sich &#8222;Kulturzeit&#8220; seiner Filmauswahl aus Italien: Neben Pinocchio mit Roberto Benigni steht der Schauspieler Elio Germano im Rampenlicht, der in zwei Wettbewerbsfilmen mit von der Partie ist.<\/p>\n<p style=\"text-align: justify;\">Noch nie gab es auf einem der gro\u00dfen Filmfestivals ein Drittel Frauen im Wettbewerb, &#8222;Kulturzeit&#8220; besch\u00e4ftigt sich mit &#8222;Frauenpower und Filmemacherinnen&#8220;. Ein weiterer Schwerpunkt im Programm: die Jugend <b>\u2013<\/b> zwischen Revolte und Engagement. Traditionell betrachtet Kulturzeit einen Tag vor der Preisverleihung die Tops und Flops der Berlinale 2020 und stellt am <b>Montag, 2. M\u00e4rz 2020<\/b>, in der &#8222;B\u00e4ren-Nachlese&#8220; die Gewinner vor. Die 3sat-Moderatorinnen C\u00e9cile Schortmann und Vivian Perkovic melden sich immer wieder mit interessanten G\u00e4sten live von der Berlinale. Am <b>Samstag, 22. Februar 2020, um 19.20 Uhr<\/b> zeigt 3sat die Dokumentation <b>&#8222;Die Berlinale wird 70 \u2013 Glamour, Geschichte, gro\u00dfes Kino&#8220;<\/b> von Nadia Nasser, Stefanie Hayn und Stephan Merseburger. Der Film schaut auf die bewegte Geschichte des Festivals und erinnert an gro\u00dfe Kinomomente, Skandale und heftige Debatten. Das gr\u00f6\u00dfte deutsche Filmfestival war von Anfang an ein politisches Festival und ist es geblieben, auch nach dem Ende des Kalten Krieges. In diesem Jahr f\u00fchrt eine Doppelspitze die Berlinale ins neue Jahrzehnt. Bleibt die Berlinale ihrem Ruf als politischstem aller A-Festivals gerecht?<b><br \/>\n<\/b><\/p>\n<p>&nbsp;<\/p>\n<p>&nbsp;<\/p>\n<p>&nbsp;<\/p>\n<p style=\"text-align: justify;\"><b>European Shooting Stars<\/b><\/p>\n<p>&nbsp;<\/p>\n<p style=\"text-align: justify;\">Der 3sat-Livestream am <b>Montag, 24. Februar 2020, ab 18.15 Uhr <\/b>aus dem Berlinale Palast: Wer sind Europas vielversprechendsten Nachwuchstalente?<\/p>\n<p style=\"text-align: justify;\">Zehn junge Schauspielerinnen und Schauspieler werden im Rahmen einer glanzvollen Gala ausgezeichnet. Pate an der Seite seiner jungen Kolleginnen und Kollegen ist der Schauspieler Alexander Fehling, der 2011 selbst European Shooting Star war.<\/p>\n<p style=\"text-align: justify;\">Moderatorin: Loretta Stern<\/p>\n<p>&nbsp;<\/p>\n<p>&nbsp;<\/p>\n<p>&nbsp;<\/p>\n<p style=\"text-align: justify;\"><b>Der Goldene Ehrenb\u00e4r<\/b><\/p>\n<p>&nbsp;<\/p>\n<p style=\"text-align: justify;\">Der 3sat-Livestream am <b>Donnerstag, 27. Februar 2020, ab 21.45 Uhr <\/b>aus dem Berlinale Palast: Der Goldene Ehrenb\u00e4r f\u00fcr das Lebenswerk wird in diesem Jahr der Grande Dame des britischen Theaters und Films, der Schauspielerin Helen Mirren, im Rahmen einer glanzvollen Gala verliehen.<\/p>\n<p>&nbsp;<\/p>\n<p>&nbsp;<\/p>\n<p>&nbsp;<\/p>\n<p style=\"text-align: justify;\"><b>&#8222;Berlinale 2020: Die B\u00e4renverleihung&#8220;<\/b><\/p>\n<p>&nbsp;<\/p>\n<p style=\"text-align: justify;\">Der H\u00f6hepunkt nach 10 Tagen Berlinale: Wie haben die Jurys entschieden? Wer nimmt die Silbernen und Goldenen B\u00e4ren und die Spezial-Preise mit nach Hause?<\/p>\n<p style=\"text-align: justify;\">3sat \u00fcbertr\u00e4gt die erstmals von Samuel Finzi moderierte Abschluss-Gala am <b>Samstag, 29. Februar 2020, ab 19.00 Uhr <\/b>live aus dem Berlinale Palast \u2013 und im Live-Stream auf <a href=\"http:\/\/3sat.de\/\">3sat.de<\/a>. Im Anschluss an die Gala-\u00dcbertragung spricht 3sat-Moderatorin Vivian Perkovic mit Preistr\u00e4gern, Branchenkennern und Filmschaffenden \u00fcber die beherrschenden Themen und Highlights dieser 70. Berlinale.<\/p>\n<p>&nbsp;<\/p>\n<p>&nbsp;<\/p>\n<p>&nbsp;<\/p>\n<p>&nbsp;<\/p>\n<p style=\"text-align: justify;\"><b>Berlinale 2020 auf ARTE<\/b><\/p>\n<p>&nbsp;<\/p>\n<p>&nbsp;<\/p>\n<p style=\"text-align: justify;\"><b>Metropolis <\/b><\/p>\n<p style=\"text-align: justify;\">Sonntag, 23. Februar 2020, 17.05 Uhr<\/p>\n<p style=\"text-align: justify;\">Redaktion: Michael Ames<\/p>\n<p style=\"text-align: justify;\">Metropolis zur Berlinale \u2013 &#8222;Wie viel frischen Wind bringt die neue Leitung?&#8220;<\/p>\n<p style=\"text-align: justify;\">Das gr\u00f6\u00dfte Publikumsfestival hat eine neue Spitze. Nach 18 Jahren Kosslick-\u00c4ra \u00fcbernimmt nun ein Duo die Berlinale: Der Italiener Carlo Chatrian und die Niederl\u00e4nderin Mariette Rissenbeek. Werden die beiden den hohen Erwartungen gerecht? Schaffen sie es, das Programm zu entschlacken, ohne an Vielfalt einzub\u00fc\u00dfen? Das k\u00fcnstlerische Profil zu st\u00e4rken und trotzdem internationale Stars auf den roten Teppich holen?<\/p>\n<p style=\"text-align: justify;\">Von italienischen Gangsterstorys und fantastischen L\u00fcgenm\u00e4rchen \u2013 Berlinale Spezial Gast ist Matteo Garrone: Der Regisseur ist bekannt f\u00fcr harte Mafia-Stoffe wie &#8222;Gomorrha&#8220; oder Thriller wie &#8222;Dogman&#8220;. Bei der Berlinale wird der Filmemacher seinen neuen Wurf zeigen: das Kinderm\u00e4rchen &#8222;Pinocchio&#8220; mit Oscar-Preistr\u00e4ger Roberto Benigni als Puppenpapa Geppeto. Hat Garrone keine Lust mehr auf Gangsterstorys? Oder zeigt er nun die d\u00fcstere Seite des Pinocchio-Mythos auf?<\/p>\n<p style=\"text-align: justify;\">Berlinale Wettbewerb: Eliza Hittmans Abtreibungsdrama &#8222;Never, Rarely, Sometimes, Always&#8220;. Ein Ultraschall, ein pochendes Herz. &#8222;Das magischste Ger\u00e4usch&#8220;? Die 17-j\u00e4hrige Autumn will definitiv abtreiben. Weil das ohne Einwilligung der Eltern in ihrer Heimat Pennsylvania nicht m\u00f6glich ist, reist sie mit ihrer Cousine ins liberale New York. Die Filmemacherin Eliza Hittman spricht \u00fcber Abtreibung in Trump-Zeiten und feministisches Kino. Was der Berlinale-Jurypr\u00e4sident Jeremy Irons zu Hittmans Film sagen wird? Zuletzt hatte Irons mit einer &#8222;Abtreibung ist S\u00fcnde&#8220;-Aussage einige Emp\u00f6rung hervorgerufen.<b><br \/>\n<\/b><\/p>\n<p>&nbsp;<\/p>\n<p>&nbsp;<\/p>\n<p>&nbsp;<\/p>\n<p style=\"text-align: justify;\"><b>Filme mit ZDF-Beteiligung auf der Berlinale 2020<br \/>\n<\/b><\/p>\n<p>&nbsp;<\/p>\n<p>&nbsp;<\/p>\n<p>&nbsp;<\/p>\n<p style=\"text-align: justify;\"><b>Berlinale Special: <\/b>&#8222;Paris Caligrammes&#8220;<b><br \/>\n<\/b><\/p>\n<p style=\"text-align: justify;\"><b>Im Wettbewerb<\/b>: &#8222;Berlin Alexanderplatz&#8220;; &#8222;Sheytan vojud nadarad&#8220;(&#8222;Es gibt kein B\u00f6ses&#8220;); &#8222;Undine&#8220;<b><br \/>\n<\/b><\/p>\n<p style=\"text-align: justify;\"><b>Weitere ZDF-Filme auf der Berlinale:<\/b><\/p>\n<p style=\"text-align: justify;\"><b>Panorama:<\/b> &#8222;Mare&#8220;; &#8222;Otac&#8220; (&#8222;Vater&#8220;)<b><br \/>\n<\/b><\/p>\n<p style=\"text-align: justify;\"><b>Forum:<\/b> &#8222;Oeconomia&#8220;<\/p>\n<p style=\"text-align: justify;\"><b>Forum Expanded:<\/b> &#8222;Purple Sea&#8220; (&#8222;Das Purpurmeer&#8220;)<\/p>\n<p style=\"text-align: justify;\"><b>Perspektive Deutsches Kino:<\/b> &#8222;Im Feuer&#8220;; &#8222;Schlaf&#8220;<\/p>\n<p style=\"text-align: justify;\"><b>Encounters:<\/b> &#8222;The trouble with being born&#8220;<\/p>\n<p style=\"text-align: justify;\"><b>Generation 14plus:<\/b> &#8222;Yalda \u2013 A Night for Forgiveness&#8220;; &#8222;Kokon&#8220;<b><br \/>\n<\/b><\/p>\n<p style=\"text-align: justify;\"><b>LOLA at Berlinale:<\/b> &#8222;Es gilt das gesprochene Wort&#8220;; &#8222;Systemsprenger&#8220;, &#8222;Ich war zuhause, aber&#8220;; &#8222;O Beautiful Night&#8220;; &#8222;Heimat ist ein Raum auf Zeit&#8220;; &#8222;Born in Evin&#8220;; &#8222;Dark Eden&#8220;<\/p>\n","protected":false},"excerpt":{"rendered":"<p>&nbsp; &nbsp; &nbsp; Im 70. Berlinale-Jahr ist das ZDF zum 17. Mal Medienpartner der Internationalen Filmfestspiele in Berlin. ZDF-Intendant Thomas<\/p>\n","protected":false},"author":2,"featured_media":142173,"comment_status":"open","ping_status":"closed","sticky":false,"template":"","format":"standard","meta":{"_FSMCFIC_featured_image_caption":"","_FSMCFIC_featured_image_nocaption":"","_FSMCFIC_featured_image_hide":""},"categories":[33],"tags":[135],"acf":[],"_links":{"self":[{"href":"https:\/\/smago.de\/ws2\/wp-json\/wp\/v2\/posts\/142172"}],"collection":[{"href":"https:\/\/smago.de\/ws2\/wp-json\/wp\/v2\/posts"}],"about":[{"href":"https:\/\/smago.de\/ws2\/wp-json\/wp\/v2\/types\/post"}],"author":[{"embeddable":true,"href":"https:\/\/smago.de\/ws2\/wp-json\/wp\/v2\/users\/2"}],"replies":[{"embeddable":true,"href":"https:\/\/smago.de\/ws2\/wp-json\/wp\/v2\/comments?post=142172"}],"version-history":[{"count":1,"href":"https:\/\/smago.de\/ws2\/wp-json\/wp\/v2\/posts\/142172\/revisions"}],"predecessor-version":[{"id":142174,"href":"https:\/\/smago.de\/ws2\/wp-json\/wp\/v2\/posts\/142172\/revisions\/142174"}],"wp:featuredmedia":[{"embeddable":true,"href":"https:\/\/smago.de\/ws2\/wp-json\/wp\/v2\/media\/142173"}],"wp:attachment":[{"href":"https:\/\/smago.de\/ws2\/wp-json\/wp\/v2\/media?parent=142172"}],"wp:term":[{"taxonomy":"category","embeddable":true,"href":"https:\/\/smago.de\/ws2\/wp-json\/wp\/v2\/categories?post=142172"},{"taxonomy":"post_tag","embeddable":true,"href":"https:\/\/smago.de\/ws2\/wp-json\/wp\/v2\/tags?post=142172"}],"curies":[{"name":"wp","href":"https:\/\/api.w.org\/{rel}","templated":true}]}}