{"id":141869,"date":"2020-02-12T23:57:02","date_gmt":"2020-02-12T22:57:02","guid":{"rendered":"https:\/\/online.smago.de\/ws2\/?p=141869"},"modified":"2020-02-12T22:51:30","modified_gmt":"2020-02-12T21:51:30","slug":"smago-informiert-sendungen-mit-gebaerdensprache-ab-sofort-auf-abruf-in-der-zdfmediathek","status":"publish","type":"post","link":"https:\/\/smago.de\/ws2\/smago-informiert\/smago-informiert-sendungen-mit-gebaerdensprache-ab-sofort-auf-abruf-in-der-zdfmediathek\/","title":{"rendered":"smago! INFORMIERT <br>Sendungen mit Geb\u00e4rdensprache ab sofort auf Abruf in der ZDFmediathek!"},"content":{"rendered":"<p>Die Geb\u00e4rdensprache ist eine visuell-manuelle Form der Sprache und seit 2002 als eigenst\u00e4ndige Sprache anerkannt!<br \/>\n<!--more--><\/p>\n<p>&nbsp;<\/p>\n<p>&nbsp;<\/p>\n<p style=\"text-align: justify;\">Das ZDF hat sein Angebot f\u00fcr H\u00f6rgesch\u00e4digte erweitert: Ausgew\u00e4hlte Sendungen stehen ab sofort auch als Video-on-Demand-Angebot mit Deutscher Geb\u00e4rdensprache (DGS) in der ZDFmediathek zur Verf\u00fcgung. Das Angebot umfasst die &#8222;heute&#8220;-Nachrichten um 17.00 Uhr und um 19.00 Uhr, das &#8222;heute journal&#8220;, &#8222;Leute heute&#8220;, &#8222;Frontal 21&#8220;, &#8222;37\u00b0&#8220;, &#8222;maybrit illner&#8220;, &#8222;plan b&#8220;, &#8222;Berlin direkt&#8220; sowie die Kindernachrichtensendung &#8222;logo!&#8220;. Bereits seit Juni 2018 besteht die M\u00f6glichkeit, Sendungen mit Geb\u00e4rdensprache im Livestream der ZDFmediathek zu verfolgen.<\/p>\n<p style=\"text-align: justify;\">Alle Sendungen, die mit Geb\u00e4rdensprache als Video-on-Demand oder im Livestream in der ZDFmediathek zur Verf\u00fcgung stehen, finden sich in der Rubrik &#8222;Barrierefrei&#8220; und unter der Web-Adresse <a href=\"https:\/\/barrierefrei.zdf.de\/\" target=\"_blank\" rel=\"noopener noreferrer\">barrierefrei.zdf.de<\/a>. Neben der Geb\u00e4rdensprache lassen sich dort zus\u00e4tzliche barrierefreie Inhalte wie Untertitel und Audiodeskription \u00fcber die Spracheinstellungen im Men\u00fc des Videoplayers zuschalten. Das barrierefreie Angebot des ZDF kann zudem auch \u00fcber die ZDFmediathek-App und \u00fcber HbbTV genutzt werden.<\/p>\n<p style=\"text-align: justify;\">Die Geb\u00e4rdensprache ist eine visuell-manuelle Form der Sprache. Die Deutsche Geb\u00e4rdensprache ist seit 2002 als eigenst\u00e4ndige Sprache anerkannt. Wie bei der gesprochenen Sprache existieren auch in der Geb\u00e4rdensprache unterschiedliche Dialekte.<\/p>\n","protected":false},"excerpt":{"rendered":"<p>Die Geb\u00e4rdensprache ist eine visuell-manuelle Form der Sprache und seit 2002 als eigenst\u00e4ndige Sprache anerkannt!<\/p>\n","protected":false},"author":2,"featured_media":141870,"comment_status":"open","ping_status":"closed","sticky":false,"template":"","format":"standard","meta":{"_FSMCFIC_featured_image_caption":"","_FSMCFIC_featured_image_nocaption":"","_FSMCFIC_featured_image_hide":""},"categories":[33],"tags":[135],"acf":[],"_links":{"self":[{"href":"https:\/\/smago.de\/ws2\/wp-json\/wp\/v2\/posts\/141869"}],"collection":[{"href":"https:\/\/smago.de\/ws2\/wp-json\/wp\/v2\/posts"}],"about":[{"href":"https:\/\/smago.de\/ws2\/wp-json\/wp\/v2\/types\/post"}],"author":[{"embeddable":true,"href":"https:\/\/smago.de\/ws2\/wp-json\/wp\/v2\/users\/2"}],"replies":[{"embeddable":true,"href":"https:\/\/smago.de\/ws2\/wp-json\/wp\/v2\/comments?post=141869"}],"version-history":[{"count":1,"href":"https:\/\/smago.de\/ws2\/wp-json\/wp\/v2\/posts\/141869\/revisions"}],"predecessor-version":[{"id":141871,"href":"https:\/\/smago.de\/ws2\/wp-json\/wp\/v2\/posts\/141869\/revisions\/141871"}],"wp:featuredmedia":[{"embeddable":true,"href":"https:\/\/smago.de\/ws2\/wp-json\/wp\/v2\/media\/141870"}],"wp:attachment":[{"href":"https:\/\/smago.de\/ws2\/wp-json\/wp\/v2\/media?parent=141869"}],"wp:term":[{"taxonomy":"category","embeddable":true,"href":"https:\/\/smago.de\/ws2\/wp-json\/wp\/v2\/categories?post=141869"},{"taxonomy":"post_tag","embeddable":true,"href":"https:\/\/smago.de\/ws2\/wp-json\/wp\/v2\/tags?post=141869"}],"curies":[{"name":"wp","href":"https:\/\/api.w.org\/{rel}","templated":true}]}}