{"id":141795,"date":"2020-02-11T00:00:21","date_gmt":"2020-02-10T23:00:21","guid":{"rendered":"https:\/\/online.smago.de\/ws2\/?p=141795"},"modified":"2020-02-11T09:38:55","modified_gmt":"2020-02-11T08:38:55","slug":"christian-anders-mit-75-schwimmt-er-ganz-obenauf","status":"publish","type":"post","link":"https:\/\/smago.de\/ws2\/schlager\/christian-anders-mit-75-schwimmt-er-ganz-obenauf\/","title":{"rendered":"CHRISTIAN ANDERS <br>Mit 75 schwimmt er wieder ganz obenauf!"},"content":{"rendered":"<p>Besser h\u00e4tte das Jahr 2020 gar nicht f\u00fcr ihn beginnen k\u00f6nnen &#8230;:<br \/>\n<!--more--><\/p>\n<p>&nbsp;<\/p>\n<p style=\"text-align: justify;\">F\u00fcr CHRISTIAN ANDERS, der am 15.01.2020 75 Jahre jung wurde, k\u00f6nnte es momentan gar nicht besser laufen. Nicht nur, dass er am 12.01.2020 im Rahmen der Veranstaltung \u201e<em>smago!\u00a0<\/em>Award feiert und ehrt \u201950 Jahre ZDF-Hitparade'&#8220; mit gleich ZWEI Preisen geehrt wurde &#8211; zum einen in der Kategorie \u201eDer Schlagergott\u201c (\u201eDer G\u00f6ttliche\u201c), zum anderen als \u201e<em>Das verkannte Genie.\u201c<\/em> (Zitat Thomas Herrmanns) f\u00fcr das <em>\u201eBeste Schlager CD Box-Set des Jahres: \u201eZeitlos (1945-\u2026)\u201c,<\/em> das \u2013 so <em>smago!<\/em> \u2013 \u201ezukunfts- und richtungsweisend, so zeitlos wie er selbst\u201c ist.<\/p>\n<p>Die Single &#8222;Karussell des Lebens&#8220; hat es bis auf Platz 26 der Radio Charts &#8222;Deutschland Konservativ Pop&#8220; geschafft.<\/p>\n<p>Und: Der aktuelle Titel &#8222;Reunion&#8220; prescht in Windeseile in den Diskotheken-Charts vor: In der &#8222;deutschen dj-hitparade&#8220; (<strong><a href=\"http:\/\/www.dj-hitparade.com\">www.dj-hitparade.com<\/a><\/strong>) konnte sich Christian Anders von Position 8 auf Platz 3 verbessern, in der &#8222;\u00f6sterreichischen dj-hitparade&#8220; (<strong><a href=\"http:\/\/www.dj-hitparade.at\">www.dj-hitparade.at<\/a><\/strong>) konnte er sich von Rang 5 auf die #2 verbessern.<\/p>\n<p>Und: Gestern Nachmittag (10.02.2020) zeigte das Deutsche Musik Fernsehen die von Jan Kunath moderierte und von Georg Fischer (Vengamedia) produzierte Sendung\u00a0\u201eChristian Anders: Der Zug durchs Leben\u201c (Untertitel:\u00a0\u201eDas ganz besondere Interview.\u201c) als exklusive Erstausstrahlung.<\/p>\n<p>&nbsp;<\/p>\n<p>&nbsp;<\/p>\n<p><img decoding=\"async\" loading=\"lazy\" class=\"alignnone size-medium wp-image-141796\" src=\"https:\/\/online.smago.de\/ws2\/wp-content\/uploads\/2020\/02\/anders_dmf_schriftzug-522x294.jpg\" alt=\"\" width=\"522\" height=\"294\" srcset=\"https:\/\/smago.de\/ws2\/wp-content\/uploads\/2020\/02\/anders_dmf_schriftzug-522x294.jpg 522w, https:\/\/smago.de\/ws2\/wp-content\/uploads\/2020\/02\/anders_dmf_schriftzug-800x450.jpg 800w, https:\/\/smago.de\/ws2\/wp-content\/uploads\/2020\/02\/anders_dmf_schriftzug-266x150.jpg 266w, https:\/\/smago.de\/ws2\/wp-content\/uploads\/2020\/02\/anders_dmf_schriftzug-768x432.jpg 768w, https:\/\/smago.de\/ws2\/wp-content\/uploads\/2020\/02\/anders_dmf_schriftzug-130x73.jpg 130w, https:\/\/smago.de\/ws2\/wp-content\/uploads\/2020\/02\/anders_dmf_schriftzug-790x445.jpg 790w, https:\/\/smago.de\/ws2\/wp-content\/uploads\/2020\/02\/anders_dmf_schriftzug-870x489.jpg 870w, https:\/\/smago.de\/ws2\/wp-content\/uploads\/2020\/02\/anders_dmf_schriftzug-292x164.jpg 292w, https:\/\/smago.de\/ws2\/wp-content\/uploads\/2020\/02\/anders_dmf_schriftzug-435x245.jpg 435w, https:\/\/smago.de\/ws2\/wp-content\/uploads\/2020\/02\/anders_dmf_schriftzug-895x503.jpg 895w, https:\/\/smago.de\/ws2\/wp-content\/uploads\/2020\/02\/anders_dmf_schriftzug.jpg 968w\" sizes=\"(max-width: 522px) 100vw, 522px\" \/><\/p>\n","protected":false},"excerpt":{"rendered":"<p>Besser h\u00e4tte das Jahr 2020 gar nicht f\u00fcr ihn beginnen k\u00f6nnen &#8230;:<\/p>\n","protected":false},"author":2,"featured_media":140400,"comment_status":"open","ping_status":"closed","sticky":false,"template":"","format":"standard","meta":{"_FSMCFIC_featured_image_caption":"","_FSMCFIC_featured_image_nocaption":"","_FSMCFIC_featured_image_hide":""},"categories":[29,39],"tags":[164],"acf":[],"_links":{"self":[{"href":"https:\/\/smago.de\/ws2\/wp-json\/wp\/v2\/posts\/141795"}],"collection":[{"href":"https:\/\/smago.de\/ws2\/wp-json\/wp\/v2\/posts"}],"about":[{"href":"https:\/\/smago.de\/ws2\/wp-json\/wp\/v2\/types\/post"}],"author":[{"embeddable":true,"href":"https:\/\/smago.de\/ws2\/wp-json\/wp\/v2\/users\/2"}],"replies":[{"embeddable":true,"href":"https:\/\/smago.de\/ws2\/wp-json\/wp\/v2\/comments?post=141795"}],"version-history":[{"count":2,"href":"https:\/\/smago.de\/ws2\/wp-json\/wp\/v2\/posts\/141795\/revisions"}],"predecessor-version":[{"id":141798,"href":"https:\/\/smago.de\/ws2\/wp-json\/wp\/v2\/posts\/141795\/revisions\/141798"}],"wp:featuredmedia":[{"embeddable":true,"href":"https:\/\/smago.de\/ws2\/wp-json\/wp\/v2\/media\/140400"}],"wp:attachment":[{"href":"https:\/\/smago.de\/ws2\/wp-json\/wp\/v2\/media?parent=141795"}],"wp:term":[{"taxonomy":"category","embeddable":true,"href":"https:\/\/smago.de\/ws2\/wp-json\/wp\/v2\/categories?post=141795"},{"taxonomy":"post_tag","embeddable":true,"href":"https:\/\/smago.de\/ws2\/wp-json\/wp\/v2\/tags?post=141795"}],"curies":[{"name":"wp","href":"https:\/\/api.w.org\/{rel}","templated":true}]}}