{"id":141775,"date":"2020-02-10T18:00:47","date_gmt":"2020-02-10T17:00:47","guid":{"rendered":"https:\/\/online.smago.de\/ws2\/?p=141775"},"modified":"2020-02-10T18:02:07","modified_gmt":"2020-02-10T17:02:07","slug":"guido-cantz-u-a-heute-11-02-2020-im-ersten-wider-den-tierischen-ernst-2020","status":"publish","type":"post","link":"https:\/\/smago.de\/ws2\/nonsens\/guido-cantz-u-a-heute-11-02-2020-im-ersten-wider-den-tierischen-ernst-2020\/","title":{"rendered":"GUIDO CANTZ u.a. <br>Heute (11.02.2020) im Ersten: &#8222;Wider den tierischen Ernst 2020&#8220;!"},"content":{"rendered":"<p style=\"text-align: justify;\">Festsitzung des Aachener Karnevalsvereins mit der Verleihung des Ordens &#8222;Wider den tierischen Ernst&#8220; \/\/ ARD, 22:00 Uhr! Sehen Sie HIER den Vorschau-Trailer &#8230;:<br \/>\n<!--more--><\/p>\n<p>&nbsp;<\/p>\n<p>&nbsp;<\/p>\n<p class=\"text small\" style=\"text-align: justify;\">Endlich ist es wieder soweit, diesmal sogar mit einem gro\u00dfen Jubil\u00e4um: 2020 findet in Aachen zum 70. Mal die Verleihung des \u201eOrden wider den tierischen Ernst\u201c statt. Auch in diesem Jahr verbindet die karnevalistische Traditionsveranstaltung hochrangige politische Redner in der B\u00fctt mit Aachener Heimatgef\u00fchl, Comedy und Karneval. Und es geht wie immer auch n\u00e4rrisch zu auf der B\u00fchne der Festsitzung des Aachener Karnevalsvereins (AKV).<\/p>\n<p class=\"text small\" style=\"text-align: justify;\">Armin Laschet, Ministerpr\u00e4sident des Landes Nordrhein-Westfalen, erh\u00e4lt am 8. Februar 2020 den Orden wider den tierischen Ernst des Aachener Karnevalsvereins (AKV). Genau 70 Jahre nach der ersten Verleihung 1950 an James Arthur Dugdale wird somit erstmals ein Aachener mit dem Orden ausgezeichnet. Gew\u00fcrdigt wird Armin Laschet als pragmatischer und kompromissf\u00e4higer Politiker mit rheinischem Humor, der gelobt hat, die Fr\u00f6hlichkeit stets zu verteidigen.<\/p>\n<p class=\"text small\" style=\"text-align: justify;\">\u201eNiemand verk\u00f6rpert die Kriterien f\u00fcr die Ritterw\u00fcrde \u2013 Humor und Menschlichkeit im Amt \u2013 besser als unser Landesvater\u201c, sagt AKV-Pr\u00e4sident Dr. Werner Pfeil. \u201eArmin Laschet grenzt nicht aus, sondern umarmt und integriert, eben typisch rheinl\u00e4ndisch. Sein tiefgr\u00fcndiger Humor, sein echtes Interesse an den Menschen und sein stetiger Einsatz f\u00fcr Verst\u00e4ndigung haben den AKV-Elferrat \u00fcberzeugt. Dass Armin Laschet Karneval kann und einen guten Umgang mit dem politischen Gegner pflegt, hat er auf unserer B\u00fchne im Aachener Eurogress bereits mehrfach bewiesen\u201c, so Werner Pfeil weiter.<\/p>\n<p class=\"text small\" style=\"text-align: justify;\">Neben dem AKV-Pr\u00e4sidenten Werner Pfeil wird im Jubil\u00e4umsjahr David Lulley aus dem Aachener Elferrat durch die Festsitzung im Aachener Eurogress f\u00fchren. Die politische Rede im karnevalistischen Umfeld und das \u201e\u00d6cher Flair\u201c sind von jeher Markenzeichen und Unikat der Ordensverleihung.<\/p>\n<p class=\"text small\" style=\"text-align: justify;\">So sind auch 2020 wieder Gr\u00f6\u00dfen des politischen Tagesgesch\u00e4fts auf der B\u00fchne, wie immer beobachtet von den Rittern im Saal Philipp Freiherr zu Guttenberg, Cem \u00d6zdemir, Theo Waigel, J\u00fcrgen R\u00fcttgers, Friedrich Merz u. a.<\/p>\n<p class=\"text small\" style=\"text-align: justify;\">Die Moderatoren begr\u00fc\u00dfen auf der B\u00fchne zur 70. Verleihung des Ordens diesmal weitere besonders prominente Redner und G\u00e4ste:<\/p>\n<div class=\"clearMe\" style=\"text-align: justify;\"><\/div>\n<div><\/div>\n<ul class=\"checklist small\" style=\"text-align: justify;\">\n<li>Auma Obama, Journalistin, Autorin und \u00e4ltere Halbschwester des ehemaligen US-Pr\u00e4sidenten Barack Obama,<\/li>\n<li>J\u00fcrgen Beckers alias \u201eJ\u00fcrgen B. Hausmann\u201c: der Aachener Kabarettist gibt sich seit vielen Jahre zum ersten Mal wieder die Ehre auf der B\u00fchne des AKV<\/li>\n<li>Guido Cantz, Starkarnevalist und ARD \u201eVerstehen Sie Spa\u00df?\u201c-Moderator<\/li>\n<li>Wilfried Schmickler, Kabarettisten-Urgestein des WDR, auch 2020 wieder als gefeierter \u201eKaiser Karl\u201c auf der Aachener B\u00fchne: Und nat\u00fcrlich dabei als Laudatorin 2020: die gefeierte Ordenstr\u00e4gerin des vergangenen Jahres, Julia Kl\u00f6ckner, Bundesministerin f\u00fcr Ern\u00e4hrung, Landwirtschaft und Verbraucherschutz.<\/li>\n<\/ul>\n<div class=\"clearMe\" style=\"text-align: justify;\"><\/div>\n<div style=\"text-align: justify;\"><\/div>\n<p class=\"text small\" style=\"text-align: justify;\">Unterst\u00fctzt wird die bunte Festgala des Ordens \u201eWider den tierischen Ernst\u201c von Aachener Lokal-Gr\u00f6\u00dfen wie Kabarettist und Comedian Hastenraths Will, die 4 Amigos, der Tanztruppe Marga Render, Torben Klein, dem AKV Ballett, 5linge u.v.m.<\/p>\n<p class=\"text small\" style=\"text-align: justify;\">Der WDR hat die Verleihung des Ordens\u00a0wider den tierischen\u00a0Ernst am 8. Februar aufgezeichnet.<\/p>\n<p style=\"text-align: justify;\">Sehen Sie <strong><a href=\"https:\/\/presse.daserste.de\/programm\/programmablauf\/vorschau-wider-den-tierischen-ernst-2020-video-100.html\">HIER<\/a><\/strong> den Vorschau-Trailer!<\/p>\n","protected":false},"excerpt":{"rendered":"<p>Festsitzung des Aachener Karnevalsvereins mit der Verleihung des Ordens &#8222;Wider den tierischen Ernst&#8220; \/\/ ARD, 22:00 Uhr! Sehen Sie HIER<\/p>\n","protected":false},"author":2,"featured_media":141776,"comment_status":"open","ping_status":"closed","sticky":false,"template":"","format":"standard","meta":{"_FSMCFIC_featured_image_caption":"","_FSMCFIC_featured_image_nocaption":"","_FSMCFIC_featured_image_hide":""},"categories":[23,128],"tags":[902],"acf":[],"_links":{"self":[{"href":"https:\/\/smago.de\/ws2\/wp-json\/wp\/v2\/posts\/141775"}],"collection":[{"href":"https:\/\/smago.de\/ws2\/wp-json\/wp\/v2\/posts"}],"about":[{"href":"https:\/\/smago.de\/ws2\/wp-json\/wp\/v2\/types\/post"}],"author":[{"embeddable":true,"href":"https:\/\/smago.de\/ws2\/wp-json\/wp\/v2\/users\/2"}],"replies":[{"embeddable":true,"href":"https:\/\/smago.de\/ws2\/wp-json\/wp\/v2\/comments?post=141775"}],"version-history":[{"count":2,"href":"https:\/\/smago.de\/ws2\/wp-json\/wp\/v2\/posts\/141775\/revisions"}],"predecessor-version":[{"id":141778,"href":"https:\/\/smago.de\/ws2\/wp-json\/wp\/v2\/posts\/141775\/revisions\/141778"}],"wp:featuredmedia":[{"embeddable":true,"href":"https:\/\/smago.de\/ws2\/wp-json\/wp\/v2\/media\/141776"}],"wp:attachment":[{"href":"https:\/\/smago.de\/ws2\/wp-json\/wp\/v2\/media?parent=141775"}],"wp:term":[{"taxonomy":"category","embeddable":true,"href":"https:\/\/smago.de\/ws2\/wp-json\/wp\/v2\/categories?post=141775"},{"taxonomy":"post_tag","embeddable":true,"href":"https:\/\/smago.de\/ws2\/wp-json\/wp\/v2\/tags?post=141775"}],"curies":[{"name":"wp","href":"https:\/\/api.w.org\/{rel}","templated":true}]}}