{"id":141755,"date":"2020-02-10T17:19:45","date_gmt":"2020-02-10T16:19:45","guid":{"rendered":"https:\/\/online.smago.de\/ws2\/?p=141755"},"modified":"2020-02-10T17:19:45","modified_gmt":"2020-02-10T16:19:45","slug":"smago-informiert-happy-valentine-mdr-im-zeichen-der-schoensten-lovesongs-und-liebesgeschichten","status":"publish","type":"post","link":"https:\/\/smago.de\/ws2\/schlager\/smago-informiert-happy-valentine-mdr-im-zeichen-der-schoensten-lovesongs-und-liebesgeschichten\/","title":{"rendered":"smago! INFORMIERT <br>Happy Valentine: MDR im Zeichen der sch\u00f6nsten Lovesongs und Liebesgeschichten!"},"content":{"rendered":"<p>P\u00fcnktlich zum Valentinstag am 14.02.2020 trifft der MDR mit einer Liveshow um 20.15 Uhr sein Publikum \u201eMitten ins Herz\u201c &#8230;:<br \/>\n<!--more--><\/p>\n<p>&nbsp;<\/p>\n<p>&nbsp;<\/p>\n<p style=\"text-align: justify;\">Bis zum 10. Februar kann zuvor bei <a href=\"http:\/\/www.meine-schlagerwelt.de\/\">www.meine-schlagerwelt.de<\/a> f\u00fcr die 30 emotionalsten und sch\u00f6nsten Liebeslieder abgestimmt werden. Auch das Programm bei MDR JUMP steht ganz im Zeichen des \u201eTages der Liebenden\u201c.<\/p>\n<p style=\"text-align: justify;\">In der abendlichen TV-Show \u201eAlles Liebe zum Valentinstag \u2013 Mitten ins Herz!\u201c pr\u00e4sentiert das MDR JUMP-Morningshow-Team Sarah von Neuburg und Lars-Christian Karde am 14. Februar das Finale der MDR-Kampagne \u201eAlles Liebe&#8220;, die von MDR JUMP, \u201e<a href=\"http:\/\/meine-schlagerwelt.de\/\">meine-schlagerwelt.de<\/a>\u201c und \u201eMDR um 4\u201c begleitet wurde.<\/p>\n<p style=\"text-align: justify;\">Das Publikum erwartet nicht nur die sch\u00f6nsten Liebeslieder und zugeh\u00f6rige Liebesgeschichten: Zum ersten Mal treffen an dem Abend auch die in der MDR-Aktion \u201eWir verlieben Sie\u201c des Nachmittagsmagazins \u201eMDR um 4\u201c vorgestellten Singles auf potenzielle Partner. Sie werden, weil die Liebe bekanntlich durch den Magen geht, von Spitzenkoch Christian Henze kulinarisch mit einem leckeren Valentinstagsmen\u00fc verw\u00f6hnt.<\/p>\n<p style=\"text-align: justify;\">\u201eLove Is In The Air\u201c gilt an diesem Tag auch bei MDR JUMP. Musikexpertin Jessica Wahls erz\u00e4hlt die Geschichten hinter den Lovesongs und was sie bedeuten. Dar\u00fcber hinaus laufen am ganzen Tag viele Liebeslieder im Programm der Popwelle.<\/p>\n<p style=\"text-align: justify;\">In der Valentinswoche werden Nora Sanne und Timo Close von der MDR JUMP Feierabendshow t\u00e4glich mit ihren H\u00f6rerinnen und H\u00f6rern dar\u00fcber sprechen, wie man die Liebe lange frisch h\u00e4lt. Und nat\u00fcrlich kommen auch hier \u201edie gr\u00f6\u00dften Lovesongs aller Zeiten\u201c nicht zu kurz.<\/p>\n","protected":false},"excerpt":{"rendered":"<p>P\u00fcnktlich zum Valentinstag am 14.02.2020 trifft der MDR mit einer Liveshow um 20.15 Uhr sein Publikum \u201eMitten ins Herz\u201c &#8230;:<\/p>\n","protected":false},"author":2,"featured_media":141756,"comment_status":"open","ping_status":"closed","sticky":false,"template":"","format":"standard","meta":{"_FSMCFIC_featured_image_caption":"","_FSMCFIC_featured_image_nocaption":"","_FSMCFIC_featured_image_hide":""},"categories":[29,39,128],"tags":[1367],"acf":[],"_links":{"self":[{"href":"https:\/\/smago.de\/ws2\/wp-json\/wp\/v2\/posts\/141755"}],"collection":[{"href":"https:\/\/smago.de\/ws2\/wp-json\/wp\/v2\/posts"}],"about":[{"href":"https:\/\/smago.de\/ws2\/wp-json\/wp\/v2\/types\/post"}],"author":[{"embeddable":true,"href":"https:\/\/smago.de\/ws2\/wp-json\/wp\/v2\/users\/2"}],"replies":[{"embeddable":true,"href":"https:\/\/smago.de\/ws2\/wp-json\/wp\/v2\/comments?post=141755"}],"version-history":[{"count":1,"href":"https:\/\/smago.de\/ws2\/wp-json\/wp\/v2\/posts\/141755\/revisions"}],"predecessor-version":[{"id":141757,"href":"https:\/\/smago.de\/ws2\/wp-json\/wp\/v2\/posts\/141755\/revisions\/141757"}],"wp:featuredmedia":[{"embeddable":true,"href":"https:\/\/smago.de\/ws2\/wp-json\/wp\/v2\/media\/141756"}],"wp:attachment":[{"href":"https:\/\/smago.de\/ws2\/wp-json\/wp\/v2\/media?parent=141755"}],"wp:term":[{"taxonomy":"category","embeddable":true,"href":"https:\/\/smago.de\/ws2\/wp-json\/wp\/v2\/categories?post=141755"},{"taxonomy":"post_tag","embeddable":true,"href":"https:\/\/smago.de\/ws2\/wp-json\/wp\/v2\/tags?post=141755"}],"curies":[{"name":"wp","href":"https:\/\/api.w.org\/{rel}","templated":true}]}}