{"id":141746,"date":"2020-02-10T11:06:05","date_gmt":"2020-02-10T10:06:05","guid":{"rendered":"https:\/\/online.smago.de\/ws2\/?p=141746"},"modified":"2020-02-10T11:06:24","modified_gmt":"2020-02-10T10:06:24","slug":"eurovision-song-contest-2020-experten-waehlen-deutschen-beitrag-fuer-rotterdam-aus","status":"publish","type":"post","link":"https:\/\/smago.de\/ws2\/pop\/eurovision-song-contest-2020-experten-waehlen-deutschen-beitrag-fuer-rotterdam-aus\/","title":{"rendered":"&#8222;EUROVISION SONG CONTEST 2020&#8220; <br>Experten w\u00e4hlen deutschen Beitrag f\u00fcr Rotterdam aus!"},"content":{"rendered":"<p>Wer mit welchem Titel im ESC-Finale f\u00fcr Deutschland antreten wird &#8230;:<br \/>\n<!--more--><\/p>\n<p>&nbsp;<\/p>\n<p>&nbsp;<\/p>\n<p style=\"text-align: justify;\">Der NDR hat sich beim Eurovision Song Contest 2020 f\u00fcr eine Auswahl des deutschen Beitrags durch Expertinnen und Experten entschieden. Zwei unabh\u00e4ngige Jurys haben ausgew\u00e4hlt, wer f\u00fcr Deutschland in Rotterdam auftritt: eine \u201eEurovisions-Jury\u201c mit 100 Menschen aus ganz Deutschland und eine internationale Expertenjury aus 20 Musikprofis. Diese Musikprofis geh\u00f6rten alle schon einmal zur nationalen ESC-Jury ihres Heimatlandes. Auch beim Eurovision Song Contest setzen sich die vergebenen Punkte jeweils zur H\u00e4lfte aus der Wahl der Zuschauerinnen und Zuschauer und der Wahl der nationalen Jurys zusammen. An diesem Verfahren hat sich der NDR orientiert.<\/p>\n<p style=\"text-align: justify;\">In einem mehrstufigen Verfahren haben diese beiden Jurys sowohl K\u00fcnstlerinnen und K\u00fcnstler als auch Songs bewertet. Wer mit welchem Titel im ESC-Finale f\u00fcr Deutschland antreten wird, zeigt ONE am Donnerstag, 27. Februar, um 21.30 Uhr in \u201eUnser Lied f\u00fcr Rotterdam\u201c. Moderiert wird die 45-min\u00fctige Sendung von Barbara Sch\u00f6neberger.<\/p>\n<p style=\"text-align: justify;\"><strong>Thomas Schreiber<\/strong>, ARD Koordinator Unterhaltung: \u201eMit der Platzierung in Tel Aviv sind wir selbstverst\u00e4ndlich nicht zufrieden. In Rotterdam wollen wir wieder an den Erfolg von 2018 ankn\u00fcpfen. Unser Act hat die nationalen und internationalen Expertinnen und Experten begeistert und sich in einem tollen Teilnehmerfeld durchgesetzt. Wir sind zuversichtlich, dass die Wahl auch bei den ESC-Fans auf sehr breite Zustimmung und \u2013 wie wir hoffen \u2013 auf Begeisterung sto\u00dfen wird.\u201c<\/p>\n<p style=\"text-align: justify;\"><strong>Christian Blenker<\/strong>, ARD-Teamchef f\u00fcr den Eurovision Song Contest: \u201eUnsere beiden Jurys haben einen hohen musikalischen Sachverstand und einen einmaligen ESC-Instinkt. Mit diesem Verfahren haben wir auch deutlich mehr Zeit f\u00fcr die Inszenierung gewonnen. Die ersten spannenden Ideen von international erfolgreichen Choreographen und Staging-Profis liegen uns bereits vor. Zudem bleiben die mehr als 600 K\u00fcnstlerinnen und K\u00fcnstler, die bei der Auswahl dabei waren, gesch\u00fctzt &#8211; keiner hat verloren und vielleicht sind einige im kommenden Jahr wieder dabei.\u201c<\/p>\n<p style=\"text-align: justify;\">Im April vergangenen Jahres wurden rund 2,26 Millionen Menschen in Deutschland \u00fcber soziale Netzwerke eingeladen, Teil der Eurovisionsjury zu werden. Jeder konnte teilnehmen. Am Ende haben 15.000 bei der Online-Befragung mitgemacht. Sie mussten im Vorfeld des ESC 2019 in Tel Aviv die Platzierung von zehn zuf\u00e4llig bestimmten ESC-Beitr\u00e4gen vorhersagen und so ihr Gesp\u00fcr f\u00fcr die sichere Einsch\u00e4tzung von ESC-Beitr\u00e4gen unter Beweis stellen. Von ihnen wurden die besten 100 ausgew\u00e4hlt. Auch die Mitglieder der internationalen Expertenjury wurden danach ausgew\u00e4hlt, wessen Einsch\u00e4tzung dem tats\u00e4chlichen Ergebnis besonders nah kam.<\/p>\n<p style=\"text-align: justify;\"><strong>Alexandra Wolfslast<\/strong>, Head of Delegation f\u00fcr den deutschen Beitrag beim Eurovision Song Contest: \u201eWir wissen, dass viele Fans lange auf Infos gewartet haben. Wir brauchten aber die Zeit, um konzentriert schon sehr viele Dinge f\u00fcr Rotterdam vorzubereiten. Umso mehr freuen wir uns, am 27. Februar diesen tollen Act pr\u00e4sentieren zu k\u00f6nnen.\u201c<\/p>\n<p style=\"text-align: justify;\">Das ESC-Finale findet am Sonnabend, 16. Mai, in Rotterdam statt. Das Erste und <a href=\"http:\/\/eurovision.de\/\">eurovision.de<\/a> \u00fcbertragen live ab 21.00 Uhr.<\/p>\n<p style=\"text-align: justify;\"><em>Mehr zum ESC, u. a. ein Interview mit Christian Blenker und Alexandra Wolfslast, gibt\u2019s unter <\/em><a href=\"http:\/\/www.eurovision.de\/\">www.eurovision.de<\/a><em>. <\/em><\/p>\n","protected":false},"excerpt":{"rendered":"<p>Wer mit welchem Titel im ESC-Finale f\u00fcr Deutschland antreten wird &#8230;:<\/p>\n","protected":false},"author":2,"featured_media":141338,"comment_status":"open","ping_status":"closed","sticky":false,"template":"","format":"standard","meta":{"_FSMCFIC_featured_image_caption":"","_FSMCFIC_featured_image_nocaption":"","_FSMCFIC_featured_image_hide":""},"categories":[27,39,128],"tags":[85],"acf":[],"_links":{"self":[{"href":"https:\/\/smago.de\/ws2\/wp-json\/wp\/v2\/posts\/141746"}],"collection":[{"href":"https:\/\/smago.de\/ws2\/wp-json\/wp\/v2\/posts"}],"about":[{"href":"https:\/\/smago.de\/ws2\/wp-json\/wp\/v2\/types\/post"}],"author":[{"embeddable":true,"href":"https:\/\/smago.de\/ws2\/wp-json\/wp\/v2\/users\/2"}],"replies":[{"embeddable":true,"href":"https:\/\/smago.de\/ws2\/wp-json\/wp\/v2\/comments?post=141746"}],"version-history":[{"count":2,"href":"https:\/\/smago.de\/ws2\/wp-json\/wp\/v2\/posts\/141746\/revisions"}],"predecessor-version":[{"id":141748,"href":"https:\/\/smago.de\/ws2\/wp-json\/wp\/v2\/posts\/141746\/revisions\/141748"}],"wp:featuredmedia":[{"embeddable":true,"href":"https:\/\/smago.de\/ws2\/wp-json\/wp\/v2\/media\/141338"}],"wp:attachment":[{"href":"https:\/\/smago.de\/ws2\/wp-json\/wp\/v2\/media?parent=141746"}],"wp:term":[{"taxonomy":"category","embeddable":true,"href":"https:\/\/smago.de\/ws2\/wp-json\/wp\/v2\/categories?post=141746"},{"taxonomy":"post_tag","embeddable":true,"href":"https:\/\/smago.de\/ws2\/wp-json\/wp\/v2\/tags?post=141746"}],"curies":[{"name":"wp","href":"https:\/\/api.w.org\/{rel}","templated":true}]}}