{"id":141611,"date":"2020-02-07T00:00:34","date_gmt":"2020-02-06T23:00:34","guid":{"rendered":"https:\/\/online.smago.de\/ws2\/?p=141611"},"modified":"2020-02-06T09:48:44","modified_gmt":"2020-02-06T08:48:44","slug":"kurt-kroemer-bastian-pastewka-u-a-heute-07-02-2020-in-der-ndr-talk-show-zu-gast","status":"publish","type":"post","link":"https:\/\/smago.de\/ws2\/comedy\/kurt-kroemer-bastian-pastewka-u-a-heute-07-02-2020-in-der-ndr-talk-show-zu-gast\/","title":{"rendered":"KURT KR\u00d6MER, BASTIAN PASTEWKA u.a. <br>Heute (07.02.2020) in der &#8222;NDR Talk Show&#8220; zu Gast!"},"content":{"rendered":"<p style=\"text-align: justify;\">NDR fernsehen + hr fernsehen, 22:00 Uhr &#8211; 00:00 Uhr! Moderation:\u00a0Barbara Sch\u00f6neberger und Hubertus Meyer-Burckhardt!<br \/>\n<!--more--><\/p>\n<p>&nbsp;<\/p>\n<p>&nbsp;<\/p>\n<p>&nbsp;<\/p>\n<p style=\"text-align: justify;\">Barbara Sch\u00f6neberger und Hubertus Meyer-Burckhardt begr\u00fc\u00dfen in der NDR Talk Show aus Hamburg folgende G\u00e4ste:<\/p>\n<p>&nbsp;<\/p>\n<p>&nbsp;<\/p>\n<p>&nbsp;<\/p>\n<h3 style=\"text-align: justify;\">Bastian Pastewka, Comedian<\/h3>\n<div class=\"contentimage w50\" style=\"text-align: justify;\">\n<div class=\"image-container landscape\"><\/div>\n<\/div>\n<p style=\"text-align: justify;\">Als Kind eines Agraringenieurs und einer Grundschullehrerin wurde Bastian Pastewka 1972 in Bochum geboren. Damals konnte niemand ahnen, dass aus ihm einmal ein vielfacher Comedy-Preistr\u00e4ger werden w\u00fcrde. Nach Abitur, Zivildienst und abgebrochenem Studium fiel dem 1,91 Meter gro\u00dfen H\u00fcnen n\u00e4mlich nichts Besseres ein, als alles auf die Karte Humor zu setzen. Bundesweit bekannt wurde er mit der Sketchsendung &#8222;Die Wochenshow&#8220;, die Ende der 1990er-Jahre im Fernsehen lief. Seine skurrilen Figuren Brisko Schneider und Ottmar Zittlau genie\u00dfen bis heute Kultstatus. Sein schauspielerisches Talent stellt Bastian Pastewka dar\u00fcber hinaus in zahlreichen Filmen unter Beweis. Und wenn er nicht zu sehen ist, dann mindestens zu h\u00f6ren, denn Pastewka gilt als eine der begehrtesten Synchronstimmen des Landes. Ob seine zehnte Staffel &#8222;Pastewka&#8220;, in der er sich mal wieder auf katastrophale Weise selbst spielt, wirklich die letzte sein wird oder ob es sich dabei nur um ein Ger\u00fccht handelt, verr\u00e4t der K\u00fcnstler in der NDR Talk Show.<\/p>\n<h3 style=\"text-align: justify;\">Elyas M&#8217;Barek und Palina Rojinski, Schauspieler<\/h3>\n<div class=\"contentimage w50\" style=\"text-align: justify;\"><\/div>\n<p style=\"text-align: justify;\">Bereits in den Kinoerfolgskom\u00f6dien &#8222;Willkommen bei den Hartmanns&#8220; und &#8222;M\u00e4nnerherzen&#8220; spielten sie zusammen: Palina Rojinski und Elyas M\u00b4Barek. Never change a winning Team, das dachte sich offenbar Regisseur Simon Verhoeven und besetzte die beiden Schauspieler erneut gemeinsam in seinem neuen Film &#8222;Nightlife&#8220;.<\/p>\n<p style=\"text-align: justify;\">Dort hat Barkeeper Milo (Elyas M&#8217;Barek) eine schicksalhafte Begegnung: Als er Sunny (Palina Rojinski) zum ersten Mal sieht, ist er hin und weg. Wie es mit den beiden weitergeht und welche einschl\u00e4gigen Erfahrungen die ehemalige Leistungsturnerin und der &#8222;Fack ju G\u00f6hte&#8220;-Star selbst im Nachtleben gemacht haben, das erz\u00e4hlen sie in der NDR Talk Show.<\/p>\n<p>&nbsp;<\/p>\n<p>&nbsp;<\/p>\n<p>&nbsp;<\/p>\n<p>&nbsp;<\/p>\n<h3 style=\"text-align: justify;\">D\u00e9sir\u00e9e Nosbusch, Schauspielerin<\/h3>\n<div class=\"contentimage w50\" style=\"text-align: justify;\"><\/div>\n<p style=\"text-align: justify;\">Das Unerwartbare habe immer wieder den Rhythmus ihres Lebens bestimmt, sagt D\u00e9sir\u00e9e Nosbusch. Sie war Kindermoderatorin, hat den &#8222;Grand Prix Eurovision de la Chanson&#8220; pr\u00e4sentiert und feiert heute gro\u00dfe Erfolge mit ihrer Darstellung einer machthungrigen Bankerin in der Thrillerserie &#8222;Bad Banks&#8220;. Nach einem Karriereknick sei diese Rolle f\u00fcr sie wie ein Sechser im Lotto gewesen, sagt die 54-j\u00e4hrige Nosbusch. Jetzt folgt die zweite Staffel der mehrfach pr\u00e4mierten Serie um eine Luxemburger Investmentbank, die nach der Krise mehr denn je vor einem gewaltigen Umbruch steht.<\/p>\n<p>&nbsp;<\/p>\n<p>&nbsp;<\/p>\n<p>&nbsp;<\/p>\n<p>&nbsp;<\/p>\n<h3 style=\"text-align: justify;\">Sebastian Bezzel, Schauspieler<\/h3>\n<div class=\"contentimage w50\" style=\"text-align: justify;\"><\/div>\n<p style=\"text-align: justify;\">Zw\u00f6lf Jahre lang war Sebastian Bezzel &#8222;Tatort&#8220;-Kommissarin Klara Blum, gespielt von Eva Mattes, als konservativ-schn\u00f6seliger Assistent Kai Perlmann zur Seite gestellt und ermittelte regelm\u00e4\u00dfig im &#8222;Tatort&#8220; vom Bodensee. 2016 war Schluss damit, dem Polizei-Dienst blieb der Schauspieler allerdings erhalten und spielt mit Bravour den niederbayrischen Dorfpolizisten Franz Eberhofer in den beliebten Verfilmungen der Rita-Falk-Krimis. Sebastian Bezzel wurde 1971 in Garmisch-Patenkirchen geboren, wo sein Vater, der Vogelkundler Einhard Bezzel, \u00a033 Jahre lang die \u00f6rtliche Vogelschutzwarte leitete. Mit vier Jahren begann er das Skifahren und war &#8222;bis zur Teenagerzeit jeden Tag drau\u00dfen, immer an der frischen Luft.&#8220; Skifahrer, Bayern-Fan, Paraderolle als bayrischer Provinzpolizist: Das klingt nach einem klassischen &#8222;S\u00fcdgew\u00e4chs&#8220;. Trotzdem lebt der Schauspieler Sebastian Bezzel mit Frau und Kindern heute an der Elbe. Jetzt ist er in der Kino-Neuverfilmung des Kinderbuchklassikers &#8222;Lassie&#8220; zu sehen &#8211; der Geschichte der unzertrennlichen Freundschaft zwischen einem Jungen und seiner Collie-H\u00fcndin.<\/p>\n<p>&nbsp;<\/p>\n<p>&nbsp;<\/p>\n<p>&nbsp;<\/p>\n<p>&nbsp;<\/p>\n<h3 style=\"text-align: justify;\">Kurt Kr\u00f6mer, Comedian<\/h3>\n<div class=\"contentimage w50\" style=\"text-align: justify;\"><\/div>\n<p style=\"text-align: justify;\">Der Berliner, mit geb\u00fcrtigem Namen Alexander Bojcan, hatte zun\u00e4chst ganz andere Ambitionen. Er begann eine Ausbildung zum Herrenausstatter, die er ebenso wie eine Lehre zum Einzelhandelskaufmann abbrach. 1993 trat er erstmals unter dem Pseudonym Kurt Kr\u00f6mer auf. Der Name soll von einem ihm sehr gemochten Deutschlehrer stammen. 2003 bekam er im rbb Fernsehen seine eigene Show, &#8222;Die Kurt Kr\u00f6mer Show&#8220;. Damit begann sein Aufstieg in der Comedy-Szene. 2006 wurde er mit dem Deutschen Fensehpreis in der Kategorie &#8222;Comedy&#8220; ausgezeichnet. Diese Veranstaltung moderierte er 2010 auch an der Seite von Sandra Maischberger. Seine Late Night Show schaffte es in die ARD, doch Kr\u00f6mer blieb auch immer seinem Heimatsender rbb treu. Im Februar 2020 folgt dort eine neue Staffel seiner Talkshow &#8222;Chez Kr\u00f6mer&#8220;- was die Zuschauer dort erwartet, verr\u00e4t er in der NDR Talk Show in Hamburg.<\/p>\n<p>&nbsp;<\/p>\n<p>&nbsp;<\/p>\n<p>&nbsp;<\/p>\n<p>&nbsp;<\/p>\n<h3 style=\"text-align: justify;\">Tan Caglar, Komiker<\/h3>\n<div class=\"contentimage w50\" style=\"text-align: justify;\"><\/div>\n<p style=\"text-align: justify;\">Er ist &#8222;das Schweizer Taschenmesser der Minderheiten&#8220;, sagt er, denn er ist Rollstuhlfahrer, T\u00fcrke und Comedian in einer Person. Sein Credo: Humor ist die beste Art, Barrieren zu \u00fcberwinden. Schon fr\u00fch erfuhr Tan Caglar von seiner fortschreitenden R\u00fcckenmarkserkrankung und dass er irgendwann auf den Rollstuhl angewiesen sein w\u00fcrde. Seine Kindheit in Hildesheim verlief zun\u00e4chst ganz normal. Er war begeisterter Basketballspieler. Doch mit 20 Jahren wurden die Beine immer schw\u00e4cher, er behalf sich zun\u00e4chst mit Kr\u00fccken, bis er schlie\u00dflich nicht mehr auf den Rollstuhl verzichten konnte. Er rutschte f\u00fcr zwei Jahre in eine tiefe Depression. Doch dann entdeckte er den Rollstuhlbasketball f\u00fcr sich. Sport und sein feiner Sinn f\u00fcr Humor holten ihn aus dem Tief, er wurde zum &#8222;Ronaldo des Rollstuhlbasketballs&#8220;. Ab Februar geht er mit seinem brandneuen Comedy-Programm &#8222;Geht nicht? Gibt`s nicht!&#8220; auf Tournee.<\/p>\n<p>&nbsp;<\/p>\n<p>&nbsp;<\/p>\n<p>&nbsp;<\/p>\n<p>&nbsp;<\/p>\n<h3 style=\"text-align: justify;\">Verena Kantrowitsch, Psychologin und Flugangstexpertin<\/h3>\n<div class=\"contentimage w50\" style=\"text-align: justify;\"><\/div>\n<p style=\"text-align: justify;\">Was tun, wenn man ins Flugzeug muss, das aber eigentlich gar nicht will? Etwa 15 Prozent aller Deutschen leiden unter Aviophobie, besser bekannt als Flugangst. Weitere 20 Prozent f\u00fchlen sich an Bord nicht sonderlich wohl. Die Psychologin Verena Kantrowitsch wei\u00df, woher die Angst vorm Fliegen r\u00fchrt, wof\u00fcr sie steht und wie man sie \u00fcberwinden kann. Bei Menschen mit Flugangst l\u00f6st schon der Gedanke, in ein Flugzeug steigen zu m\u00fcssen, Angstzust\u00e4nde aus. Betroffene leiden mindestens unter schwei\u00dfnassen H\u00e4nden, oftmals aber sogar unter Atemnot und Herzrasen. Manchmal tritt bei Passagieren sogar eine Panik auf, die den ganzen K\u00f6rper zu l\u00e4hmen scheint. Fl\u00fcge kann man vermeiden, aber wer aus beruflichen Gr\u00fcnden gelegentlich in die Luft muss, dem kann geholfen werden, mit der Angst umzugehen. Wie das genau geht und warum die Erfolgsquote bei der Behandlung von Aviophobie hoch ist, erkl\u00e4rt Verena Kantrowitsch in der NDR Talk Show.<\/p>\n","protected":false},"excerpt":{"rendered":"<p>NDR fernsehen + hr fernsehen, 22:00 Uhr &#8211; 00:00 Uhr! Moderation:\u00a0Barbara Sch\u00f6neberger und Hubertus Meyer-Burckhardt!<\/p>\n","protected":false},"author":2,"featured_media":136207,"comment_status":"open","ping_status":"closed","sticky":false,"template":"","format":"standard","meta":{"_FSMCFIC_featured_image_caption":"","_FSMCFIC_featured_image_nocaption":"","_FSMCFIC_featured_image_hide":""},"categories":[3,128],"tags":[254],"acf":[],"_links":{"self":[{"href":"https:\/\/smago.de\/ws2\/wp-json\/wp\/v2\/posts\/141611"}],"collection":[{"href":"https:\/\/smago.de\/ws2\/wp-json\/wp\/v2\/posts"}],"about":[{"href":"https:\/\/smago.de\/ws2\/wp-json\/wp\/v2\/types\/post"}],"author":[{"embeddable":true,"href":"https:\/\/smago.de\/ws2\/wp-json\/wp\/v2\/users\/2"}],"replies":[{"embeddable":true,"href":"https:\/\/smago.de\/ws2\/wp-json\/wp\/v2\/comments?post=141611"}],"version-history":[{"count":4,"href":"https:\/\/smago.de\/ws2\/wp-json\/wp\/v2\/posts\/141611\/revisions"}],"predecessor-version":[{"id":141622,"href":"https:\/\/smago.de\/ws2\/wp-json\/wp\/v2\/posts\/141611\/revisions\/141622"}],"wp:featuredmedia":[{"embeddable":true,"href":"https:\/\/smago.de\/ws2\/wp-json\/wp\/v2\/media\/136207"}],"wp:attachment":[{"href":"https:\/\/smago.de\/ws2\/wp-json\/wp\/v2\/media?parent=141611"}],"wp:term":[{"taxonomy":"category","embeddable":true,"href":"https:\/\/smago.de\/ws2\/wp-json\/wp\/v2\/categories?post=141611"},{"taxonomy":"post_tag","embeddable":true,"href":"https:\/\/smago.de\/ws2\/wp-json\/wp\/v2\/tags?post=141611"}],"curies":[{"name":"wp","href":"https:\/\/api.w.org\/{rel}","templated":true}]}}