{"id":141377,"date":"2020-01-31T00:00:36","date_gmt":"2020-01-30T23:00:36","guid":{"rendered":"https:\/\/online.smago.de\/ws2\/?p=141377"},"modified":"2020-01-29T15:28:15","modified_gmt":"2020-01-29T14:28:15","slug":"marianne-michael-u-a-heute-31-01-2020-in-der-ndr-talk-show-zu-gast","status":"publish","type":"post","link":"https:\/\/smago.de\/ws2\/volksmusik\/marianne-michael-u-a-heute-31-01-2020-in-der-ndr-talk-show-zu-gast\/","title":{"rendered":"MARIANNE &#038; MICHAEL u.a. <br>Heute (31.01.2020) in der &#8222;NDR Talk Show&#8220; zu Gast!"},"content":{"rendered":"<p style=\"text-align: justify;\">NDR fernsehen + hr fernsehen, 22:00 Uhr &#8211; 00:00 Uhr! Moderation: Bettina Tietjen und J\u00f6rg Pilawa!<br \/>\n<!--more--><\/p>\n<p>&nbsp;<\/p>\n<p>&nbsp;<\/p>\n<p>&nbsp;<\/p>\n<p>Bettina Tietjen und J\u00f6rg Pilawa begr\u00fc\u00dfen im Studio auf dem Messegel\u00e4nde in Hannover folgende Talkg\u00e4ste &#8230;:<\/p>\n<p>&nbsp;<\/p>\n<p>&nbsp;<\/p>\n<p>&nbsp;<\/p>\n<p>&nbsp;<\/p>\n<h3 style=\"text-align: justify;\">Hans Sigl, Schauspieler<\/h3>\n<div class=\"contentimage w50\" style=\"text-align: justify;\"><\/div>\n<p style=\"text-align: justify;\">Zu seinem 50. Geburtstag im Juli 2019 w\u00fcnschte sich der Schauspieler Hans Sigl &#8222;ein weiterhin gl\u00fcckliches Leben, Gesundheit und Liebe&#8220;. Es gab kein gro\u00dfes Fest, keine materiellen W\u00fcnsche und nicht den Gedanken an &#8222;fr\u00fcher war alles besser.&#8220; Bei dem \u00d6sterreicher, der seit \u00fcber 25 Jahren im Fernsehgesch\u00e4ft ist, l\u00e4uft es eben! Seit 2008 ist er gl\u00fccklich in zweiter Ehe verheiratet, Patchworkfamilie inklusive. Genauso lange verk\u00f6rpert er im ZDF die Rolle des &#8222;Bergdoktors&#8220;, quotenstark und \u00e4u\u00dferst beliebt. Schon dreimal konnte er daf\u00fcr die Auszeichnung Romy entgegennehmen, zweimal die Goldene Henne. Wenn gedreht wird, reisen gerne mal 3.500 Fans an, um bei den Dreharbeiten zuzuschauen und &#8222;ihrem&#8220; Hans zuzujubeln. Er ist &#8222;der Rockstar unter den Fernseh\u00e4rzten&#8220;! Anfang Januar ist die neue mittlerweile schon 13. &#8222;Bergdoktor&#8220;-Staffel gestartet. Hans Sigl wei\u00df bei all dem Trubel aber auch, wie man entspannen kann. Schlie\u00dflich hat er selbst schon CDs mit Entspannungsmusik und Atemtechniken aufgenommen. Er ist eben ein Mann, der Sendepausen nutzen kann. Zuletzt, um 20 Kilogramm abzunehmen. Ein toller Start ins Jahr 2020.<\/p>\n<p>&nbsp;<\/p>\n<p>&nbsp;<\/p>\n<p>&nbsp;<\/p>\n<p>&nbsp;<\/p>\n<h3 style=\"text-align: justify;\">Gabriele Rodr\u00edguez, Namensforscherin<\/h3>\n<div class=\"contentimage w50\" style=\"text-align: justify;\"><\/div>\n<p style=\"text-align: justify;\">Vornamen l\u00f6sen Assoziationen aus. Wer damit leben muss, sind ihre Tr\u00e4ger. So klingt der Name Ursula sympathisch, aber wenig attraktiv, Emma gesellig und intelligent. Frank h\u00f6rt sich m\u00e4nnlicher als Jens an und Felix sportlicher als Constantin. Welches Image Namen entwickeln und wie sich gesellschaftliche Entwicklungen in Namen widerspiegeln, wird von Gabriele Rodr\u00edguez am Namenkundlichen Zentrum der Universit\u00e4t Leipzig erforscht. Sie ber\u00e4t Eltern bei Fragen zur Namenswahl und erstellt Gutachten f\u00fcr Gerichte, welche Namen sie erlauben d\u00fcrfen und welche besser nicht. &#8222;Namen machen Leute&#8220;, wei\u00df die Wissenschaftlerin. Das geht sogar so weit, dass Lehrer Kevin und Justin nicht nur weniger zutrauen als Alexander oder Maximilian, sie benoten sie mitunter auch schlechter. Und das bei gleicher Leistung. Aber woran liegt es, dass Menschen anhand ihres Namens beurteilt werden? Woher kommen die Str\u00f6me und Trends? Und mit welchen Namen machen Eltern auf keinen Fall etwas falsch? Namensforscherin Gabriele Rodr\u00edguez wird in der NDR Talk Show Herkunft und Entwicklung von Namen erkl\u00e4ren und Tipps f\u00fcr Individualisten geben, die ihre eigenen Namen kreieren wollen.<\/p>\n<p>&nbsp;<\/p>\n<p>&nbsp;<\/p>\n<p>&nbsp;<\/p>\n<p>&nbsp;<\/p>\n<h3 style=\"text-align: justify;\">Stefanie Stappenbeck, Schauspielerin<\/h3>\n<div class=\"contentimage w50\" style=\"text-align: justify;\"><\/div>\n<p style=\"text-align: justify;\">Schon mit elf Jahren stand Stefanie Stappenbeck vor einer DEFA-Kamera und spielte sp\u00e4ter die Rolle der Monika Mann in Heinrich Breloers Literatenportr\u00e4t. Doch die 45-j\u00e4hrige Schauspielerin kann auch Krimi-Kommissarin, lustige Arzt-Serien und ist anscheinend die ideale Besetzung als Partnerin von Til Schweiger: Nachdem sie bereits 2016 im &#8222;Tatort&#8220; seine Exfrau spielte, war sie in der Erfolgskom\u00f6die &#8222;Klassentreffen 1.0.&#8220; seine Freundin und im neuen Kinofilm &#8222;Die Hochzeit&#8220; wird sie sogar zu seiner gl\u00fccklichen Gattin. Warum Til Schweiger und sie ein Traumteam sind und wie ihre eigene Hochzeit verlief, das erz\u00e4hlt Stefanie Stappenbeck in der NDR Talk Show.<\/p>\n<p>&nbsp;<\/p>\n<p>&nbsp;<\/p>\n<p>&nbsp;<\/p>\n<p>&nbsp;<\/p>\n<h3 style=\"text-align: justify;\">Axel Stein, Schauspieler<\/h3>\n<div class=\"contentimage w50\" style=\"text-align: justify;\">\n<div class=\"image-container landscape\"><\/div>\n<\/div>\n<p style=\"text-align: justify;\">Genau 20 Jahre ist es her, dass dieser Mann seinen Durchbruch erlebt: Durch die Rolle des Sohnes Tommie in &#8222;Hausmeister Krause&#8220; wird Axel Stein zur Kultfigur &#8211; zun\u00e4chst noch mit Pudelm\u00fctze und Babyspeck und au\u00dferdem mehrfach ausgezeichnet mit dem Deutschen Comedypreis. 11 Jahre bleibt er dem &#8222;Hausmeister&#8220; treu, bis er sich schlie\u00dflich ernsteren, komplexeren Rollen zuwendet. Ein schwieriger Bruch. &#8222;Wenn man weiterhin in der Pudelm\u00fctzenschublade steckt, obwohl die Bandbreite l\u00e4ngst erweitert ist, wird halt deutlich, dass man`s nie allen recht machen kann.&#8220; Der 37-J\u00e4hrige hat dennoch seine Mitte gefunden &#8211; und eine echte Verwandlung durchlebt. Innerhalb von f\u00fcnf Jahren nimmt er 45 Kilo ab. Angst vor dem &#8222;Jojo-Effekt&#8220; hat er \u00fcbrigens \u00fcberhaupt nicht. &#8222;Ich w\u00fcrde f\u00fcr eine Rolle auch wieder ein paar Kilo zunehmen&#8220;, sagt der Wuppertaler. Jetzt kehrt der Schauspieler zur\u00fcck zu seinen Hausmeister-Wurzeln, nur, dass er dieses Mal selbst einen solchen spielt! Am 23. Januar 2020 startet &#8222;DIE WOLF-G\u00c4NG&#8220; im Kino, neben Axel Stein geh\u00f6ren auch Christian Berkel, Rick Kavanian und Sonja Gerhardt dazu. Im Mittelpunkt steht ein Teenager-Trio: Ein Vampir, der kein Blut sehen kann, eine Fee mit Flugangst und ein Werwolf mit Tierhaar-Allergie. Ob Axel Stein als Teenager \u00e4hnliche Probleme hatte, wie es derzeit um seine gro\u00dfe Liebe Motorsport steht und wie viel Zeit er \u00fcberhaupt f\u00fcr seinen eigenen YouTube-Kanal hat, erz\u00e4hlt er in unserer Sendung.<\/p>\n<p>&nbsp;<\/p>\n<p>&nbsp;<\/p>\n<p>&nbsp;<\/p>\n<p>&nbsp;<\/p>\n<h3 style=\"text-align: justify;\">Marcel Reif, Sportjournalist<\/h3>\n<div class=\"contentimage w50\" style=\"text-align: justify;\"><\/div>\n<p style=\"text-align: justify;\">Kaum jemand vor ihm hat den Begriff Fu\u00dfballkommentator mehr verk\u00f6rpert und gelebt als Marcel Reif. Seine gewaltige sprachliche Bandbreite, seine Eleganz und seine Wortspiele haben den Fu\u00dfball im Fernsehen belebt. S\u00fcffisant, ironisch, arrogant, aber immer mit viel Sachverstand. 2016 h\u00e4ngt er sein Mikrofon an den Nagel und beendet seine Karriere als Kommentator mit dem Champions-League-Finale im selben Jahr. Nun hat der bekennende Gourmet einen kulinarischen Reisef\u00fchrer mit dem Titel &#8222;Ausw\u00e4rtsspiel&#8220; geschrieben. Er f\u00fchrt hier durch seine Lieblingslokale in den Spielst\u00e4dten der Champions- und Europa-League. Schon im letzten Jahr konnte er in der NDR-Kochshow &#8222;Tellertausch&#8220; als Gourmet punkten. In der NDR Talk Show am 31. Januar wird er seine ganz pers\u00f6nlichen Reise-Tipps verraten.<\/p>\n<p>&nbsp;<\/p>\n<p>&nbsp;<\/p>\n<p>&nbsp;<\/p>\n<p>&nbsp;<\/p>\n<h3 style=\"text-align: justify;\">Marc Zwinz und Sven Fricke, Schauspieler<\/h3>\n<div class=\"contentimage w50\" style=\"text-align: justify;\"><\/div>\n<p style=\"text-align: justify;\">Das Polizeikommissariat 14 ist ihre gemeinsame Heimat in der ARD-Serie &#8222;Gro\u00dfstadtrevier&#8220;. Die Schauspieler Marc Zwinz und Sven Fricke spielen hier das Dreamteam Hannes Krabbe und Daniel Schirmer. Schirmer ist der etwas kleinkarierte gewissenhafte Arbeiter, aber auch sowas, wie das Hirn des Reviers. Er ist schlau, belesen und verzweifelt immer mal an dem Unverm\u00f6gen der Menschheit. Krabbe ist dagegen die gute Seele der Kompanie. Als Wachhabender des Reviers ist er nicht nur das Sendezentrum f\u00fcr ein- und ausgehende Eins\u00e4tze, sondern auch f\u00fcr zwischenmenschliche Spannungen im Team. Marc Zwinz ist seit 2009 im Team und Sven Fricke kam 2012 hinzu. Die 33. Staffel des Gro\u00dfstadtreviers startet am 27. Januar 2020 in der ARD. Auch au\u00dferhalb der Vorabendserie arbeiten die beiden Schauspieler zusammen. Gemeinsam betreiben sie unter dem Titel &#8222;Echte Geschichten von falschen Leuten&#8220; einen Podcast. In der NDR Talk Show werden sie aus ihrem echten Leben als Schauspieler erz\u00e4hlen.<\/p>\n<p>&nbsp;<\/p>\n<p>&nbsp;<\/p>\n<p>&nbsp;<\/p>\n<p>&nbsp;<\/p>\n<h3 style=\"text-align: justify;\">Marianne &amp; Michael, Volksmusikduo<\/h3>\n<div class=\"contentimage w50\" style=\"text-align: justify;\"><\/div>\n<p style=\"text-align: justify;\">Sie sind nicht nur eine Institution in der Volksmusik, sondern auch eines der beliebtesten Promi-Paare Deutschlands: Marianne und Michael geh\u00f6ren seit \u00fcber drei Jahrzehnten zu den ganz Gro\u00dfen der deutschen Unterhaltungsbranche: Millionen verkaufte Tontr\u00e4ger sprechen eine deutliche Sprache. Sie gelten als der personifizierte Traum vom alpenl\u00e4ndischen Gl\u00fcck und sind seit vier Jahrzehnten als Interpreten, Moderatoren, Komponisten, Musikverleger, Produzenten oder Textautoren erfolgreich. Die M\u00fcnchnerin und der Steirer machen alles gemeinsam, von fr\u00fch bis sp\u00e4t. Ihr Geheimrezept: &#8222;Auf das Gef\u00fchl kommt es an. Auch wenn es mal zwischen uns kracht &#8211; schon ein sanfter H\u00e4ndedruck oder ein inniger Blick reichen, dann wissen wir wieder, dass es passt&#8220;. Vor drei Jahren wagten sie endlich den Schritt zur kirchlichen Trauung &#8211; obwohl sie schon seit 1979 standesamtlich verheiratet sind. Das letzte Jahr hielt also einige Feste bereit &#8211; der 40. Hochzeitstag und der 70. Geburtstag von Michael. Wir sprechen mit ihnen \u00fcber die Chancen, sie bald wieder auf einer gro\u00dfen Showb\u00fchne zu sehen, \u00fcber ihr Leben als Gro\u00dfeltern und \u00fcber ihr Herzensprojekt: &#8222;Frohes Herz&#8220; ist ein Verein, mit dem sie ein Modell f\u00fcr Inklusionssport aufbauen.<\/p>\n","protected":false},"excerpt":{"rendered":"<p>NDR fernsehen + hr fernsehen, 22:00 Uhr &#8211; 00:00 Uhr! Moderation: Bettina Tietjen und J\u00f6rg Pilawa!<\/p>\n","protected":false},"author":2,"featured_media":141378,"comment_status":"open","ping_status":"closed","sticky":false,"template":"","format":"standard","meta":{"_FSMCFIC_featured_image_caption":"","_FSMCFIC_featured_image_nocaption":"","_FSMCFIC_featured_image_hide":""},"categories":[128,30],"tags":[254],"acf":[],"_links":{"self":[{"href":"https:\/\/smago.de\/ws2\/wp-json\/wp\/v2\/posts\/141377"}],"collection":[{"href":"https:\/\/smago.de\/ws2\/wp-json\/wp\/v2\/posts"}],"about":[{"href":"https:\/\/smago.de\/ws2\/wp-json\/wp\/v2\/types\/post"}],"author":[{"embeddable":true,"href":"https:\/\/smago.de\/ws2\/wp-json\/wp\/v2\/users\/2"}],"replies":[{"embeddable":true,"href":"https:\/\/smago.de\/ws2\/wp-json\/wp\/v2\/comments?post=141377"}],"version-history":[{"count":2,"href":"https:\/\/smago.de\/ws2\/wp-json\/wp\/v2\/posts\/141377\/revisions"}],"predecessor-version":[{"id":141380,"href":"https:\/\/smago.de\/ws2\/wp-json\/wp\/v2\/posts\/141377\/revisions\/141380"}],"wp:featuredmedia":[{"embeddable":true,"href":"https:\/\/smago.de\/ws2\/wp-json\/wp\/v2\/media\/141378"}],"wp:attachment":[{"href":"https:\/\/smago.de\/ws2\/wp-json\/wp\/v2\/media?parent=141377"}],"wp:term":[{"taxonomy":"category","embeddable":true,"href":"https:\/\/smago.de\/ws2\/wp-json\/wp\/v2\/categories?post=141377"},{"taxonomy":"post_tag","embeddable":true,"href":"https:\/\/smago.de\/ws2\/wp-json\/wp\/v2\/tags?post=141377"}],"curies":[{"name":"wp","href":"https:\/\/api.w.org\/{rel}","templated":true}]}}