{"id":141295,"date":"2020-01-27T23:59:42","date_gmt":"2020-01-27T22:59:42","guid":{"rendered":"https:\/\/online.smago.de\/ws2\/?p=141295"},"modified":"2020-01-27T23:14:57","modified_gmt":"2020-01-27T22:14:57","slug":"jan-kunath-danke-jan-kunath","status":"publish","type":"post","link":"https:\/\/smago.de\/ws2\/schlager\/jan-kunath-danke-jan-kunath\/","title":{"rendered":"JAN KUNATH <br>Danke, Jan Kunath !!!"},"content":{"rendered":"<p>Jan Kunath wurde f\u00fcr die tolle Moderation der Veranstaltung &#8222;<em>smago!<\/em> Award feiert &amp; ehrt &#8217;50 Jahre ZDF-Hitparade'&#8220; mit einem <em>smago!<\/em> Award belohnt!<br \/>\n<!--more--><\/p>\n<p>&nbsp;<\/p>\n<p>&nbsp;<\/p>\n<p style=\"text-align: justify;\">Es war &#8211; wie immer &#8211; ein harter Ritt. Aber JAN KUNATH blieb stets sicher im Sattel.<\/p>\n<p style=\"text-align: justify;\">Jan Kunath f\u00fchrte am 12.01.2020 im Mercure Hotel MOA Berlin souver\u00e4n durch die rund 200-min\u00fctige Preisverleihung &#8222;<em>smago!<\/em> Award feiert &amp; ehrt &#8217;50 Jahre ZDF-Hitparade'&#8220;.<\/p>\n<p style=\"text-align: justify;\">Der sympathische Th\u00fcringer empfiehlt sich als Moderator f\u00fcr TV, Messe, Gala, TV-Warm up, Event- und Podiumsdiskussionen.<\/p>\n<p style=\"text-align: justify;\">Die n\u00e4chsten Tage ist er beispielsweise f\u00fcr sonnenklar.TV, die &#8222;Lachende K\u00f6lnarena&#8220; sowie das &#8222;Deutsche Musik Fernsehen&#8220; im Einsatz.<\/p>\n<p>&nbsp;<\/p>\n<p>&nbsp;<\/p>\n<p><strong><a href=\"https:\/\/jankunath.com\/\">ZUR HOMEPAGE VON JAN KUNATH &#8230;:<\/a><br \/>\n<\/strong><\/p>\n<p>&nbsp;<\/p>\n<p>&nbsp;<\/p>\n<figure id=\"attachment_141296\" aria-describedby=\"caption-attachment-141296\" style=\"width: 783px\" class=\"wp-caption alignnone\"><img decoding=\"async\" loading=\"lazy\" class=\"size-nerubian-single wp-image-141296\" src=\"https:\/\/online.smago.de\/ws2\/wp-content\/uploads\/2020\/01\/kunath_jan-783x522.jpg\" alt=\"\" width=\"783\" height=\"522\" \/><figcaption id=\"caption-attachment-141296\" class=\"wp-caption-text\"><em>Foto-Credit: Henning Schulz (<strong><a href=\"http:\/\/www.henning-schulz.de\">http:\/\/www.henning-schulz.de<\/a><\/strong>) exklusiv f\u00fcr SMAGO.de \/ TichlerMedia UG<\/em><\/figcaption><\/figure>\n","protected":false},"excerpt":{"rendered":"<p>Jan Kunath wurde f\u00fcr die tolle Moderation der Veranstaltung &#8222;smago! Award feiert &amp; ehrt &#8217;50 Jahre ZDF-Hitparade&#8217;&#8220; mit einem smago!<\/p>\n","protected":false},"author":2,"featured_media":141296,"comment_status":"open","ping_status":"closed","sticky":false,"template":"","format":"standard","meta":{"_FSMCFIC_featured_image_caption":"","_FSMCFIC_featured_image_nocaption":"","_FSMCFIC_featured_image_hide":""},"categories":[29],"tags":[366],"acf":[],"_links":{"self":[{"href":"https:\/\/smago.de\/ws2\/wp-json\/wp\/v2\/posts\/141295"}],"collection":[{"href":"https:\/\/smago.de\/ws2\/wp-json\/wp\/v2\/posts"}],"about":[{"href":"https:\/\/smago.de\/ws2\/wp-json\/wp\/v2\/types\/post"}],"author":[{"embeddable":true,"href":"https:\/\/smago.de\/ws2\/wp-json\/wp\/v2\/users\/2"}],"replies":[{"embeddable":true,"href":"https:\/\/smago.de\/ws2\/wp-json\/wp\/v2\/comments?post=141295"}],"version-history":[{"count":3,"href":"https:\/\/smago.de\/ws2\/wp-json\/wp\/v2\/posts\/141295\/revisions"}],"predecessor-version":[{"id":141299,"href":"https:\/\/smago.de\/ws2\/wp-json\/wp\/v2\/posts\/141295\/revisions\/141299"}],"wp:featuredmedia":[{"embeddable":true,"href":"https:\/\/smago.de\/ws2\/wp-json\/wp\/v2\/media\/141296"}],"wp:attachment":[{"href":"https:\/\/smago.de\/ws2\/wp-json\/wp\/v2\/media?parent=141295"}],"wp:term":[{"taxonomy":"category","embeddable":true,"href":"https:\/\/smago.de\/ws2\/wp-json\/wp\/v2\/categories?post=141295"},{"taxonomy":"post_tag","embeddable":true,"href":"https:\/\/smago.de\/ws2\/wp-json\/wp\/v2\/tags?post=141295"}],"curies":[{"name":"wp","href":"https:\/\/api.w.org\/{rel}","templated":true}]}}